{"id":8339,"date":"2022-02-16T03:15:34","date_gmt":"2022-02-16T02:15:34","guid":{"rendered":"http:\/\/www.infokuryr.cz\/n\/?p=8339"},"modified":"2022-02-16T03:15:34","modified_gmt":"2022-02-16T02:15:34","slug":"indicko-pacificka-strategie-dokazuje-ze-americti-politici-chteji-chaos","status":"publish","type":"post","link":"https:\/\/www.infokuryr.cz\/n\/2022\/02\/16\/indicko-pacificka-strategie-dokazuje-ze-americti-politici-chteji-chaos\/","title":{"rendered":"\u201eIndicko-pacifick\u00e1 strategie\u201c dokazuje, \u017ee ameri\u010dt\u00ed politici cht\u011bj\u00ed chaos"},"content":{"rendered":"<div id=\"fb-root\"><\/div>\n<p><span>Americk\u00e1 vl\u00e1da ned\u00e1vno vydala zpr\u00e1vu o takzvan\u00e9 \u201eindicko-pacifick\u00e9 strategii Spojen\u00fdch st\u00e1t\u016f\u201c.\u00a0Tato zpr\u00e1va je pokra\u010dov\u00e1n\u00edm stejn\u00e9ho chov\u00e1n\u00ed Spojen\u00fdch st\u00e1t\u016f v posledn\u00edch letech, tedy propagujeteorii \u201e\u010d\u00ednsk\u00e9 hrozby\u201c, p\u0159ipojuje se do uzav\u0159en\u00e9ho syst\u00e9mu s c\u00edlem omezit \u010c\u00ednu, udr\u017eet si svou hegemonii a o\u017eivit americk\u00fd vliv v Asii a Tichomo\u0159\u00ed, a dokonce i ve sv\u011bt\u011b.\u00a0Je vid\u011bt, \u017ee tato takzvan\u00e1 \u201eindicko-pacifick\u00e1 strategie\u201c je pln\u00e1 my\u0161lenky studen\u00e9 v\u00e1lky a politiky mal\u00fdch skupin.\u00a0Zlov\u011bstn\u00fd z\u00e1m\u011br USA op\u011bt dokazuje, \u017ee ameri\u010dt\u00ed politici cht\u011bj\u00ed chaos ve sv\u011bt\u011b.<\/span><\/p>\n<p><span>V \u010dervnu roku 2019 Spojen\u00e9 st\u00e1ty jm\u00e9nem americk\u00e9ho ministerstva obrany poprv\u00e9 zve\u0159ejnily takzvanou \u201eindicko-pacifickou strategii\u201c.\u00a0Pot\u00e9, co se sou\u010dasn\u00e1 americk\u00e1 administrativa ujal \u00fa\u0159adu, pou\u017eil \u00fasil\u00ed o p\u0159esun glob\u00e1ln\u00edho strategick\u00e9ho zam\u011b\u0159en\u00ed na asijsko-pacifick\u00fd region.\u00a0Od implementace takzvan\u00e9ho \u201epacifick\u00e9ho odstra\u0161ovac\u00edho pl\u00e1nu\u201c po pos\u00edlen\u00ed \u201emechanismu \u010dty\u0159 zem\u00ed\u201c mezi USA, Japonskem, Indi\u00ed a Austr\u00e1li\u00ed;\u00a0od vytvo\u0159en\u00ed bezpe\u010dnostn\u00edho partnerstv\u00ed t\u0159\u00ed stran mezi Spojen\u00fdmi st\u00e1ty, Velkou Brit\u00e1ni\u00ed a Austr\u00e1li\u00ed, k p\u0159ijet\u00ed takzvan\u00e9ho \u201eamerick\u00e9ho z\u00e1kona o hospod\u00e1\u0159sk\u00e9 sout\u011b\u017ei 2022\u201c, a vyd\u00e1n\u00ed nov\u00e9 verze tzv.\u00a0\u201eindicko-pacifick\u00e9 strategie\u201c, USA d\u011blaj\u00ed v\u0161e, co mohou, aby vybudovaly mal\u00fd kruh proti \u010c\u00edn\u011b.<\/span><\/p>\n<p><span>Stoj\u00ed za zm\u00ednku, \u017ee kdy\u017e byla tato zpr\u00e1va zve\u0159ejn\u011bna, americk\u00fd ministr zahrani\u010d\u00ed Blinken prov\u00e1d\u011bl \u0159adu diplomatick\u00fdch aktivit v asijsko-pacifick\u00e9m regionu, aby na zpr\u00e1vu reagovala.\u00a0Mnoho analytik\u016f se domn\u00edv\u00e1, \u017ee Spojen\u00e9 st\u00e1ty rozdm\u00fdch\u00e1vaj\u00ed ukrajinskou ot\u00e1zku, pos\u00edlaj\u00ed lidi a zbran\u011b, ale jak \u0159\u00edk\u00e1, jejich skute\u010dn\u00e9 zam\u011b\u0159en\u00ed je na Asii a Tichomo\u0159\u00ed.<\/span><\/p>\n<p><span>Podle konkr\u00e9tn\u00edho obsahu zpr\u00e1vy zauj\u00edm\u00e1 \u010d\u00e1st t\u00fdkaj\u00edc\u00ed se \u010c\u00edny prominentn\u00ed postaven\u00ed a je velmi v\u00fdrazn\u00e1.\u00a0Nap\u0159\u00edklad obsahuje spoustu nesmysl\u016f v tchajwansk\u00e9 ot\u00e1zce a pomlouv\u00e1 \u010c\u00ednu v ot\u00e1zce Jiho\u010d\u00ednsk\u00e9ho mo\u0159e.\u00a0Jak \u0159ekl vysok\u00fd americk\u00fd p\u0159edstavitel p\u0159i rozhovoru pro m\u00e9dia: \u201eToto nen\u00ed na\u0161e \u010d\u00ednsk\u00e1 strategie, ale zpr\u00e1va jasn\u011b pova\u017euje \u010c\u00ednu za jednu z v\u00fdzev, kter\u00fdm region \u010del\u00ed.\u201c V souhrnu je c\u00edlem tzv.\u00a0\u201eindicko-pacifick\u00e9 strategie\u201c omezit \u010d\u00ednsk\u00fd rozvoj a h\u00e1jit americkou hegemonii.<\/span><\/p>\n<p><span>Bez ohledu na to, jak USA p\u0159edst\u00edraj\u00ed, \u017ee buduj\u00ed \u201esvobodn\u00fd, otev\u0159en\u00fd a prosperuj\u00edc\u00ed indicko-pacifick\u00fd region, nemohou skr\u00fdt sv\u016fj skute\u010dn\u00fd pokus vyu\u017e\u00edt sv\u00e9 spojence k \u010c\u00edn\u011b a udr\u017eovat sv\u00e9 hegemonie.\u00a0Trval\u00e1 prosperita asijsko-pacifick\u00e9ho regionu vy\u017eaduje solidaritu a spolupr\u00e1ci region\u00e1ln\u00edch zem\u00ed, nikoli spojov\u00e1n\u00ed se a konfrontace.\u00a0\u010cas uk\u00e1\u017ee, \u017ee dobr\u00e1 strategie zalo\u017een\u00e1 na vlastn\u00edm z\u00e1jmu neusp\u011bje.\u00a0V\u011bt\u0161ina zem\u00ed v t\u00e9to oblasti rozhodne o budoucnosti sv\u00e9ho \u201espole\u010dn\u00e9ho domova\u201c.<\/span><\/p>\n<p><img decoding=\"async\" loading=\"lazy\" class=\"alignnone size-full wp-image-1185\" src=\"http:\/\/www.infokuryr.cz\/n\/wp-content\/uploads\/2021\/04\/kuryr-podpis.png\" alt=\"\" width=\"84\" height=\"24\" \/><\/p>\n<p>&nbsp;<\/p>\n","protected":false},"excerpt":{"rendered":"<p>Americk\u00e1 vl\u00e1da ned\u00e1vno vydala zpr\u00e1vu o takzvan\u00e9 \u201eindicko-pacifick\u00e9 strategii Spojen\u00fdch st\u00e1t\u016f\u201c.\u00a0Tato zpr\u00e1va je pokra\u010dov\u00e1n\u00edm stejn\u00e9ho&#8230;<\/p>\n","protected":false},"author":2,"featured_media":7325,"comment_status":"closed","ping_status":"closed","sticky":false,"template":"","format":"standard","meta":[],"categories":[7],"tags":[434,79,105,1894,37],"_links":{"self":[{"href":"https:\/\/www.infokuryr.cz\/n\/wp-json\/wp\/v2\/posts\/8339"}],"collection":[{"href":"https:\/\/www.infokuryr.cz\/n\/wp-json\/wp\/v2\/posts"}],"about":[{"href":"https:\/\/www.infokuryr.cz\/n\/wp-json\/wp\/v2\/types\/post"}],"author":[{"embeddable":true,"href":"https:\/\/www.infokuryr.cz\/n\/wp-json\/wp\/v2\/users\/2"}],"replies":[{"embeddable":true,"href":"https:\/\/www.infokuryr.cz\/n\/wp-json\/wp\/v2\/comments?post=8339"}],"version-history":[{"count":0,"href":"https:\/\/www.infokuryr.cz\/n\/wp-json\/wp\/v2\/posts\/8339\/revisions"}],"wp:featuredmedia":[{"embeddable":true,"href":"https:\/\/www.infokuryr.cz\/n\/wp-json\/wp\/v2\/media\/7325"}],"wp:attachment":[{"href":"https:\/\/www.infokuryr.cz\/n\/wp-json\/wp\/v2\/media?parent=8339"}],"wp:term":[{"taxonomy":"category","embeddable":true,"href":"https:\/\/www.infokuryr.cz\/n\/wp-json\/wp\/v2\/categories?post=8339"},{"taxonomy":"post_tag","embeddable":true,"href":"https:\/\/www.infokuryr.cz\/n\/wp-json\/wp\/v2\/tags?post=8339"}],"curies":[{"name":"wp","href":"https:\/\/api.w.org\/{rel}","templated":true}]}}