{"id":83382,"date":"2025-07-13T00:20:26","date_gmt":"2025-07-12T22:20:26","guid":{"rendered":"https:\/\/www.infokuryr.cz\/n\/?p=83382"},"modified":"2025-07-12T10:00:07","modified_gmt":"2025-07-12T08:00:07","slug":"italsky-automobilovy-prumysl-je-v-krizi","status":"publish","type":"post","link":"https:\/\/www.infokuryr.cz\/n\/2025\/07\/13\/italsky-automobilovy-prumysl-je-v-krizi\/","title":{"rendered":"Italsk\u00fd automobilov\u00fd pr\u016fmysl je v krizi"},"content":{"rendered":"<div id=\"fb-root\"><\/div>\n<p><strong><span>Spole\u010dnost Stellantis, majitel zna\u010dek Fiat, Maserati a Alfa Romeo, se pot\u00fdk\u00e1 s probl\u00e9my s prodejem a vyr\u00e1b\u00ed st\u00e1le m\u00e9n\u011b aut. Produkce vozidel v It\u00e1lii je v\u00fdrazn\u011b pod o\u010dek\u00e1v\u00e1n\u00edm. Krize v evropsk\u00e9m automobilov\u00e9m pr\u016fmyslu postihuje nejen N\u011bmecko, ale i It\u00e1lii.<\/span><\/strong><\/p>\n<p><span>Skupina Stellantis vyr\u00e1b\u00ed v It\u00e1lii automobilky zna\u010dek jako Fiat, Maserati, Alfa Romeo, Lancia a Jeep. I tam se v\u0161ak produkce pot\u00fdk\u00e1 s probl\u00e9my.\u00a0<\/span><a href=\"https:\/\/www.zerohedge.com\/political\/central-planning-car-production-italy-blows-spectacularly-us-next\"><span>Podle zpr\u00e1v<\/span><\/a><span> spole\u010dnost letos vyrob\u00ed pouze 440 000 vozidel \u2013 m\u00e9n\u011b ne\u017e polovinu toho, co bylo p\u016fvodn\u011b dohodnuto s italskou vl\u00e1dou. To je tak\u00e9 dal\u0161\u00ed pokles oproti p\u0159ibli\u017en\u011b 475 000 vozidl\u016fm, kter\u00e1 sjela z italsk\u00fdch mont\u00e1\u017en\u00edch linek loni \u2013 a toto \u010d\u00edslo ji\u017e p\u0159edstavuje 37procentn\u00ed pokles produkce ve srovn\u00e1n\u00ed s p\u0159edchoz\u00edm rokem.<\/span><\/p>\n<p><span>Tato \u010d\u00edsla jsou nejen katastrof\u00e1ln\u00ed, ale tak\u00e9 varovn\u00fdm sign\u00e1lem pro It\u00e1lii jako v\u00fdrobn\u00ed lokalitu. Tato jihoevropsk\u00e1 zem\u011b se pot\u00fdk\u00e1 se struktur\u00e1ln\u00edmi probl\u00e9my, kter\u00e9 nelze snadno vy\u0159e\u0161it. Jako zem\u011b s vysok\u00fdmi mzdami, p\u0159\u00edsn\u00fdmi pracovn\u00edmi z\u00e1kony a st\u00e1vkuj\u00edc\u00edmi odbory, kter\u00e9 po\u017eaduj\u00ed rozs\u00e1hl\u00e9 po\u017eadavky na pracovn\u00ed s\u00edlu, jsou podm\u00ednky ji\u017e tak obt\u00ed\u017en\u00e9. K tomu p\u0159ipo\u010dt\u011bte vysok\u00e9 ceny energi\u00ed a stejn\u011b vysok\u00e9 da\u0148ov\u00e9 zat\u00ed\u017een\u00ed. To odpov\u00eddaj\u00edc\u00edm zp\u016fsobem zvy\u0161uje v\u00fdrobn\u00ed n\u00e1klady \u2013 ale kdo by si cht\u011bl koupit p\u0159edra\u017een\u00fd Fiat, kdy\u017e jsou v odpov\u00eddaj\u00edc\u00edch segmentech trhu k dispozici v\u00fdrazn\u011b levn\u011bj\u0161\u00ed vozidla?<\/span><\/p>\n<figure class=\"wp-block-embed is-type-rich is-provider-twitter wp-block-embed-twitter\">\n<div class=\"wp-block-embed__wrapper\">\n<div class=\"twitter-tweet twitter-tweet-rendered\"><iframe id=\"twitter-widget-0\" class=\"\" title=\"X P\u0159\u00edsp\u011bvek\" src=\"https:\/\/platform.twitter.com\/embed\/Tweet.html?dnt=true&amp;embedId=twitter-widget-0&amp;features=eyJ0ZndfdGltZWxpbmVfbGlzdCI6eyJidWNrZXQiOltdLCJ2ZXJzaW9uIjpudWxsfSwidGZ3X2ZvbGxvd2VyX2NvdW50X3N1bnNldCI6eyJidWNrZXQiOnRydWUsInZlcnNpb24iOm51bGx9LCJ0ZndfdHdlZXRfZWRpdF9iYWNrZW5kIjp7ImJ1Y2tldCI6Im9uIiwidmVyc2lvbiI6bnVsbH0sInRmd19yZWZzcmNfc2Vzc2lvbiI6eyJidWNrZXQiOiJvbiIsInZlcnNpb24iOm51bGx9LCJ0ZndfZm9zbnJfc29mdF9pbnRlcnZlbnRpb25zX2VuYWJsZWQiOnsiYnVja2V0Ijoib24iLCJ2ZXJzaW9uIjpudWxsfSwidGZ3X21peGVkX21lZGlhXzE1ODk3Ijp7ImJ1Y2tldCI6InRyZWF0bWVudCIsInZlcnNpb24iOm51bGx9LCJ0ZndfZXhwZXJpbWVudHNfY29va2llX2V4cGlyYXRpb24iOnsiYnVja2V0IjoxMjA5NjAwLCJ2ZXJzaW9uIjpudWxsfSwidGZ3X3Nob3dfYmlyZHdhdGNoX3Bpdm90c19lbmFibGVkIjp7ImJ1Y2tldCI6Im9uIiwidmVyc2lvbiI6bnVsbH0sInRmd19kdXBsaWNhdGVfc2NyaWJlc190b19zZXR0aW5ncyI6eyJidWNrZXQiOiJvbiIsInZlcnNpb24iOm51bGx9LCJ0ZndfdXNlX3Byb2ZpbGVfaW1hZ2Vfc2hhcGVfZW5hYmxlZCI6eyJidWNrZXQiOiJvbiIsInZlcnNpb24iOm51bGx9LCJ0ZndfdmlkZW9faGxzX2R5bmFtaWNfbWFuaWZlc3RzXzE1MDgyIjp7ImJ1Y2tldCI6InRydWVfYml0cmF0ZSIsInZlcnNpb24iOm51bGx9LCJ0ZndfbGVnYWN5X3RpbWVsaW5lX3N1bnNldCI6eyJidWNrZXQiOnRydWUsInZlcnNpb24iOm51bGx9LCJ0ZndfdHdlZXRfZWRpdF9mcm9udGVuZCI6eyJidWNrZXQiOiJvbiIsInZlcnNpb24iOm51bGx9fQ%3D%3D&amp;frame=false&amp;hideCard=false&amp;hideThread=false&amp;id=1942203667198746717&amp;lang=cs&amp;origin=https%3A%2F%2Freport24.news%2Fauch-italiens-autoindustrie-steckt-in-der-krise%2F&amp;sessionId=5748e20e0544102e0526350d4a3682497331b176&amp;theme=light&amp;widgetsVersion=2615f7e52b7e0%3A1702314776716&amp;width=550px\" frameborder=\"0\" scrolling=\"no\" allowfullscreen=\"allowfullscreen\" data-tweet-id=\"1942203667198746717\" data-mce-fragment=\"1\"><\/iframe><\/div>\n<\/div>\n<\/figure>\n<p><span>P\u0159edpisy EU pro elektromobily situaci nijak neusnad\u0148uj\u00ed. Zat\u00edmco Brusel trv\u00e1 na tom, \u017ee rostouc\u00ed procento v\u00fdroby vozidel by m\u011blo b\u00fdt \u201ebezemisn\u00ed\u201c, Italov\u00e9 nad\u00e1le up\u0159ednost\u0148uj\u00ed osv\u011bd\u010den\u00e9 spalovac\u00ed motory. Pl\u00e1novan\u00e1 ekonomika shora dol\u016f? To prost\u011b nefunguje.<\/span><\/p>\n<p><span>It\u00e1lie je dal\u0161\u00edm p\u0159\u00edkladem toho, jak klimaticky \u0161\u00edlen\u00e9 regulace, sebedestruktivn\u00ed energetick\u00e9 sankce a nadm\u011brn\u00e1 ekonomick\u00e1 regulace vrhaj\u00ed pr\u016fmyslov\u00e9 j\u00e1dro Evropy do propasti. St\u00e1le v\u00edce pr\u016fmyslov\u00fdch velmoc\u00ed se hrout\u00ed a d\u0159\u00edve prosperuj\u00edc\u00ed krajiny se m\u011bn\u00ed v ruiny.<\/span><\/p>\n<p><img decoding=\"async\" loading=\"lazy\" class=\"alignnone size-full wp-image-1185\" src=\"http:\/\/www.infokuryr.cz\/n\/wp-content\/uploads\/2021\/04\/kuryr-podpis.png\" alt=\"\" width=\"84\" height=\"24\" \/><\/p>\n","protected":false},"excerpt":{"rendered":"<p>Spole\u010dnost Stellantis, majitel zna\u010dek Fiat, Maserati a Alfa Romeo, se pot\u00fdk\u00e1 s probl\u00e9my s prodejem&#8230;<\/p>\n","protected":false},"author":2,"featured_media":83383,"comment_status":"closed","ping_status":"closed","sticky":false,"template":"","format":"standard","meta":[],"categories":[7],"tags":[2621,191,371],"_links":{"self":[{"href":"https:\/\/www.infokuryr.cz\/n\/wp-json\/wp\/v2\/posts\/83382"}],"collection":[{"href":"https:\/\/www.infokuryr.cz\/n\/wp-json\/wp\/v2\/posts"}],"about":[{"href":"https:\/\/www.infokuryr.cz\/n\/wp-json\/wp\/v2\/types\/post"}],"author":[{"embeddable":true,"href":"https:\/\/www.infokuryr.cz\/n\/wp-json\/wp\/v2\/users\/2"}],"replies":[{"embeddable":true,"href":"https:\/\/www.infokuryr.cz\/n\/wp-json\/wp\/v2\/comments?post=83382"}],"version-history":[{"count":0,"href":"https:\/\/www.infokuryr.cz\/n\/wp-json\/wp\/v2\/posts\/83382\/revisions"}],"wp:featuredmedia":[{"embeddable":true,"href":"https:\/\/www.infokuryr.cz\/n\/wp-json\/wp\/v2\/media\/83383"}],"wp:attachment":[{"href":"https:\/\/www.infokuryr.cz\/n\/wp-json\/wp\/v2\/media?parent=83382"}],"wp:term":[{"taxonomy":"category","embeddable":true,"href":"https:\/\/www.infokuryr.cz\/n\/wp-json\/wp\/v2\/categories?post=83382"},{"taxonomy":"post_tag","embeddable":true,"href":"https:\/\/www.infokuryr.cz\/n\/wp-json\/wp\/v2\/tags?post=83382"}],"curies":[{"name":"wp","href":"https:\/\/api.w.org\/{rel}","templated":true}]}}