{"id":8336,"date":"2022-02-15T19:02:47","date_gmt":"2022-02-15T18:02:47","guid":{"rendered":"http:\/\/www.infokuryr.cz\/n\/?p=8336"},"modified":"2022-02-15T19:02:47","modified_gmt":"2022-02-15T18:02:47","slug":"nedelnik-adama-b-bartose-74-rozvolnuje-se-proto-aby-se-mohlo-jit-na-rusa","status":"publish","type":"post","link":"https:\/\/www.infokuryr.cz\/n\/2022\/02\/15\/nedelnik-adama-b-bartose-74-rozvolnuje-se-proto-aby-se-mohlo-jit-na-rusa\/","title":{"rendered":"NED\u011aLN\u00cdK ADAMA B. BARTO\u0160E (74): ROZVOL\u0147UJE SE PROTO, ABY SE MOHLO J\u00cdT NA RUSA?"},"content":{"rendered":"<div id=\"fb-root\"><\/div>\n<p>Dne\u0161n\u00ed ned\u011bln\u00edk je pon\u011bkud opo\u017ed\u011bn, ale jinak to ne\u0161lo. Lep\u0161\u00edc\u00ed se po\u010das\u00ed l\u00e1k\u00e1 k pobytu venku, a tak jsem se k sepisov\u00e1n\u00ed sv\u00fdch \u00favah d\u0159\u00edve nedostal. Se slun\u00ed\u010dkem se zd\u00e1 b\u00fdt sv\u011bt hned veselej\u0161\u00ed, a to i p\u0159esto, \u017ee na politick\u00e9 sc\u00e9n\u011b to jde od des\u00edti k p\u011bti. U\u017e n\u011bkolik dn\u016f m\u016f\u017eeme i my, neo\u010dkovan\u00ed, do hospod a restaurac\u00ed, a tak\u00e9 celkov\u011b to vypad\u00e1 tak, \u017ee rozvol\u0148ov\u00e1n\u00ed nebude pozvoln\u00e9, ale pom\u011brn\u011b rychl\u00e9, jako kdyby n\u011bkdo najednou posp\u00edchal a pot\u0159eboval to stihnout do ur\u010dit\u00e9 doby. A to je pr\u00e1v\u011b podivn\u00e9. Aby toho toti\u017e nebylo m\u00e1lo, na spadnut\u00ed je v\u00e1lka proti Rusku a z toho \u017e\u00e1dn\u00fd norm\u00e1ln\u00ed \u010dlov\u011bk nem\u016f\u017ee m\u00edt radost\u2026<span id=\"more-12704\"><\/span><\/p>\n<p>Vzpome\u0148me si, jak to bylo p\u0159ed rokem, kdy se rozvol\u0148ovalo a\u017e n\u011bkdy v kv\u011btnu, v \u010dervnu. Dnes n\u00e1m tvrd\u00ed, \u017ee od poloviny b\u0159ezna budeme moci dokonce i sundat respir\u00e1tory, kter\u00e9 jsme p\u0159itom nosili i v l\u00e9t\u011b. To je samoz\u0159ejm\u011b dob\u0159e, a m\u011blo to tak b\u00fdt u\u017e d\u00e1vno, ale p\u0159ipad\u00e1 mi, \u017ee toto urychlen\u00e9 rozvoln\u011bn\u00ed nen\u00ed samo s sebou. P\u016fsob\u00ed to dojmem, jakoby se s t\u00edm sp\u011bchalo kv\u016fli n\u011b\u010demu jin\u00e9mu. Douf\u00e1m, \u017ee tomu tak nen\u00ed jen proto, aby se politici a m\u00e9dia mohli pustit do dal\u0161\u00edho \u201edobrodru\u017estv\u00ed\u201c\u2013 do v\u00e1lky proti Rusku. P\u0159i n\u00ed by toti\u017e covidov\u00e1 hysterie byla na obt\u00ed\u017e a bojovat na dvou front\u00e1ch \u2013 proti lidu na jedn\u00e9 a proti Rusku na druh\u00e9 stran\u011b \u2013 by bylo netaktick\u00e9. Kdyby tak n\u011bkdo pot\u0159eboval rozpoutat v\u00e1lku s Ruskem, nejsp\u00ed\u0161e by p\u0159edt\u00edm ukon\u010dil \u201eoperaci Covid\u201c. Nejsme pr\u00e1v\u011b n\u011b\u010deho takov\u00e9ho sv\u011bdky?<\/p>\n<p>A i kdy\u017e si nep\u0159ejeme nic v\u00edc, ne\u017e ukon\u010den\u00ed covidov\u00e9 totality, z toho, \u017ee by byla vyst\u0159\u00edd\u00e1na jinou pohromou, radost m\u00edt nem\u016f\u017eeme. Do boje proti Rusku m\u016f\u017ee vyz\u00fdvat jen takov\u00fd politick\u00fd odpad jako je nap\u0159\u00edklad \u201epoveden\u00fd\u201c (\u010di sp\u00ed\u0161e nepoveden\u00fd) synek b\u00fdval\u00e9ho \u010desk\u00e9ho vyslance v USA a Rusku Ond\u0159ej Kol\u00e1\u0159 \u010di dal\u0161\u00ed zaprodanci Z\u00e1padu. B\u011b\u017en\u00fd \u010dlov\u011bk si v\u00e1lku nep\u0159eje, proto\u017ee v\u00e1lka pro oby\u010dejn\u00e9ho \u010dlov\u011bka nikdy nep\u0159in\u00e1\u0161\u00ed nic dobr\u00e9ho.<\/p>\n<p>To posledn\u00ed, co bychom si v dne\u0161n\u00ed vy\u0161inut\u00e9 dob\u011b mohli p\u0159\u00e1t, je pr\u00e1v\u011b v\u00e1le\u010dn\u00fd konflikt. Copak nem\u00e1me dost diktatury b\u00edl\u00fdch pl\u00e1\u0161\u0165\u016f, teroru vy\u0161inut\u00fdch epidemiolog\u016f, zv\u016fle arogantn\u00edch expert\u016f a dal\u0161\u00edch babral\u016f, drzosti moc\u00ed opit\u00fdch politik\u016f a pomaten\u00fdch hygienik\u016f? Copak loni nezem\u0159elo v \u010cR nejv\u00edce lid\u00ed od v\u00e1lky? Copak nem\u00e1me dost zdra\u017eov\u00e1n\u00ed, inflace a cen energi\u00ed vy\u0161roubovan\u00fdch nesmysln\u00fdm bojem proti nesmysln\u00e9mu glob\u00e1ln\u00edmu oteplov\u00e1n\u00ed a\u017e k nezaplacen\u00ed? M\u016f\u017ee si snad v takov\u00e9 nelehk\u00e9 dob\u011b soudn\u00fd \u010dlov\u011bk je\u0161t\u011b k tomu v\u0161emu nav\u00edc p\u0159\u00e1t v\u00e1lku s jadernou velmoc\u00ed?<\/p>\n<p>V\u017edy\u0165 u\u017e vlastn\u011b ve v\u00e1lce jsme. Studen\u00e1 v\u00e1lka nikdy neskon\u010dila a nav\u00edc podez\u0159\u00edv\u00e1m mocip\u00e1ny tohoto sv\u011bta z toho, \u017ee cel\u00fd ten boj proti \u00fadajn\u00e9 pandemii covidu je jen \u0161ikovn\u011b maskovan\u00e1 t\u0159et\u00ed sv\u011btov\u00e1 v\u00e1lka, jen veden\u00e1 jin\u00fdmi prost\u0159edky. Drahotu a inflaci, co\u017e jsou jevy doprov\u00e1zej\u00edc\u00ed v\u00e1lku v\u017edy a v\u0161ude, jsme u\u017e tak\u00e9 okusili m\u011brou vrchovatou. Norimbersk\u00e9 z\u00e1kony, kde m\u00edsto \u00e1rijsk\u00e9ho p\u016fvodu mus\u00edte dokazovat \u201ejen\u201c bezinfek\u010dnost, m\u00e1me nejsp\u00ed\u0161e ukotveny a\u017e na v\u011b\u010dn\u00e9 \u010dasy. Pandemick\u00fd z\u00e1kon je pak obdobou \u0159\u00ed\u0161sk\u00e9ho zmoc\u0148ovac\u00edho z\u00e1kona a je mnohem brut\u00e1ln\u011bj\u0161\u00ed, ne\u017e nouzov\u00e9 (v\u00e1le\u010dn\u00e9) stavy, se kter\u00fdmi jsme m\u011bli zku\u0161enost je\u0161t\u011b p\u0159ed rokem. Svoboda je omezena neb\u00fdval\u00fdm zp\u016fsobem, a jedin\u00e9, co z\u016fst\u00e1v\u00e1 t\u00e9m\u011b\u0159 nezm\u011bn\u011bno, je produkce pro \u0158\u00ed\u0161i, kter\u00e1 nesm\u00ed b\u00fdt zastavena ani zpomalena. \u0160koly skoro neu\u010d\u00ed (ale o to v\u00edce testuj\u00ed), kulturn\u00ed \u017eivot t\u00e9m\u011b\u0159 vymizel, politick\u00e9 \u0159e\u010di jsou zak\u00e1z\u00e1ny (cenzura na internetu, v pr\u00e1ci, v hospod\u011b), m\u00edsto d\u00fdchac\u00edch masek nos\u00edme chirurgick\u00e9 rou\u0161ky a brzy nebudeme moci ve\u010der ani sv\u00edtit, jak je elekt\u0159ina drah\u00e1. I kdy\u017e v\u00e1lka ofici\u00e1ln\u011b vyhl\u00e1\u0161ena nebyla, jako bychom v n\u00ed u\u017e \u017eili, proto\u017ee jsme dnes a denn\u011b vystavov\u00e1ni jej\u00edm projev\u016fm a d\u016fsledk\u016fm. P\u0159esto to je\u0161t\u011b n\u011bkter\u00fdm nesta\u010d\u00ed a cht\u011bli by snad i v\u00e1lku konven\u010dn\u00ed, ba co v\u00edce, v\u00e1lku jadernou. Takov\u00ed v\u00e1le\u010dn\u00ed \u0161tv\u00e1\u010di by si zaslou\u017eili j\u00edt do prvn\u00ed linie, aby je v\u00e1le\u010dn\u00e9 b\u011bsn\u011bn\u00ed horemp\u00e1dem p\u0159e\u0161lo, a p\u0159estali ohro\u017eovat n\u00e1rodn\u00ed bezpe\u010dnost sv\u00fdmi hloup\u00fdmi \u0159e\u010dmi o tom, \u017ee je nutn\u00e9 \u201ej\u00edt na Rusa\u2026\u201c<\/p>\n<p>My v N\u00e1rodn\u00ed demokracii si p\u0159ejeme p\u0159esn\u00fd opak \u2013 m\u00edr. Dnes se zd\u00e1, \u017ee tato na prvn\u00ed pohled samoz\u0159ejm\u00e1 teze z politiky vymizela, proto\u017ee kdy\u017e se pod\u00edv\u00e1me na sou\u010dasn\u00fd parlament touto optikou, zjist\u00edme, \u017ee t\u00e9m\u011b\u0159 v\u0161echny strany, kter\u00e9 v tom parlamentu sed\u00ed, by v\u00e1lku proti Rusku podporovaly. Zcela jist\u011b strany vl\u00e1dn\u00ed, ale spol\u00e9hat se ned\u00e1 ani na opozici \u2013 vzpome\u0148me jen na Babi\u0161e, jak s Ham\u00e1\u010dkem obvinili Rusko z v\u00fdbuchu ve Vrb\u011btic\u00edch, co\u017e k m\u00edru rozhodn\u011b nevedlo a \u010cesk\u00e1 republika si za to vyslou\u017eila um\u00edst\u011bn\u00ed na seznam nep\u0159\u00e1telsk\u00fdch zem\u00ed. M\u00edr si dnes p\u0159ej\u00ed sp\u00ed\u0161e jen mal\u00e9 mimoparlamentn\u00ed strany, a to je\u0161t\u011b ne v\u0161echny. Nap\u0159\u00edklad Chc\u00edpl\u00fd pes je dobr\u00fd v boji proti covidov\u00e9mu teroru, ale v ot\u00e1zk\u00e1ch EU, NATO a v\u016fbec zahrani\u010dn\u00ed politiky, je naivn\u00ed a nebo se t\u00e9matu c\u00edlen\u011b vyh\u00fdb\u00e1. Rusko v n\u011bm vyvol\u00e1v\u00e1 zastydl\u00fd antikomunismus, podobn\u011b jako i u Svobodn\u00fdch \u010di Trikol\u00f3ry. \u0158\u00edkat tedy, \u017ee jsme pro m\u00edr a proti v\u00e1lce s Ruskem, se zd\u00e1 b\u00fdt t\u00e9m\u011b\u0159 revolu\u010dn\u00edm \u010dinem. I proto jsme se rozhodli opr\u00e1\u0161it na\u0161e vztahy s ruskou LDPR, proto\u017ee u\u017e mne to neust\u00e1l\u00e9 brojen\u00ed proti Rusku irituje. V sou\u010dasn\u00e9 dob\u011b dokon\u010dujeme dopis pro jej\u00edho \u0161\u00e9fa \u017dirinovsk\u00e9ho, vr\u00e1t\u00edm se k tomuto t\u00e9matu zase za t\u00fdden.<\/p>\n<p>Nechci v\u00e1lkou nijak stra\u0161it, od toho jsou tu jin\u00ed, ale p\u00ed\u0161i to proto, abychom si uv\u011bdomili, jak velice je re\u00e1ln\u00e1, jak je bl\u00edzko, jak jsme j\u00ed i my bl\u00edzko a jak bl\u00edzkou je i \u010cesk\u00e1 republika pro p\u0159\u00edpadn\u00e9 odvetn\u00e9 st\u0159ely z Ruska. Ka\u017ed\u00fd, kdo politicky obhajuje a prosazuje p\u0159\u00edtomnost zbran\u00ed, voj\u00e1k\u016f a z\u00e1kladen NATO na \u010desk\u00e9m \u00fazem\u00ed, nebo je\u0161t\u011b obecn\u011bji \u2013 kdo chce \u010ceskou republiku v pochybn\u00e9m paktu NATO udr\u017eet, paktu, kter\u00fd n\u00e1s nijak nechr\u00e1n\u00ed, ale pouze ohro\u017euje, ten nemysl\u00ed na bezpe\u010dnost \u010cesk\u00e9 republiky a jej\u00edch ob\u010dan\u016f, ale d\u011bl\u00e1 z n\u00ed naopak vojensk\u00fd c\u00edl. My jako N\u00e1rodn\u00ed demokracie prosazujeme p\u0159esn\u00fd opak \u2013 p\u0159\u00edsnou neutralitu na\u0161\u00ed zem\u011b, aby tak \u010cesk\u00e1 republika nemohla b\u00fdt zata\u017eena do \u017e\u00e1dn\u00fdch vojensk\u00fdch eskap\u00e1d a aby se nemohla st\u00e1t c\u00edlem odvetn\u00fdch \u00fatok\u016f. N\u011bkdo by mohl \u0159\u00edci, \u017ee to nen\u00ed nijak p\u0159evratn\u00fd volebn\u00ed slib \u010di programov\u00fd bod, ale pr\u00e1v\u011b \u017ee je. Jeho d\u016fle\u017eitost se uk\u00e1\u017ee o to v\u00edce, kdy\u017e si uv\u011bdom\u00edme, \u017ee ostatn\u00ed strany (ty parlamentn\u00ed pak t\u00e9m\u011b\u0159 v\u0161echny bez rozd\u00edlu) op\u011bt, t\u00e9m\u011b\u0159 unisono, h\u00e1j\u00ed p\u0159esn\u00fd opak \u2013 tedy pod\u0159\u00edzenost na\u0161\u00ed zem\u011b Severoatlantick\u00e9mu paktu a z toho vypl\u00fdvaj\u00edc\u00ed ohro\u017een\u00ed bezpe\u010dnosti zem\u011b. \u0158e\u010dem o tom, \u017ee NATO garantuje na\u0161i obranu, snad \u017e\u00e1dn\u00fd soudn\u00fd \u010dlov\u011bk v\u011b\u0159it nem\u016f\u017ee. Copak jsme u\u017e zapomn\u011bli, kolikr\u00e1t n\u00e1s Z\u00e1pad podrazil a kolikr\u00e1t n\u00e1s ob\u011btoval pro sv\u00e9 z\u00e1jmy? Jen naprost\u00fd tupec by mohl v\u011b\u0159it tomu, \u017ee Z\u00e1padu na n\u00e1s z\u00e1le\u017e\u00ed.<\/p>\n<p>Pro oby\u010dejn\u00e9ho ob\u010dana je t\u011b\u017ek\u00e9 v dne\u0161n\u00ed dob\u011b covidov\u00e9ho teroru \u0159e\u0161it je\u0161t\u011b nav\u00edc ot\u00e1zky vojensk\u00e9ho charakteru. Dnes jsme r\u00e1di, \u017ee jsme r\u00e1di \u2013 \u017ee se u\u017eiv\u00edme, \u017ee zaplat\u00edme slo\u017eenky a \u017ee n\u00e1s nezav\u0159ou do izolace. Ale i vl\u00e1da, kterou si vol\u00edme pr\u00e1v\u011b proto, aby ot\u00e1zky bezpe\u010dnosti \u0159e\u0161ila, si po\u010d\u00edn\u00e1 lehkov\u00e1\u017en\u011b a amat\u00e9rsky. I v tomto \u2013 podobn\u011b jako v covidu \u2013 vl\u00e1da jednozna\u010dn\u011b zrazuje z\u00e1jmy n\u00e1roda a st\u00e1tu. M\u00edsto toho, aby si nebezpe\u010d\u00ed, kter\u00e9 v\u00e1lka Z\u00e1padu proti Rusku bude pro na\u0161i zemi p\u0159edstavovat, uv\u011bdomovala a sna\u017eila se mu p\u0159edej\u00edt, d\u011bl\u00e1 prav\u00fd opak \u2013 ka\u017ed\u00fdm dnem n\u00e1s k t\u00e9to v\u00e1lce pomalu p\u0159ibli\u017euje. Ka\u017ed\u00e1 nerozv\u00e1\u017enost, ka\u017ed\u00e9 ot\u00e1len\u00ed, ka\u017ed\u00e9 hloup\u00e9 \u0159in\u010den\u00ed zbran\u011bmi, ka\u017ed\u00e9 arogantn\u00ed \u201ekol\u00e1\u0159ovsk\u00e9\u201c vyhro\u017eov\u00e1n\u00ed jadern\u00e9 velmoci n\u00e1s m\u016f\u017ee st\u00e1t mnoho.<\/p>\n<p>V t\u00e9 souvislosti nemohu nezm\u00ednit osobu ministra zahrani\u010d\u00ed. V tak v\u00e1\u017en\u00e9 situaci m\u00edt v \u010dele ministerstva zahrani\u010d\u00ed takovou nulu, jako je pir\u00e1t Lipavsk\u00fd, to je snad v\u00fdsm\u011bch. Nech\u00e1pu, jak \u010dlov\u011bk, kter\u00e9ho lid\u00e9 odm\u00edtli zvolit do parlamentu by\u0165 jen jako poslance (vykrou\u017ekovali ho z kandid\u00e1tky, tak\u017ee se do parlamentu nedostal), m\u016f\u017ee najednou \u0159\u00eddit celou \u010deskou diplomacii. A te\u010f mi nejde o to, jak vypad\u00e1 a jak mu vojensk\u00e1 helma slu\u0161\u00ed \u010di neslu\u0161\u00ed. N\u011bkdo by mohl \u0159\u00edci, \u017ee by mi snad mohl b\u00fdt sv\u00fdm protiizraelsk\u00fdm postojem sympatick\u00fd \u2013 ale nen\u00ed. Pokud n\u011bkdo\u00a0<a href=\"https:\/\/echo24.cz\/a\/SwrQZ\/lipavsky-se-ukazal-na-izraelske-ambasade-pri-oslave-chanuky\" target=\"_blank\" rel=\"noopener\"><em><strong>dolejz\u00e1 na izraelskou ambas\u00e1du<\/strong><\/em><\/a>, aby se mohl st\u00e1t ministrem, takov\u00fd \u010dlov\u011bk u mne jako politik skon\u010dil. A jeho sou\u010dasn\u00e9 trapn\u00e9 v\u00fdlety na Ukrajinu jakbysmet. \u010cesk\u00e1 republika m\u00e1 v \u010dele sv\u00e9 diplomacie st\u00e1le v\u011bt\u0161\u00ed ka\u0161p\u00e1rky. Po bezv\u00fdznamn\u00e9m Pet\u0159\u00ed\u010dkovi (ro\u010dn\u00edk 1981) a bezv\u00fdznamn\u00e9m Kulh\u00e1nkovi (ro\u010dn\u00edk 1984) je to bezv\u00fdznamn\u00fd Lipavsk\u00fd (ro\u010dn\u00edk 1985). O ministrech obrany ani nemluv\u011b \u2013 u\u017e n\u011bkolik\u00e1t\u00e9 volebn\u00ed obdob\u00ed je tento resort v dr\u017een\u00ed \u017een, jak je tomu v N\u011bmecku \u010di ve Skandin\u00e1vii zvykem. Po Parkanov\u00e9, Peak(ov\u00e9) \u010di \u0160lechtov\u00e9 tam m\u00e1me \u2013 \u010cernochovou. To jsme to dopracovali\u2026<\/p>\n<p>M\u00edsto hrdin\u016f, jako byl nejv\u011bt\u0161\u00ed \u010desk\u00fd gener\u00e1l Radola Gajda, od jeho\u017e narozen\u00ed si dnes p\u0159ipom\u00edn\u00e1me 130 let, \u0159\u00edd\u00ed na\u0161i politiku a arm\u00e1du jen zbab\u011blci a nuly. Nebo, \u0159e\u010deno hezky po \u201eamericku\u201c \u2013 l\u00faz\u0159i. Gajda bojoval po boku b\u00edl\u00fdch Rus\u016f proti jejich nep\u0159\u00e1tel\u016fm (bol\u0161evick\u00fd teror zavlekl do Ruska Z\u00e1pad), Rusku tedy pom\u00e1hal. Jist\u011b, legion\u00e1\u0159i byli \u010dasem i zneu\u017e\u00edv\u00e1ni Z\u00e1padem k velmocensk\u00fdm politick\u00fdm hr\u00e1m, ale nezapom\u00ednejme, jak se \u010deskoslovensk\u00e9 legie v Rusku v\u016fbec vytvo\u0159ily \u2013 byli to \u010de\u0161t\u00ed voj\u00e1ci, kte\u0159\u00ed odm\u00edtli bojovat proti Rusku v rakousko-uhersk\u00e9 uniform\u011b, proto\u017ee v\u011bd\u011bli, \u017ee Rusov\u00e9 jsou brat\u0159i, Slovan\u00e9. Proto rad\u011bji dezertovali na druhou stranu a stali se sou\u010d\u00e1st\u00ed rusk\u00e9 arm\u00e1dy. Z hlediska tehdej\u0161\u00edch z\u00e1kon\u016f za to hrozil trest smrti, jednalo se toti\u017e o vlastizradu. Dnes \u2013 zp\u011btn\u011b vid\u011bno \u2013 jsou ale legion\u00e1\u0159i oslavov\u00e1ni a d\u00e1v\u00e1ni za p\u0159\u00edklad chrabrosti. T\u011bm, kdo pom\u00e1hali bojovat na Don\u011bcku a Luhansku, sice dnes kulka nehroz\u00ed, ale zato se jim vym\u011b\u0159uj\u00ed ty nejvy\u0161\u0161\u00ed tresty \u2013 jejich jedn\u00e1n\u00ed je klasifikov\u00e1no jako podpora terorismu. Rad\u011bji nechci dom\u00fd\u0161let, za co v\u0161echno by se zav\u00edralo ve chv\u00edli, kdyby byla \u010cesk\u00e1 republika donucena \u00fa\u010dastnit se ta\u017een\u00ed na Rusko. Kram\u00e1\u0159e cht\u011bli odsoudit k smrti pr\u00e1v\u011b v dob\u011b v\u00e1lky s Ruskem, jen proto, \u017ee si v\u00e1lky s Ruskem nep\u0159\u00e1l, p\u0159\u00e1l si jeho v\u00edt\u011bzstv\u00ed (v \u010dem\u017e spat\u0159oval garanci vzniku svobodn\u00e9ho \u010desk\u00e9ho st\u00e1tu) a u soudu mu bylo vyt\u00fdk\u00e1no, \u017ee neblahop\u0159\u00e1l rakousk\u00e9mu c\u00edsa\u0159i k v\u00edt\u011bzstv\u00ed v konkr\u00e9tn\u00ed bitv\u011b, ve kter\u00e9 Raku\u0161\u00e1ci zv\u00edt\u011bzili nad Rusy. Trestn\u00fdm \u010dinem bylo najednou i jeho organizov\u00e1n\u00ed v\u0161eslovansk\u00fdch sjezd\u016f v dob\u011b p\u0159ed v\u00e1lkou \u2013 tedy n\u011bco, co ve sv\u00e9 dob\u011b trestn\u00fdm \u010dinem v\u016fbec nebylo. Podobn\u011b i dnes se novoslovanstv\u00ed a slovansk\u00e9 ideje uv\u00e1d\u011bj\u00ed ve zpr\u00e1v\u00e1ch BIS a ministerstva vnitra jako p\u0159\u00edklady extr\u00e9mismu.<\/p>\n<p>Nepochybujme o tom, \u017ee v p\u0159\u00edpad\u011b v\u00e1lky by byla zem\u011b je\u0161t\u011b v\u00edce rozd\u011blena, ne\u017e je tomu kv\u016fli covidu. A hroz\u00ed-li v\u00e1m dnes v\u00fdt\u011brem, karant\u00e9nou \u010di vakc\u00ednou, mohou v\u00e1s z\u00edtra zav\u0159\u00edt za to, \u017ee budete z jejich pohledu \u201eagent Ruska\u201c. Nic v\u00e1m nepom\u016f\u017ee va\u0161e vysv\u011btlov\u00e1n\u00ed, \u017ee vy jen chcete m\u00edr. Proto by si \u017e\u00e1dn\u00fd soudn\u00fd \u010dlov\u011bk v\u00e1lku p\u0159\u00e1t nem\u011bl\u2026<\/p>\n<p>navzdory v\u0161em t\u011bmto zasmu\u0161il\u00fdm \u00favah\u00e1m bu\u010fte dobr\u00e9 mysli<\/p>\n<p>Vlasti a m\u00edru zdar, EU a NATO zmar!<br \/>\nAdam B. Barto\u0161, p\u0159edseda N\u00e1rodn\u00ed demokracie<\/p>\n<p><img decoding=\"async\" loading=\"lazy\" class=\"alignnone size-full wp-image-678\" src=\"http:\/\/www.infokuryr.cz\/n\/wp-content\/uploads\/2021\/04\/narodni_demokracie_logo.jpg\" alt=\"\" width=\"300\" height=\"85\" \/><\/p>\n<p>&nbsp;<\/p>\n","protected":false},"excerpt":{"rendered":"<p>Dne\u0161n\u00ed ned\u011bln\u00edk je pon\u011bkud opo\u017ed\u011bn, ale jinak to ne\u0161lo. Lep\u0161\u00edc\u00ed se po\u010das\u00ed l\u00e1k\u00e1 k pobytu&#8230;<\/p>\n","protected":false},"author":2,"featured_media":8337,"comment_status":"closed","ping_status":"closed","sticky":false,"template":"","format":"standard","meta":[],"categories":[6],"tags":[367,29,85],"_links":{"self":[{"href":"https:\/\/www.infokuryr.cz\/n\/wp-json\/wp\/v2\/posts\/8336"}],"collection":[{"href":"https:\/\/www.infokuryr.cz\/n\/wp-json\/wp\/v2\/posts"}],"about":[{"href":"https:\/\/www.infokuryr.cz\/n\/wp-json\/wp\/v2\/types\/post"}],"author":[{"embeddable":true,"href":"https:\/\/www.infokuryr.cz\/n\/wp-json\/wp\/v2\/users\/2"}],"replies":[{"embeddable":true,"href":"https:\/\/www.infokuryr.cz\/n\/wp-json\/wp\/v2\/comments?post=8336"}],"version-history":[{"count":0,"href":"https:\/\/www.infokuryr.cz\/n\/wp-json\/wp\/v2\/posts\/8336\/revisions"}],"wp:featuredmedia":[{"embeddable":true,"href":"https:\/\/www.infokuryr.cz\/n\/wp-json\/wp\/v2\/media\/8337"}],"wp:attachment":[{"href":"https:\/\/www.infokuryr.cz\/n\/wp-json\/wp\/v2\/media?parent=8336"}],"wp:term":[{"taxonomy":"category","embeddable":true,"href":"https:\/\/www.infokuryr.cz\/n\/wp-json\/wp\/v2\/categories?post=8336"},{"taxonomy":"post_tag","embeddable":true,"href":"https:\/\/www.infokuryr.cz\/n\/wp-json\/wp\/v2\/tags?post=8336"}],"curies":[{"name":"wp","href":"https:\/\/api.w.org\/{rel}","templated":true}]}}