{"id":83277,"date":"2025-07-11T05:21:07","date_gmt":"2025-07-11T03:21:07","guid":{"rendered":"https:\/\/www.infokuryr.cz\/n\/?p=83277"},"modified":"2025-07-11T05:21:07","modified_gmt":"2025-07-11T03:21:07","slug":"jaroslav-stefec-ze-by-capiga-s-miskinem-mistra-koudelku-prece-jen-prechytracili","status":"publish","type":"post","link":"https:\/\/www.infokuryr.cz\/n\/2025\/07\/11\/jaroslav-stefec-ze-by-capiga-s-miskinem-mistra-koudelku-prece-jen-prechytracili\/","title":{"rendered":"Jaroslav \u0160tefec: \u017de by \u010capiga s Mi\u0161kinem mistra Koudelku p\u0159ece jen p\u0159echytra\u010dili?"},"content":{"rendered":"<div id=\"fb-root\"><\/div>\n<p>Jak se zd\u00e1, univers\u00e1ln\u00ed agenti Anatolij \u010cepiga a Alexandr Mi\u0161kin, lidov\u011b zvan\u00ed \u010cuk a Gek, tentokr\u00e1t za v\u00fdpadek elektrick\u00e9ho proudu v \u010cR asi opravdu nemohou. P\u0159izn\u00e1m se, \u017ee jsem se docela t\u011b\u0161il, a\u017e Fiala po boku s Raku\u0161anem, vypadaj\u00edc\u00edm pokud mo\u017eno je\u0161t\u011b vykulen\u011bji ne\u017e obvykle, v pozad\u00ed s tajemn\u011b se tv\u00e1\u0159\u00edc\u00edm v\u0161emocn\u00fdm \u0161\u00e9fem \u201ebison\u016f\u201c Koudelkou, vy\u0161le sign\u00e1l o rusk\u00e9 stop\u011b v blackoutu. \u0160koda, ale mo\u017en\u00e1 je\u0161t\u011b nen\u00ed v\u0161e ztraceno. N\u00daKIB \u00fadajn\u011b v\u0161e \u0161et\u0159\u00ed, le\u010d dle m\u00e9di\u00ed je \u0161et\u0159en\u00ed teprve v po\u010d\u00e1tc\u00edch a za p\u00e1r m\u011bs\u00edc\u016f se (pr\u00fd) uvid\u00ed. Je p\u0159ece zn\u00e1mo, \u017ee Putin nikdy nesp\u00ed.<\/p>\n<p>Na serveru Novinky se na toto t\u00e9ma vyj\u00e1d\u0159il \u201en\u00e1hodn\u011b vybran\u00fd cestuj\u00edc\u00ed\u201c ve v\u011bku kolem 22 let, \u00fadajn\u011b \u010dekaj\u00edc\u00ed na zpo\u017ed\u011bn\u00fd vlak do Ostravy, zhruba takto: \u201eM\u016f\u017eou za to Rus\u00e1ci, a\u00a0m\u011bli bysme jim to oplatit u\u00a0nich v\u00a0Rusku. Nepom\u00e1h\u00e1me dost Ukrajin\u011b a\u00a0to je d\u016fvod. Budou to d\u011blat po\u0159\u00e1d. Je pot\u0159eba tam j\u00edt\u201c. Jak se \u0159\u00edk\u00e1, hlas lidu, hlas bo\u017e\u00ed. A\u00a0lid si \u017e\u00e1d\u00e1 ozna\u010den\u00ed vin\u00edk\u016f stejn\u011b, jako p\u0159i\u00a0urv\u00e1lkovsk\u00fdch procesech v\u00a050.\u00a0letech. Tak pro\u010d mu, lidu, n\u011bjak\u00e9ho toho vin\u00edka nedat, \u017ee? Volby se bl\u00ed\u017e\u00ed a\u00a0dobr\u00e9 kompro, nebo aspo\u0148 mo\u017enost sv\u00e9st pozornost \u201elidu\u201c na vhodn\u00e9ho nep\u0159\u00edtele, se v\u017edycky hod\u00ed.<\/p>\n<p>Pra\u017esk\u00fd prim\u00e1tor Svoboda urychlen\u011b odstranil ze v\u0161ech soci\u00e1ln\u00edch s\u00edt\u00ed p\u0159\u00edsp\u011bvek, velkohub\u011b hl\u00e1saj\u00edc\u00ed \u201ePraha nen\u00ed Barcelona a\u00a0k\u00a0tak rozs\u00e1hl\u00e9mu blackoutu v\u00a0\u010cesku doj\u00edt nem\u016f\u017ee\u201c. Co\u017e je p\u0159\u00edstup pro tlupu \u201espolu\u017evanil\u016f\u201c, od ODS po\u00a0Pir\u00e1ty, naprosto typick\u00fd. M\u00edsto co by se postavili k\u00a0probl\u00e9m\u016fm \u010delem, nech\u00e1vaj\u00ed je vyhn\u00edt. Prost\u011b \u201epo n\u00e1s potopa\u201c. K\u00a0tomu, aby navrhli a\u00a0p\u0159ipravili konkr\u00e9tn\u00ed opat\u0159en\u00ed, \u00fa\u010dinn\u011b minimalizuj\u00edc\u00ed \u0161kody v\u00a0p\u0159\u00edpad\u011b katastrof a\u00a0ud\u00e1lost\u00ed, jako je blackout, z\u00e1plavy, rozs\u00e1hl\u00e9 po\u017e\u00e1ry, nebo t\u0159eba st\u0159elba na filozofick\u00e9 fakult\u011b, jim chyb\u00ed p\u0159edv\u00eddavost, znalosti a\u00a0organiza\u010dn\u00ed schopnosti. V\u011bt\u0161ina z\u00a0nich prost\u011b jen v\u011b\u0159\u00ed, \u017ee po\u00a0dobu, kdy budou pob\u00edrat tu\u010dn\u00e9 prebendy z\u00a0pen\u011bz da\u0148ov\u00fdch poplatn\u00edk\u016f, se nic nestane a\u00a0oni nebudou nuceni projevit svou organiza\u010dn\u00ed a\u00a0kvalifika\u010dn\u00ed impotenci.<\/p>\n<p>Nev\u00edm, k\u00a0jak\u00fdm z\u00e1v\u011br\u016fm dojde tak zvan\u00fd \u201e\u00fast\u0159edn\u00ed krizov\u00fd \u0161t\u00e1b\u201c. U\u017e jen proto, \u017ee jeho svolavatelem a\u00a0\u201ecapo dei capi\u201c je ministr Raku\u0161an, a\u00a0z\u00fa\u010dastnil se ho i\u00a0premi\u00e9r Fiala. U\u010ditel a\u00a0politolog. Dva vysoce kvalifikovan\u00ed odborn\u00edci a\u00a0sv\u011btov\u00ed l\u00edd\u0159i budou rozhodovat, co se jako ve\u0159ejnost o\u00a0cel\u00e9m pr\u016f\u0161vihu a\u00a0jeho p\u0159\u00ed\u010din\u00e1ch dozv\u00edme a\u00a0co si o\u00a0n\u011bm m\u00e1me myslet. Fiala k\u00a0blackoutu, kter\u00fd postihl Libereck\u00fd, \u00dasteck\u00fd a\u00a0St\u0159edo\u010desk\u00fd kraj, v\u00fdchod \u010cech a\u00a0\u010d\u00e1st Prahy prohl\u00e1sil, \u017ee jeho prioritou je obnoven\u00ed dod\u00e1vek elektrick\u00e9 energie a\u00a0bezpe\u010dnost ob\u010dan\u016f. Zaj\u00edmav\u00e1 posloupnost. Pro Fialu je viditeln\u011b t\u00edm nejd\u016fle\u017eit\u011bj\u0161\u00edm zaji\u0161t\u011bn\u00ed zisk\u016f \u010cEZu. Ob\u010dan\u00e9 jsou a\u017e na druh\u00e9m m\u00edst\u011b.<\/p>\n<p>Jako politick\u00e9 prohl\u00e1\u0161en\u00ed a\u00a0sign\u00e1l voli\u010dstvu Spolu, \u017ee prachy jsou st\u00e1le prioritou \u010d.\u00a01, je to ur\u010dit\u011b l\u00edbiv\u00e9. Ale realita? Na tu m\u00e1 premi\u00e9r naprosto nulov\u00fd vliv. V\u0161ak oni to hasi\u010di, dokto\u0159i a\u00a0dal\u0161\u00ed slo\u017eky n\u011bjak zvl\u00e1dnou, ne? Stejn\u011b jako zvl\u00e1dli lo\u0148sk\u00e9 z\u00e1plavy na Morav\u011b. Na jejich prevenci byly deklarativn\u011b utraceny des\u00edtky mili\u00f3n\u016f korun. Absolutn\u00ed v\u011bt\u0161inu pr\u00e1ce na odstra\u0148ov\u00e1n\u00ed \u0161kod, ke kter\u00fdm podle velkohub\u00fdch \u0159e\u010d\u00ed politik\u016f v\u00a0podstat\u011b ani nemohlo doj\u00edt, ale nakonec odvedli m\u00edstn\u00ed s\u00a0dobrovoln\u00edky. Arm\u00e1da dokonce nedok\u00e1zala ani postavit provizorn\u00ed most p\u0159es nov\u011b vytvo\u0159en\u00e9 \u0159e\u010di\u0161t\u011b. A\u00a0\u017e\u00e1dost kraje o\u00a0finan\u010dn\u00ed pomoc st\u00e1tu posti\u017een\u00fdm nakonec zatrhl ministr Stanjura. Asi by mu bylo chyb\u011blo na n\u00e1kup Bitcoin\u016f. Kam zmizely do \u201eprevence\u201c investovan\u00e9 mili\u00f3ny, to jsme se ale nedozv\u011bd\u011bli.<\/p>\n<p>Dopady velkoplo\u0161n\u00e9ho v\u00fdpadku elekt\u0159iny a n\u00e1sledn\u00e9ho, na\u0161t\u011bst\u00ed jen kr\u00e1tkodob\u00e9ho, blackoutu jsou ze strany m\u00e9di\u00ed i politick\u00e9 v\u011brchu\u0161ky st\u00e1le bagatelizov\u00e1ny. Pro\u010d, to se m\u016f\u017eeme jen domn\u00edvat. U\u017e te\u010f je ale jasn\u00e9, \u017ee \u0161kody p\u016fjdou do vy\u0161\u0161\u00edch des\u00edtek, mo\u017en\u00e1 a\u017e stovek mili\u00f3n\u016f korun a d\u00e1le rostou. Jen n\u00e1b\u011bh p\u0159eru\u0161en\u00e9 v\u00fdroby v litv\u00ednovsk\u00e9 rafin\u00e9rii bude trvat n\u011bkolik dn\u00ed. P\u0159i rozs\u00e1hl\u00e9m blackoutu, podobn\u00e9m tomu \u0161pan\u011blsk\u00e9mu, by to bylo daleko hor\u0161\u00ed. Nikdo nap\u0159\u00edklad ne\u0159e\u0161il situaci, \u017ee a\u010dkoliv nouzov\u00e9 agreg\u00e1ty v nemocnic\u00edch a kritick\u00fdch provozech nab\u011bhly a pln\u00ed svou funkci, jejich n\u00e1dr\u017ee nejsou bezedn\u00e9. A proto\u017ee nefungovaly benz\u00ednov\u00e9 pumpy, nebylo by kde na\u010derpat novou naftu. Arm\u00e1da ani policie z\u00e1sobami pohonn\u00fdch hmot, dopravn\u00edmi prost\u0159edky a cisternami pro jejich nouzov\u00e9 zav\u00e1\u017een\u00ed u\u017e d\u00e1vno nedisponuj\u00ed a jejich p\u0159\u00edslu\u0161n\u00edci nejsou na podobn\u00e9 operace cvi\u010deni. A bude toho je\u0161t\u011b podstatn\u011b v\u00edc.<\/p>\n<p>Co m\u011b ale skute\u010dn\u011b mate, je zd\u016fvodn\u011bn\u00ed p\u0159\u00ed\u010diny v\u00fdpadku. Podle m\u00e9di\u00ed k\u00a0n\u011bmu do\u0161lo z\u00a0d\u016fvodu \u201ep\u00e1du f\u00e1zov\u00e9ho vodi\u010de\u201c. Ov\u0161em pro\u010d spadl, to u\u017e ofici\u00e1ln\u00ed zdroje neuv\u00e1d\u011bj\u00ed. ALE! Posti\u017een\u00e9 kraje le\u017e\u00ed v\u00a0p\u0159\u00edhrani\u010d\u00ed N\u011bmecka, kter\u00e9 bezosty\u0161n\u011b zneu\u017e\u00edv\u00e1 na\u0161i p\u0159enosovou soustavu a\u00a0\u201epos\u00edl\u00e1\u201c p\u0159es ni elekt\u0159inu z\u00a0v\u011btrn\u00edk\u016f, le\u017e\u00edc\u00edch u\u00a0Baltu, do v\u00fdchodn\u00ed \u010d\u00e1sti sv\u00e9ho \u00fazem\u00ed. A\u00a0nejv\u011bt\u0161\u00ed po\u010det vypadl\u00fdch rozvoden de facto kop\u00edruje vstupn\u00ed body do \u010cR p\u0159enosov\u00fdch tras elekt\u0159iny \u201ez\u00a0N\u011bmecka do N\u011bmecka\u201c. P\u0159\u00ed\u010dina v\u00fdpadku tak nejsp\u00ed\u0161 \u00fazce souvis\u00ed s\u00a0ned\u00e1vno diskutovan\u00fdm n\u00e1vrhem v\u00fdstavby \u201espalova\u010d\u016f\u201c p\u0159ebyte\u010dn\u00e9 n\u011bmeck\u00e9 elekt\u0159iny, poch\u00e1zej\u00edc\u00ed z\u00a0jeho de facto neregulovateln\u00fdch tzv.\u00a0\u201e\u010dist\u00fdch\u201c zdroj\u016f, na na\u0161em \u00fazem\u00ed. Vzhledem k\u00a0tomu, \u017ee pro \u010desk\u00e9 spot\u0159ebitele je cena elekt\u0159iny podstatn\u011b vy\u0161\u0161\u00ed, ne\u017e pro n\u011bmeck\u00e9, proto\u017ee, jak to ob\u010dan\u016fm zd\u016fvodnil Petr \u201eSuperman\u201c Fiala, Lipsk\u00e1 burza je v\u00a0N\u011bmecku, jde o\u00a0po\u017eadavek v\u00edce ne\u017e podivn\u00fd a\u00a0nav\u00edc nemravn\u00fd.<\/p>\n<p>Bu\u010fme minul\u00e9mu re\u017eimu vd\u011b\u010dni minim\u00e1ln\u011b za robustn\u00ed p\u0159enosovou soustavu, stav\u011bnou pro p\u0159e\u017eit\u00ed i\u00a0men\u0161\u00ed jadern\u00e9 v\u00e1lky. Jenom d\u00edky n\u00ed se blackout neroz\u0161\u00ed\u0159il na cel\u00e9 \u00fazem\u00ed \u010cR a\u00a0dod\u00e1vky elekt\u0159iny se poda\u0159ilo rychle obnovit. Va\u017eme si ji a\u00a0udr\u017eujme ji. A\u00a0N\u011bmc\u016fm dejme na v\u011bdom\u00ed, \u017ee kon\u010d\u00ed legrace. \u0160pan\u011blsko, na rozd\u00edl od n\u00e1s, nem\u011blo \u0161anci, ale poslou\u017eilo jako vzor re\u00e1ln\u00e9 situace, kter\u00e1 m\u016f\u017ee nastat i\u00a0u\u00a0n\u00e1s. Bez ohledu na mluv\u00edc\u00ed hlavy, kter\u00e9 n\u00e1m tvrd\u00ed, jak dob\u0159e na tom jsme. Jak se \u0159\u00edk\u00e1: \u201cL\u017eou, ani poledne nedr\u017eej \u2026!\u201d<\/p>\n<p><em>Jaroslav \u0160tefec,\u00a0<a href=\"https:\/\/www.facebook.com\/profile.php?id=100016828963330\">FB<\/a><\/em><\/p>\n<p><img decoding=\"async\" loading=\"lazy\" class=\"alignnone size-medium wp-image-509\" src=\"http:\/\/www.infokuryr.cz\/n\/wp-content\/uploads\/2021\/04\/jaroslav-stefec-300x200.jpeg\" alt=\"\" width=\"300\" height=\"200\" srcset=\"https:\/\/www.infokuryr.cz\/n\/wp-content\/uploads\/2021\/04\/jaroslav-stefec-300x200.jpeg 300w, https:\/\/www.infokuryr.cz\/n\/wp-content\/uploads\/2021\/04\/jaroslav-stefec-1024x683.jpeg 1024w, https:\/\/www.infokuryr.cz\/n\/wp-content\/uploads\/2021\/04\/jaroslav-stefec-768x512.jpeg 768w, https:\/\/www.infokuryr.cz\/n\/wp-content\/uploads\/2021\/04\/jaroslav-stefec.jpeg 1200w\" sizes=\"(max-width: 300px) 100vw, 300px\" \/><\/p>\n<p>&nbsp;<\/p>\n","protected":false},"excerpt":{"rendered":"<p>Jak se zd\u00e1, univers\u00e1ln\u00ed agenti Anatolij \u010cepiga a Alexandr Mi\u0161kin, lidov\u011b zvan\u00ed \u010cuk a Gek,&#8230;<\/p>\n","protected":false},"author":2,"featured_media":15365,"comment_status":"closed","ping_status":"closed","sticky":false,"template":"","format":"standard","meta":[],"categories":[6],"tags":[9250,9011,1299,1503],"_links":{"self":[{"href":"https:\/\/www.infokuryr.cz\/n\/wp-json\/wp\/v2\/posts\/83277"}],"collection":[{"href":"https:\/\/www.infokuryr.cz\/n\/wp-json\/wp\/v2\/posts"}],"about":[{"href":"https:\/\/www.infokuryr.cz\/n\/wp-json\/wp\/v2\/types\/post"}],"author":[{"embeddable":true,"href":"https:\/\/www.infokuryr.cz\/n\/wp-json\/wp\/v2\/users\/2"}],"replies":[{"embeddable":true,"href":"https:\/\/www.infokuryr.cz\/n\/wp-json\/wp\/v2\/comments?post=83277"}],"version-history":[{"count":0,"href":"https:\/\/www.infokuryr.cz\/n\/wp-json\/wp\/v2\/posts\/83277\/revisions"}],"wp:featuredmedia":[{"embeddable":true,"href":"https:\/\/www.infokuryr.cz\/n\/wp-json\/wp\/v2\/media\/15365"}],"wp:attachment":[{"href":"https:\/\/www.infokuryr.cz\/n\/wp-json\/wp\/v2\/media?parent=83277"}],"wp:term":[{"taxonomy":"category","embeddable":true,"href":"https:\/\/www.infokuryr.cz\/n\/wp-json\/wp\/v2\/categories?post=83277"},{"taxonomy":"post_tag","embeddable":true,"href":"https:\/\/www.infokuryr.cz\/n\/wp-json\/wp\/v2\/tags?post=83277"}],"curies":[{"name":"wp","href":"https:\/\/api.w.org\/{rel}","templated":true}]}}