{"id":8320,"date":"2022-02-15T03:48:52","date_gmt":"2022-02-15T02:48:52","guid":{"rendered":"http:\/\/www.infokuryr.cz\/n\/?p=8320"},"modified":"2022-02-15T03:48:52","modified_gmt":"2022-02-15T02:48:52","slug":"proc-asi-leti-prazsky-historik-amater-do-kyjeva","status":"publish","type":"post","link":"https:\/\/www.infokuryr.cz\/n\/2022\/02\/15\/proc-asi-leti-prazsky-historik-amater-do-kyjeva\/","title":{"rendered":"Pro\u010d asi let\u00ed\u00a0 pra\u017esk\u00fd historik-amat\u00e9r do Kyjeva?"},"content":{"rendered":"<div id=\"fb-root\"><\/div>\n<p>Mu\u017e, kter\u00fd m\u00e1 snad a\u017e dodne\u0161ka zato, \u017ee se Praha z nacistick\u00e9ho chomoutu vytrhla sama a \u017ee k tomu Rudou arm\u00e1du nepot\u0159ebovala, jak se tento dnes je\u0161t\u011b ne zcela docen\u011bn\u00fd znalec modern\u00edch\u00a0 d\u011bjin p\u0159ed \u010dasem vyj\u00e1d\u0159il, uh\u00e1n\u00ed v\u00a0 t\u011bchto hodin\u00e1ch do Kyjeva, aby tam kyjevsk\u00e9ho prim\u00e1tora a snad i cel\u00e9 zastupitelstvo ukrajinsk\u00e9ho hlavn\u00edho m\u011bsta podaroval podobnou d\u011bjezpytnou moudrost\u00ed. A d\u011bje se tak samoz\u0159ejm\u011b proto, \u017ee autor z\u0159ejm\u011b i dal\u0161\u00edch podobn\u00fdch pohled\u016f a znalost\u00ed pova\u017euje za neudr\u017eiteln\u00e9, aby r\u00e1dius jeho historick\u00e9ho vid\u011bn\u00ed nejen \u010desk\u00e9, ale t\u00e9\u017e evropsk\u00e9 a sv\u011btov\u00e9 historie uv\u00e1zl snad jen uvnit\u0159 okruhu \u010desk\u00e9 metropole \u010di \u010desk\u00e9 zem\u011b, jak se, bohu\u017eel, stalo s jeho shora uveden\u00fdm v\u00fdrokem o Praze a Rud\u00e9 arm\u00e1d\u011b, ale jde mu o to, aby se jeho vid\u011bn\u00ed v\u00fdvoje lidstva p\u0159ehnalo p\u0159es na\u0161e hrani\u010dn\u00ed kameny ven a nejrad\u011bji do v\u0161ech kout\u016f sv\u011bta.<\/p>\n<p>A jak nejl\u00e9pe to\u00a0 prov\u00e9st? V\u0161echny o\u010di jsou dnes up\u0159eny na Kyjev. Tak\u017ee co tak tam pod z\u00e1minkou pra\u017esk\u00e9 podpory v\u011bci korup\u010dnick\u00e9 zem\u011b pln\u00e9 neonacist\u016f (jak sou\u010dasnou Ukrajinu charakterizoval otec reaganomics P.C.Roberts), zalet\u011bt, pron\u00e9st tam na radnici a v ohnisku sv\u011btov\u00fdch televizn\u00edch a filmov\u00fdch kamer oblig\u00e1tn\u00ed projev o tom, \u017ee Moskva mus\u00ed u\u010dinit to a to a to, jinak&#8230; a do toho projevu vsunout cosi tak historicky nov\u00e9ho a p\u0159evratn\u00e9ho, jako byla ona teze o nepot\u0159eb\u011b Rud\u00e9 arm\u00e1dy pro osvobozen\u00ed Prahy.<\/p>\n<p>Co \u0159\u00edk\u00e1te? To by bylo terno, co? Z\u00e1padn\u00ed m\u00e9dia tu novinku spolknou jako malinu, o tom prim\u00e1tor nepochybuje, a spolu s n\u00edm o tom nepochybuje nikdo s praktikami t\u011bchto m\u00e9di\u00ed obezn\u00e1men\u00fd..<\/p>\n<p>Tak\u017ee t\u011b\u0161me se na onu zbrusu novou historickou bombu, kter\u00e1 u\u017e v \u00fater\u00fd v Kyjev\u011b bouchne. Dost mo\u017en\u00e1 s n\u00e1mi zalomcuje u\u017e v poledne \u010di ve\u010der t\u00e9ho\u017e dne.<\/p>\n<p>Lubom\u00edr Man<\/p>\n<p><img decoding=\"async\" loading=\"lazy\" class=\"alignnone size-full wp-image-860\" src=\"http:\/\/www.infokuryr.cz\/n\/wp-content\/uploads\/2021\/04\/lub_man.jpg\" alt=\"\" width=\"143\" height=\"200\" \/><\/p>\n<p>&nbsp;<\/p>\n<p>&nbsp;<\/p>\n","protected":false},"excerpt":{"rendered":"<p>Mu\u017e, kter\u00fd m\u00e1 snad a\u017e dodne\u0161ka zato, \u017ee se Praha z nacistick\u00e9ho chomoutu vytrhla sama&#8230;<\/p>\n","protected":false},"author":2,"featured_media":3856,"comment_status":"closed","ping_status":"closed","sticky":false,"template":"","format":"standard","meta":[],"categories":[6],"tags":[1001,221,1167],"_links":{"self":[{"href":"https:\/\/www.infokuryr.cz\/n\/wp-json\/wp\/v2\/posts\/8320"}],"collection":[{"href":"https:\/\/www.infokuryr.cz\/n\/wp-json\/wp\/v2\/posts"}],"about":[{"href":"https:\/\/www.infokuryr.cz\/n\/wp-json\/wp\/v2\/types\/post"}],"author":[{"embeddable":true,"href":"https:\/\/www.infokuryr.cz\/n\/wp-json\/wp\/v2\/users\/2"}],"replies":[{"embeddable":true,"href":"https:\/\/www.infokuryr.cz\/n\/wp-json\/wp\/v2\/comments?post=8320"}],"version-history":[{"count":0,"href":"https:\/\/www.infokuryr.cz\/n\/wp-json\/wp\/v2\/posts\/8320\/revisions"}],"wp:featuredmedia":[{"embeddable":true,"href":"https:\/\/www.infokuryr.cz\/n\/wp-json\/wp\/v2\/media\/3856"}],"wp:attachment":[{"href":"https:\/\/www.infokuryr.cz\/n\/wp-json\/wp\/v2\/media?parent=8320"}],"wp:term":[{"taxonomy":"category","embeddable":true,"href":"https:\/\/www.infokuryr.cz\/n\/wp-json\/wp\/v2\/categories?post=8320"},{"taxonomy":"post_tag","embeddable":true,"href":"https:\/\/www.infokuryr.cz\/n\/wp-json\/wp\/v2\/tags?post=8320"}],"curies":[{"name":"wp","href":"https:\/\/api.w.org\/{rel}","templated":true}]}}