{"id":83196,"date":"2025-07-10T00:22:34","date_gmt":"2025-07-09T22:22:34","guid":{"rendered":"https:\/\/www.infokuryr.cz\/n\/?p=83196"},"modified":"2025-07-09T16:58:04","modified_gmt":"2025-07-09T14:58:04","slug":"petr-pokorny-ekonomicka-sofismata-a-la-fiala-aneb-kdyz-politologu-je-vic-nez-prirozeneho-hnoje-na-polich","status":"publish","type":"post","link":"https:\/\/www.infokuryr.cz\/n\/2025\/07\/10\/petr-pokorny-ekonomicka-sofismata-a-la-fiala-aneb-kdyz-politologu-je-vic-nez-prirozeneho-hnoje-na-polich\/","title":{"rendered":"Petr Pokorn\u00fd: Ekonomick\u00e1 sofismata a la Fiala, aneb kdy\u017e politolog\u016f je v\u00edc, ne\u017e p\u0159irozen\u00e9ho hnoje na pol\u00edch&#8230;"},"content":{"rendered":"<div id=\"fb-root\"><\/div>\n<div class=\"introtext\">\n<h4>V\u00e1\u017en\u011b v\u00e1m nevad\u00ed, \u017ee z v\u00e1s d\u011bl\u00e1 dareb\u00e1k Fiala se svoj\u00ed kohortou tupce? D\u011btem na vysok\u00fdch \u0161kol\u00e1ch ne, ti jsou vymydlen\u00ed, ale kam ode\u0161el selsk\u00fd rozum?<\/h4>\n<\/div>\n<div class=\"fulltext\">\n<p><strong>Rusko se hrout\u00ed, \u010cesk\u00e1 republika posiluje, jdeme do voleb spr\u00e1vnou cestou, v\u0159\u00edsk\u00e1 Fialova agitka<\/strong> s h\u00e9\u00e9\u00e9re\u010dkou divn\u00e9ho zalo\u017een\u00ed Pazderkovou. V\u00edte, pro\u010d si to dovol\u00ed? Kdyby dal Fiala, Stanjura a Raku\u0161an data na tabuli a porovnal, lid by \u017easl, co n\u00e1m lij\u00ed do hlav.<\/p>\n<p><strong>Podle jak\u00fdch ukazatel\u016f to berou, kdy\u017e elektrik\u00e1\u0159 Stanjura m\u00e1 pouze tyto a bitcoin\u016fm \u010di kampeli\u010dk\u00e1m nerozum\u00ed a kolik jsme poslali na Ukrajinu u\u017e v\u016fbec ne?\u00a0<\/strong><\/p>\n<p><img decoding=\"async\" loading=\"lazy\" class=\"wp-image-83198 aligncenter\" src=\"http:\/\/www.infokuryr.cz\/n\/wp-content\/uploads\/2025\/07\/obr.-300x77.jpg\" alt=\"\" width=\"744\" height=\"191\" srcset=\"https:\/\/www.infokuryr.cz\/n\/wp-content\/uploads\/2025\/07\/obr.-300x77.jpg 300w, https:\/\/www.infokuryr.cz\/n\/wp-content\/uploads\/2025\/07\/obr.-768x196.jpg 768w, https:\/\/www.infokuryr.cz\/n\/wp-content\/uploads\/2025\/07\/obr..jpg 791w\" sizes=\"(max-width: 744px) 100vw, 744px\" \/><\/p>\n<p>V r\u00e1mci Finan\u010dn\u00edho kongresu Banky Ruska, v\u011bnovan\u00e9ho hled\u00e1n\u00ed optim\u00e1ln\u00ed trajektorie hospod\u00e1\u0159sk\u00e9ho r\u016fstu, vystoupil German Gref spole\u010dn\u011b s p\u0159edsedkyn\u00ed Banky Ruska Elvirou Nabiullinou a tak\u00e9 se z\u00e1stupci nejv\u011bt\u0161\u00edch rusk\u00fdch spole\u010dnost\u00ed &#8211; Alexandrem Djukovem a Andrejem Kostinem. \u00da\u010dastn\u00edci diskutovali o aktu\u00e1ln\u00edch v\u00fdzv\u00e1ch a mo\u017en\u00fdch opat\u0159en\u00edch ke stabilizaci situace.<\/p>\n<h3>Rubl se podle v\u00fdsledk\u016f prvn\u00ed poloviny roku stal nejdra\u017e\u0161\u00ed m\u011bnou na sv\u011bt\u011b. Nejv\u00edce pos\u00edlil v\u016f\u010di dolaru, jak vypl\u00fdv\u00e1 z anal\u00fdzy burzy.<\/h3>\n<p>______<\/p>\n<div class=\"info_box leva_tretina jpalert\">\n<div class=\"explanationContent\"><span style=\"color: #ff0000;\"><strong>Sofismata jsou argumenty, kter\u00e9 maj\u00ed navodit dojem pravdy, ale ve skute\u010dnosti jsou zalo\u017eeny na chyb\u00e1ch v uva\u017eov\u00e1n\u00ed, a\u0165 u\u017e \u00famysln\u00fdch, nebo ne\u00famysln\u00fdch.<\/strong><\/span><\/div>\n<div>______<\/div>\n<div><\/div>\n<\/div>\n<p>\u201eOd za\u010d\u00e1tku roku jeho [rubl] hodnota v\u016f\u010di americk\u00e9 m\u011bn\u011b vzrostla najednou o 44,7 procenta \u2013 to je mnohem znateln\u011bj\u0161\u00ed ne\u017e u ostatn\u00edch \u00fa\u010dastn\u00edk\u016f \u201epodstavce\u201c: ma\u010farsk\u00e9ho forintu (17 procent) a \u0161v\u00e9dsk\u00e9 koruny (16,5 procenta),\u201c uv\u00e1d\u00ed se v anal\u00fdze. D\u00e1le se uv\u00e1d\u00ed, \u017ee mezi prvn\u00ed p\u011btkou jsou \u010desk\u00e1 a islandsk\u00e1 koruna (15,8 a 15 procent). (<strong><em>V\u0161\u00edm\u00e1te si, \u017ee to nen\u00ed \u017e\u00e1dn\u00fd st\u00e1t plat\u00edc\u00ed eurem?<\/em><\/strong> a o tom m\u00edt hotovost se p\u0159esv\u011bd\u010dila polovina n\u00e1roda p\u0159i &#8222;blackoutu&#8220;, kter\u00fd pr\u00fd je u n\u00e1s nemo\u017en\u00fd, dle bitcoinovo dozimetrov\u00fdch expert\u016f).<\/p>\n<p>Nejv\u00edce kleslo argentinsk\u00e9 peso, jeho\u017e hodnota v\u016f\u010di dolaru znehodnotila o 13,5 procenta. Ale tam to je provedeno c\u00edlen\u011b a Argentina tvrdou reformou na tom t\u011b\u017e\u00ed. U\u017e se nepropad\u00e1.<\/p>\n<p>T\u00e9m\u011b\u0159 v\u0161echna odv\u011btv\u00ed rusk\u00e9 ekonomiky vykazuj\u00ed r\u016fst navzdory z\u00e1padn\u00edm sankc\u00edm.\u00a0Ozn\u00e1mil to p\u0159edseda rusk\u00e9 vl\u00e1dy Michail Mi\u0161ustin na strategick\u00e9 akci mezin\u00e1rodn\u00ed pr\u016fmyslov\u00e9 v\u00fdstavy Innoprom-2025 v Jekat\u011brinburgu. \u201eNavzdory bezprecedentn\u00edm sankc\u00edm t\u00e9m\u011b\u0159 v\u0161echna odv\u011btv\u00ed vykazuj\u00ed progresivn\u00ed pokrok. Tato \u010d\u00edsla jsou nejlep\u0161\u00ed reakc\u00ed na v\u0161echny, kdo iniciovali a zavedli protirusk\u00e9 z\u00e1kazy a omezen\u00ed. Naopak, tyto zem\u011b zaznamen\u00e1vaj\u00ed v\u00fdrazn\u00e9 sn\u00ed\u017een\u00ed pr\u016fmyslov\u00e9 v\u00fdroby,\u201c zd\u016fraznil Mi\u0161ustin.<\/p>\n<h3>Tak\u017ee z \u010deho berou data \u010de\u0161t\u00ed Dozimet\u0159i, kampeli\u010dk\u00e1\u0159i a bitcoinisti v \u010dele s elektrik\u00e1\u0159em Stanjurou?<\/h3>\n<p>Aha, z vysok\u00e9 inflace, kdy d\u016fvody jsou naprosto re\u00e1ln\u00e9, ale Putinovi se to nel\u00edb\u00ed a tla\u010d\u00ed na Nabiullinovou (skv\u011blou \u0161\u00e9fku centr\u00e1ln\u00ed rusk\u00e9 banky), aby to \u0159e\u0161ila i jinak, \u017ee vysok\u00e9 sazby po\u0161kod\u00ed Rusko. A stejn\u011b jako Trump FED (ale v jin\u00fdch hodnot\u00e1ch) chce razantn\u00ed sn\u00ed\u017een\u00ed, Tak Putin, aby rusk\u00e1 ekonomika nezamrzla jako \u010desk\u00e1 za Klause, kdy s bali\u010dky Klause dupla dokonce na p\u016fl roku\u00a0 \u010cNB\u00a0 tak\u00e9 a t\u00edm se na chv\u00edli zastavilo v\u0161e v roce 1997. (To\u0161ovsk\u00fd) Ta dvojit\u00e1 brzda vyhodila skv\u011bl\u00e9 ekonomy ze sedel a svedla se na n\u011b \u0161patn\u00e1 transformace, a\u010d to bylo vinou To\u0161ovsk\u00e9ho, kter\u00fd se pak v roce 2000 \u010cech\u016fm omluvil, ale bylo u\u017e pozd\u011b. Vyu\u017eil toho Zeman a lid\u00e9 mysleli, \u017ee n\u00e1s zachr\u00e1n\u00ed Evropsk\u00e1 unie.<\/p>\n<h3>Ale vra\u0165me se k Rusku<\/h3>\n<p>Rusko d\u00e1v\u00e1 p\u0159es 6% na zbrojen\u00ed, fakticky na v\u00e1lku, co\u017e je dokonce relativn\u011b mal\u00e9 \u010d\u00edslo, kdy\u017e se skute\u010dn\u011b v\u00e1l\u010d\u00ed a zbran\u011b nejdou do sklad\u016f. T\u00edm od\u010derpalo miliony odborn\u00edk\u016f a je m\u00e1lo lid\u00ed v pr\u016fmyslu a digitalizace nahrazov\u00e1n\u00ed nezvl\u00e1d\u00e1. Nav\u00edc \u0161\u00edlen\u00e9 sankce, kter\u00e9 by chud\u0161\u00ed st\u00e1t polo\u017eily na lopatky, zat\u00edmco\u00a0Rusko je na tom l\u00e9pe, ne\u017e \u010cesk\u00e1 republika.\u00a0Neboli Putin chce, aby se rusk\u00e1 ekonomika uvolnila u\u017e nyn\u00ed, Nabiullinov\u00e1 to odm\u00edtla, \u017ee to mus\u00ed vybalancovat a \u017ee pot\u0159ebuje del\u0161\u00ed \u010das, aby brzdu nemusela zvy\u0161ovat znovu.\u00a0Putin se naopak boj\u00ed recese a v t\u00e9to kategorii je jejich spor.<\/p>\n<h3>A je zde je\u0161t\u011b jeden h\u00e1\u010dek<\/h3>\n<p><span class=\"BxUVEf ILfuVd\" lang=\"cs\"><span class=\"hgKElc\">Rusk\u00e9 vojensk\u00e9 v\u00fddaje dosahuj\u00ed za Spojen\u00fdmi st\u00e1ty americk\u00fdmi a \u010c\u00ednou t\u0159et\u00edho m\u00edsta na sv\u011bt\u011b. A Putin ozn\u00e1mil, \u017ee tak velk\u00fd v\u00fddaj na arm\u00e1du ho u\u017e nezaj\u00edm\u00e1, \u017ee jsou to vyhozen\u00e9 pen\u00edze a pokud se z\u00e1pad pod v\u00fddaji hrout\u00ed, on to s Ruskem nep\u0159ipust\u00ed a u\u017e od podzimu chce sn\u00ed\u017eit v\u00fddaje na zbrojen\u00ed a j\u00edt opa\u010dnou cestou.\u00a0<\/span><\/span><\/p>\n<p>A vojensk\u00e1 chunta (NATO) kter\u00e1 prakticky \u0159\u00edd\u00ed v\u00fddaje na zbrojen\u00ed a gener\u00e1lov\u00e9 jako ten \u010desk\u00fd serviln\u011b v\u0161e podepisuj\u00ed zvy\u0161uje a nakupuje na dluh jako \u0161\u00edlen\u00e9 a civiln\u00edn\u00e1zory je v\u016fbec nezaj\u00edmaj\u00ed. Voj\u00e1ci NATO obsadily 1\/2 planety Zem\u011b s tis\u00edci z\u00e1kladnami (Rusko jich m\u00e1 asi p\u011bt) a toto moc si odm\u00edtaj\u00ed odebrat. A tak n\u00e1s vyd\u00edraj\u00ed st\u00e1le v\u00edc.<\/p>\n<p><strong>P.S.<\/strong> USA maj\u00ed s mal\u00fdmi, p\u0159edsunut\u00fdmi asi 1200 z\u00e1kladen mimo \u00fazem\u00ed (velk\u00fdch 816), Rusku ani AI nem\u016f\u017ee dohledat \u017e\u00e1dnou ve sv\u011bt\u011b, tak p\u00ed\u0161e Krym. Tak\u017ee tou jednou z\u00e1kladnou na Krymu, dnes u\u017e rusk\u00e9m, ohro\u017euje cel\u00fd sv\u011bt?<\/p>\n<p><a href=\"https:\/\/www.skrytapravda.cz\/z-ekonomiky\/2653-ekonomicka-sofismata-a-la-fiala-aneb-kdyz-politologu-je-vic-nez-prirozeneho-hnoje-na-polich\">Petr Pokorn\u00fd<\/a><\/p>\n<p>&nbsp;<\/p>\n<\/div>\n","protected":false},"excerpt":{"rendered":"<p>V\u00e1\u017en\u011b v\u00e1m nevad\u00ed, \u017ee z v\u00e1s d\u011bl\u00e1 dareb\u00e1k Fiala se svoj\u00ed kohortou tupce? D\u011btem na&#8230;<\/p>\n","protected":false},"author":2,"featured_media":76207,"comment_status":"closed","ping_status":"closed","sticky":false,"template":"","format":"standard","meta":[],"categories":[6],"tags":[1042,506,1620,59,22],"_links":{"self":[{"href":"https:\/\/www.infokuryr.cz\/n\/wp-json\/wp\/v2\/posts\/83196"}],"collection":[{"href":"https:\/\/www.infokuryr.cz\/n\/wp-json\/wp\/v2\/posts"}],"about":[{"href":"https:\/\/www.infokuryr.cz\/n\/wp-json\/wp\/v2\/types\/post"}],"author":[{"embeddable":true,"href":"https:\/\/www.infokuryr.cz\/n\/wp-json\/wp\/v2\/users\/2"}],"replies":[{"embeddable":true,"href":"https:\/\/www.infokuryr.cz\/n\/wp-json\/wp\/v2\/comments?post=83196"}],"version-history":[{"count":1,"href":"https:\/\/www.infokuryr.cz\/n\/wp-json\/wp\/v2\/posts\/83196\/revisions"}],"predecessor-version":[{"id":83197,"href":"https:\/\/www.infokuryr.cz\/n\/wp-json\/wp\/v2\/posts\/83196\/revisions\/83197"}],"wp:featuredmedia":[{"embeddable":true,"href":"https:\/\/www.infokuryr.cz\/n\/wp-json\/wp\/v2\/media\/76207"}],"wp:attachment":[{"href":"https:\/\/www.infokuryr.cz\/n\/wp-json\/wp\/v2\/media?parent=83196"}],"wp:term":[{"taxonomy":"category","embeddable":true,"href":"https:\/\/www.infokuryr.cz\/n\/wp-json\/wp\/v2\/categories?post=83196"},{"taxonomy":"post_tag","embeddable":true,"href":"https:\/\/www.infokuryr.cz\/n\/wp-json\/wp\/v2\/tags?post=83196"}],"curies":[{"name":"wp","href":"https:\/\/api.w.org\/{rel}","templated":true}]}}