{"id":83091,"date":"2025-07-09T00:25:59","date_gmt":"2025-07-08T22:25:59","guid":{"rendered":"https:\/\/www.infokuryr.cz\/n\/?p=83091"},"modified":"2025-07-08T11:23:48","modified_gmt":"2025-07-08T09:23:48","slug":"v-madarsku-pusobi-500-organizaci-financovanych-bruselem-ktere-se-stavi-proti-orbanove-vlade","status":"publish","type":"post","link":"https:\/\/www.infokuryr.cz\/n\/2025\/07\/09\/v-madarsku-pusobi-500-organizaci-financovanych-bruselem-ktere-se-stavi-proti-orbanove-vlade\/","title":{"rendered":"V Ma\u010farsku p\u016fsob\u00ed 500 organizac\u00ed financovan\u00fdch Bruselem, kter\u00e9 se stav\u00ed proti Orb\u00e1nov\u011b vl\u00e1d\u011b"},"content":{"rendered":"<div id=\"fb-root\"><\/div>\n<h3 class=\"s-tagline fw-tagline\"><span>Ano, Soros se na seznam dostal<\/span><\/h3>\n<p><span>Ma\u010farsk\u00fd \u00da\u0159ad pro ochranu suverenity identifikoval 1 479 ma\u010farsk\u00fdch p\u0159\u00edjemc\u016f, kte\u0159\u00ed se \u00fa\u010dastnili projekt\u016f p\u0159\u00edmo financovan\u00fdch Evropskou komis\u00ed.\u00a0<\/span><\/p>\n<p><span>Z nich \u00fa\u0159ad monitoruje zhruba 500 organizac\u00ed, u kter\u00fdch existuje podez\u0159en\u00ed, \u017ee jsou financov\u00e1ny Bruselem pro politick\u00e9 aktivity, konkr\u00e9tn\u011b ty, kter\u00e9 jsou nam\u00ed\u0159eny proti vl\u00e1d\u011b Viktora Orb\u00e1na, uvedla organizace podle den\u00edku\u00a0<\/span><a href=\"https:\/\/magyarnemzet.hu\/belfold\/2025\/07\/beazonositotta-a-brusszeli-aranyasokat-a-szuverenitasvedelmi-hivatal\"><span>Magyar Nemzet<\/span><\/a><span> .<\/span><\/p>\n<p><span>\u00da\u0159ad identifikoval bruselsk\u00e9 \u201ezlatokopky\u201c, kter\u00e9 od Evropsk\u00e9 komise obdr\u017eely nejv\u00edce pen\u011bz: nap\u0159\u00edklad soukrom\u00e1 St\u0159edoevropsk\u00e1 univerzita (CEU) George Sorose, Nadace \u00d6kot\u00e1rs a Skupina pro pr\u00e1va men\u0161in obdr\u017eely miliardy forint\u016f.<\/span><\/p>\n<p><span>Mezit\u00edm dal\u0161\u00ed organizace obdr\u017eely stovky milion\u016f forint\u016f: S\u00edla lidstva, Ma\u010farsk\u00fd helsinsk\u00fd v\u00fdbor, Spole\u010dnost Background a ma\u010farsk\u00e1 spole\u010dnost Jeti Co., Ltd., kter\u00e1 vyd\u00e1v\u00e1 444, Political Capital, Institut Republikon a Mened\u00e9k \u2013 Asociace na podporu migrant\u016f.<\/span><\/p>\n<p><span>Ma\u010farsk\u00fd \u00fa\u0159ad zah\u00e1jil vy\u0161et\u0159ov\u00e1n\u00ed s\u00edt\u011b politick\u00e9ho lobbingu financovan\u00e9 Evropskou komis\u00ed na ja\u0159e. Identifikoval nejd\u016fle\u017eit\u011bj\u0161\u00ed bruselsk\u00e9 fondy \u2013 CERV a Horizon \u2013 jejich\u017e prost\u0159ednictv\u00edm proud\u00ed velk\u00e9 \u010d\u00e1stky ve\u0159ejn\u00fdch pen\u011bz organizac\u00edm, jejich\u017e skute\u010dn\u00fdm c\u00edlem je sn\u00ed\u017eit politickou moc ma\u010farsk\u00e9 vl\u00e1dy na mezin\u00e1rodn\u00ed i dom\u00e1c\u00ed \u00farovni.<\/span><\/p>\n<p><span>\u00da\u0159ad pro ochranu suverenity byl navr\u017een tak, aby odhalil s\u00ed\u0165 zahrani\u010dn\u011b financovan\u00fdch politick\u00fdch n\u00e1tlakov\u00fdch skupin a poskytl tak ma\u010farsk\u00e9mu lidu jasn\u00fd obraz o tom, kdo a jak se sna\u017e\u00ed ovliv\u0148ovat ma\u010farskou politiku.<\/span><\/p>\n<p><span>Je t\u0159eba poznamenat, \u017ee Ma\u010farsko sice financuje n\u011bkter\u00e9 mezin\u00e1rodn\u00ed organizace a think tanky, ale nerovnov\u00e1ha moci a financov\u00e1n\u00ed je astronomick\u00e1.<\/span><\/p>\n<p><span>EU m\u00e1 na takov\u00e9 aktivity p\u0159\u00edstup k miliard\u00e1m eur, a to nav\u00edc k miliard\u00e1m, kter\u00e9 jsou k dispozici od organizac\u00ed, jako je Open Society Foundation, kter\u00e9 jsou v\u0161echny spojeny s konzervativn\u00edmi vl\u00e1dami, p\u0159i\u010dem\u017e Orb\u00e1n je hlavn\u00edm c\u00edlem.<\/span><\/p>\n<p><span>Krom\u011b toho st\u00e1tem financovan\u00e9 m\u00e9dia, jako je Deutsche Welle, dost\u00e1vaj\u00ed ro\u010dn\u011b t\u00e9m\u011b\u0159 400 milion\u016f eur. Tato m\u00e9dia b\u011b\u017en\u011b ozna\u010duj\u00ed Orb\u00e1na za \u201eautokrata\u201c a jeho vl\u00e1du za \u201ere\u017eim\u201c, kter\u00fd \u201e\u00a0<\/span><a href=\"https:\/\/www.dw.com\/en\/central-europes-right-wing-populist-networks-up-their-game\/a-72802046\"><span>\u00fato\u010d\u00ed na ma\u010farskou demokracii<\/span><\/a><span>\u00a0\u201c.<\/span><\/p>\n<p><img decoding=\"async\" loading=\"lazy\" class=\"alignnone size-full wp-image-1185\" src=\"http:\/\/www.infokuryr.cz\/n\/wp-content\/uploads\/2021\/04\/kuryr-podpis.png\" alt=\"\" width=\"84\" height=\"24\" \/><\/p>\n<p>&nbsp;<\/p>\n","protected":false},"excerpt":{"rendered":"<p>Ano, Soros se na seznam dostal Ma\u010farsk\u00fd \u00da\u0159ad pro ochranu suverenity identifikoval 1 479 ma\u010farsk\u00fdch&#8230;<\/p>\n","protected":false},"author":2,"featured_media":14889,"comment_status":"closed","ping_status":"closed","sticky":false,"template":"","format":"standard","meta":[],"categories":[7],"tags":[41,45,78,9450],"_links":{"self":[{"href":"https:\/\/www.infokuryr.cz\/n\/wp-json\/wp\/v2\/posts\/83091"}],"collection":[{"href":"https:\/\/www.infokuryr.cz\/n\/wp-json\/wp\/v2\/posts"}],"about":[{"href":"https:\/\/www.infokuryr.cz\/n\/wp-json\/wp\/v2\/types\/post"}],"author":[{"embeddable":true,"href":"https:\/\/www.infokuryr.cz\/n\/wp-json\/wp\/v2\/users\/2"}],"replies":[{"embeddable":true,"href":"https:\/\/www.infokuryr.cz\/n\/wp-json\/wp\/v2\/comments?post=83091"}],"version-history":[{"count":0,"href":"https:\/\/www.infokuryr.cz\/n\/wp-json\/wp\/v2\/posts\/83091\/revisions"}],"wp:featuredmedia":[{"embeddable":true,"href":"https:\/\/www.infokuryr.cz\/n\/wp-json\/wp\/v2\/media\/14889"}],"wp:attachment":[{"href":"https:\/\/www.infokuryr.cz\/n\/wp-json\/wp\/v2\/media?parent=83091"}],"wp:term":[{"taxonomy":"category","embeddable":true,"href":"https:\/\/www.infokuryr.cz\/n\/wp-json\/wp\/v2\/categories?post=83091"},{"taxonomy":"post_tag","embeddable":true,"href":"https:\/\/www.infokuryr.cz\/n\/wp-json\/wp\/v2\/tags?post=83091"}],"curies":[{"name":"wp","href":"https:\/\/api.w.org\/{rel}","templated":true}]}}