{"id":83089,"date":"2025-07-09T00:24:28","date_gmt":"2025-07-08T22:24:28","guid":{"rendered":"https:\/\/www.infokuryr.cz\/n\/?p=83089"},"modified":"2025-07-08T11:20:25","modified_gmt":"2025-07-08T09:20:25","slug":"my-farmari-nejen-krmime-ale-take-branime-polsti-farmari-prijizdeji-aby-pomohli-polakum-branit-jejich-hranice-pred-nemeckym-vyhazovanim-migrantu","status":"publish","type":"post","link":"https:\/\/www.infokuryr.cz\/n\/2025\/07\/09\/my-farmari-nejen-krmime-ale-take-branime-polsti-farmari-prijizdeji-aby-pomohli-polakum-branit-jejich-hranice-pred-nemeckym-vyhazovanim-migrantu\/","title":{"rendered":"\u201eMy, farm\u00e1\u0159i, nejen krm\u00edme, ale tak\u00e9 br\u00e1n\u00edme\u201c \u2013 Pol\u0161t\u00ed farm\u00e1\u0159i p\u0159ij\u00ed\u017ed\u011bj\u00ed, aby pomohli Pol\u00e1k\u016fm br\u00e1nit jejich hranice p\u0159ed n\u011bmeck\u00fdm vyhazov\u00e1n\u00edm migrant\u016f"},"content":{"rendered":"<div id=\"fb-root\"><\/div>\n<h3 class=\"s-tagline fw-tagline\"><span>\u201eMy, farm\u00e1\u0159i, nejen krm\u00edme, ale tak\u00e9 br\u00e1n\u00edme. Chceme to uk\u00e1zat!\u201c \u0159ekl Stanis\u0142aw Barna z celost\u00e1tn\u00edho protestu farm\u00e1\u0159\u016f Grassroots<\/span><\/h3>\n<div class=\"e-ct-outer\">\n<div class=\"entry-content rbct clearfix is-highlight-shares\">\n<p><a href=\"https:\/\/wpolityce.pl\/kraj\/734449-rolnicy-dolaczaja-do-obrony-polskich-granic\"><span>Dvan\u00e1ct zem\u011bd\u011blsk\u00fdch traktor\u016f dorazilo na parkovi\u0161t\u011b u polsko-n\u011bmeck\u00e9ho hrani\u010dn\u00edho p\u0159echodu v Lubieszyn-Linken, aby podpo\u0159ily ob\u010dansk\u00e9 hl\u00eddky, kter\u00e9 podle serveru wPolityce<\/span><\/a><span>\u00a0ji\u017e dva t\u00fddny hl\u00eddkuj\u00ed na polsko-n\u011bmeck\u00e9 hranici\u00a0.<\/span><\/p>\n<p><span>Mezi farm\u00e1\u0159i byli z\u00e1stupci organizac\u00ed, kter\u00e9 ji\u017e n\u011bkolik m\u011bs\u00edc\u016f demonstruj\u00ed p\u0159ed budovou Z\u00e1padopomo\u0159ansk\u00e9ho vojvodstv\u00ed ve \u0160t\u011bt\u00edn\u011b a vystupuj\u00ed proti na\u0159\u00edzen\u00edm Zelen\u00e9 dohody, dohod\u011b mezi EU a Mercosurem a dovozu zem\u011bd\u011blsk\u00fdch produkt\u016f z Ukrajiny.<\/span><\/p>\n<p><span>Civiln\u00ed Hnut\u00ed za ochranu hranic br\u00e1n\u00ed polsk\u00e9 hrani\u010dn\u00ed p\u0159echody p\u0159ed vyhazov\u00e1n\u00edm migrant\u016f ze strany N\u011bmecka. Tvrd\u00ed, \u017ee n\u011bmeck\u00e1 policie \u201eumis\u0165uje\u201c lidi do Polska, aby s t\u011bmito operacemi pom\u00e1hali, a polsk\u00e9 \u00fa\u0159ady \u00fadajn\u011b dostaly od vl\u00e1dy pokyny, aby s t\u00edm nic ned\u011blaly.<\/span><\/p>\n<p><span>Stanis\u0142aw Barna ze zem\u011bd\u011blsk\u00e9 \u201eSolidarity\u201c a celost\u00e1tn\u00edho farm\u00e1\u0159sk\u00e9ho protestu Grassroots \u0159ekl agentu\u0159e PAP, \u017ee jsou tam na podporu ob\u010dansk\u00fdch hl\u00eddek.<\/span><\/p>\n<p><span>\u201ePodporujeme tyto lidi. Nem\u011blo by se d\u00edt n\u011bco takov\u00e9ho, \u017ee zastav\u00ed n\u011bmeck\u00e9 policejn\u00ed auto, vystoup\u00ed z n\u011bj t\u0159i nebo \u010dty\u0159i mu\u017ei a nikdo z na\u0161\u00ed strany jim nekontroluje doklady toto\u017enosti. M\u011blo by to b\u00fdt tak, jako je to te\u010f, \u017ee ti, kdo p\u0159ij\u00ed\u017ed\u011bj\u00ed do Polska, jsou kontrolov\u00e1ni,\u201c \u0159ekl Barna.<\/span><\/p>\n<p><span>Barna uvedl, \u017ee takov\u00e9 akce nejsou sou\u010d\u00e1st\u00ed jejich b\u011b\u017en\u00e9 \u010dinnosti, ale \u201epokud se objev\u00ed jak\u00fdkoli znepokojiv\u00fd sign\u00e1l, ur\u010dit\u011b sem p\u0159ijedeme a pom\u016f\u017eeme.\u201c<\/span><\/p>\n<p><span>\u201eMy, farm\u00e1\u0159i, nejen krm\u00edme, ale tak\u00e9 br\u00e1n\u00edme. Chceme to uk\u00e1zat!\u201c dodal.\u00a0<\/span><\/p>\n<p><span>Tomasz Siemoniak, \u0161\u00e9f ministerstva vnitra a spr\u00e1vy,\u00a0<\/span><a href=\"https:\/\/wpolityce.pl\/polityka\/734447-siemoniak-straszy-obroncow-granic-policja-i-sg\"><span>uvedl<\/span><\/a><span>\u00a0, \u017ee \u201epolicie a pohrani\u010dn\u00ed str\u00e1\u017e maj\u00ed pokyny, aby v z\u00e1le\u017eitosti takzvan\u00fdch ob\u010dansk\u00fdch hl\u00eddek postupovaly tvrd\u011b.\u201c<\/span><\/p>\n<p><span>\u201eV bl\u00edzkosti hrani\u010dn\u00edch p\u0159echod\u016f se nebudou nach\u00e1zet \u017e\u00e1dn\u00ed lid\u00e9, kte\u0159\u00ed se budou vyd\u00e1vat za policisty nebo br\u00e1nit v\u00fdkonu \u010dinnosti. P\u0159edpokl\u00e1d\u00e1m, \u017ee k takov\u00fdm situac\u00edm nedojde, a policie a pohrani\u010dn\u00ed str\u00e1\u017e maj\u00ed jasn\u00e9 pokyny, jak v takov\u00fdch p\u0159\u00edpadech jednat pevn\u011b a rozhodn\u011b a nikomu nedovolit prov\u00e1d\u011bt takov\u00e9 \u010dinnosti,\u201c dodal Siemoniak.\u00a0<\/span><\/p>\n<p><img decoding=\"async\" loading=\"lazy\" class=\"alignnone size-full wp-image-1185\" src=\"http:\/\/www.infokuryr.cz\/n\/wp-content\/uploads\/2021\/04\/kuryr-podpis.png\" alt=\"\" width=\"84\" height=\"24\" \/><\/p>\n<p>&nbsp;<\/p>\n<\/div>\n<\/div>\n","protected":false},"excerpt":{"rendered":"<p>\u201eMy, farm\u00e1\u0159i, nejen krm\u00edme, ale tak\u00e9 br\u00e1n\u00edme. Chceme to uk\u00e1zat!\u201c \u0159ekl Stanis\u0142aw Barna z celost\u00e1tn\u00edho&#8230;<\/p>\n","protected":false},"author":2,"featured_media":83090,"comment_status":"closed","ping_status":"closed","sticky":false,"template":"","format":"standard","meta":[],"categories":[7],"tags":[2739,804,429,1165,31],"_links":{"self":[{"href":"https:\/\/www.infokuryr.cz\/n\/wp-json\/wp\/v2\/posts\/83089"}],"collection":[{"href":"https:\/\/www.infokuryr.cz\/n\/wp-json\/wp\/v2\/posts"}],"about":[{"href":"https:\/\/www.infokuryr.cz\/n\/wp-json\/wp\/v2\/types\/post"}],"author":[{"embeddable":true,"href":"https:\/\/www.infokuryr.cz\/n\/wp-json\/wp\/v2\/users\/2"}],"replies":[{"embeddable":true,"href":"https:\/\/www.infokuryr.cz\/n\/wp-json\/wp\/v2\/comments?post=83089"}],"version-history":[{"count":0,"href":"https:\/\/www.infokuryr.cz\/n\/wp-json\/wp\/v2\/posts\/83089\/revisions"}],"wp:featuredmedia":[{"embeddable":true,"href":"https:\/\/www.infokuryr.cz\/n\/wp-json\/wp\/v2\/media\/83090"}],"wp:attachment":[{"href":"https:\/\/www.infokuryr.cz\/n\/wp-json\/wp\/v2\/media?parent=83089"}],"wp:term":[{"taxonomy":"category","embeddable":true,"href":"https:\/\/www.infokuryr.cz\/n\/wp-json\/wp\/v2\/categories?post=83089"},{"taxonomy":"post_tag","embeddable":true,"href":"https:\/\/www.infokuryr.cz\/n\/wp-json\/wp\/v2\/tags?post=83089"}],"curies":[{"name":"wp","href":"https:\/\/api.w.org\/{rel}","templated":true}]}}