{"id":83087,"date":"2025-07-09T00:23:09","date_gmt":"2025-07-08T22:23:09","guid":{"rendered":"https:\/\/www.infokuryr.cz\/n\/?p=83087"},"modified":"2025-07-08T11:17:51","modified_gmt":"2025-07-08T09:17:51","slug":"somalsti-uprchlici-v-nemecku-obvinovani-z-podnecovani-obcanske-valky-a-sireni-islamske-propagandy-na-internetu","status":"publish","type":"post","link":"https:\/\/www.infokuryr.cz\/n\/2025\/07\/09\/somalsti-uprchlici-v-nemecku-obvinovani-z-podnecovani-obcanske-valky-a-sireni-islamske-propagandy-na-internetu\/","title":{"rendered":"Som\u00e1l\u0161t\u00ed uprchl\u00edci v N\u011bmecku obvi\u0148ov\u00e1ni z podn\u011bcov\u00e1n\u00ed ob\u010dansk\u00e9 v\u00e1lky a \u0161\u00ed\u0159en\u00ed isl\u00e1msk\u00e9 propagandy na internetu"},"content":{"rendered":"<div id=\"fb-root\"><\/div>\n<h3 class=\"s-tagline fw-tagline\"><span>Vy\u0161et\u0159ov\u00e1n\u00ed n\u011bmeck\u00fdch m\u00e9di\u00ed zjistilo, \u017ee influence\u0159i spojen\u00ed s pir\u00e1tstv\u00edm a ozbrojen\u00fdmi milicemi vyu\u017e\u00edvaj\u00ed soci\u00e1ln\u00ed m\u00e9dia k podn\u011bcov\u00e1n\u00ed n\u00e1sil\u00ed v Som\u00e1lsku, zat\u00edmco \u017eij\u00ed v Evrop\u011b<\/span><\/h3>\n<p><span>Som\u00e1l\u0161t\u00ed uprchl\u00edci \u017eij\u00edc\u00ed v N\u011bmecku \u00fadajn\u011b hraj\u00ed hlavn\u00ed roli v rozdm\u00fdch\u00e1v\u00e1n\u00ed ob\u010dansk\u00e9 v\u00e1lky v Som\u00e1lsku, uv\u00e1d\u00ed vy\u0161et\u0159ov\u00e1n\u00ed Kontraste z ARD a\u00a0<\/span><a href=\"https:\/\/www.dw.com\/de\/wie-kriegs-influencer-zu-gewalt-in-somalia-anstacheln\/a-73160532\"><span>Deutsche Welle<\/span><\/a><span>\u00a0.<\/span><\/p>\n<p><span>Tito lid\u00e9 jsou obvin\u011bni z podn\u011bcov\u00e1n\u00ed n\u00e1sil\u00ed gang\u016f, vyz\u00fdv\u00e1n\u00ed k ozbrojen\u00fdm \u00fatok\u016fm a z\u00edsk\u00e1v\u00e1n\u00ed finan\u010dn\u00edch prost\u0159edk\u016f pro milice \u2013 to v\u0161e b\u011bhem pobytu pod n\u011bmeckou ochranou.<\/span><\/p>\n<p><span>Vy\u0161et\u0159ov\u00e1n\u00ed zjistilo, \u017ee jedn\u00edm z nejv\u00fdznamn\u011bj\u0161\u00edch provokat\u00e9r\u016f byl Ayub A., som\u00e1lsk\u00fd influencer s v\u00edce ne\u017e p\u016fl milionem sleduj\u00edc\u00edch na TikToku. V \u0161iroce \u0161\u00ed\u0159en\u00e9m videu z prosince 2022, nato\u010den\u00e9m z\u0159ejm\u011b v N\u011bmecku, Ayub vyzval sv\u00e9 div\u00e1ky, aby se chopili zbran\u00ed, a \u0159ekl: \u201eVezm\u011bte si zbran\u011b a bojujte. Jd\u011bte na st\u0159echy a post\u0159\u00edlejte v\u0161echny v uniform\u00e1ch.\u201c<\/span><\/p>\n<p><span>Ve sv\u00fdch vide\u00edch Ayub otev\u0159en\u011b vyz\u00fdv\u00e1 k ozbrojen\u00e9mu boji a nab\u00edz\u00ed pen\u00edze t\u011bm, kte\u0159\u00ed jsou ochotni zalo\u017eit milice. \u201eP\u0159\u00edsah\u00e1m, \u017ee v\u00e1m d\u00e1m 20 000 dolar\u016f, kdy\u017e zalo\u017e\u00edte milici,\u201c \u00fadajn\u011b \u0159ekl v jednom klipu.<\/span><\/p>\n<p><span>P\u0159esto\u017ee byla jeho \u017e\u00e1dost o azyl v roce 2020 zam\u00edtnuta, Ayubova deportace byla kv\u016fli bezpe\u010dnostn\u00ed situaci v Som\u00e1lsku zastavena. P\u0159esto do Som\u00e1lska n\u011bkolikr\u00e1t cestoval. Videa ho ukazuj\u00ed po boku ozbrojen\u00fdch milic\u00ed, v\u010detn\u011b z\u00e1b\u011br\u016f, na kter\u00fdch st\u0159\u00edl\u00ed z t\u011b\u017ek\u00e9 zbran\u011b b\u011bhem st\u0159et\u016f v severn\u00edm Som\u00e1lsku v roce 2023.<\/span><\/p>\n<p><span>Bezpe\u010dnostn\u00ed expert Moustafa Ahmed varoval p\u0159ed rostouc\u00ed hrozbou, kterou p\u0159edstavuj\u00ed takov\u00ed influence\u0159i. \u201eJsme zde sv\u011bdky digit\u00e1ln\u00ed v\u00e1lky,\u201c \u0159ekl Ahmed, jak cituje\u00a0<\/span><a href=\"https:\/\/www.tagesschau.de\/investigativ\/kontraste\/somalia-buergerkrieg-fluechtlinge-deutschland-100.html\"><span>Tagesschau<\/span><\/a><span>\u00a0, a zd\u016fraznil, \u017ee online provokat\u00e9\u0159i napom\u00e1haj\u00ed eskalaci n\u00e1sil\u00ed \u0161\u00ed\u0159en\u00edm propagandy a podn\u011bcov\u00e1n\u00edm konflikt\u016f ze zahrani\u010d\u00ed.<\/span><\/p>\n<p><span>Podle Kontrasteho byl Ayub zapojen do som\u00e1lsk\u00e9ho pir\u00e1tstv\u00ed na za\u010d\u00e1tku roku 2010. B\u00fdval\u00ed rukojm\u00ed z n\u00e1kladn\u00ed lodi MV Iceberg 1 \u2013 unesen\u00e9 v jedn\u00e9 z nejdel\u0161\u00edch situac\u00ed s rukojm\u00edmi v modern\u00ed n\u00e1mo\u0159n\u00ed historii \u2013 identifikovali Ayuba jako jednoho z pir\u00e1t\u016f.<\/span><\/p>\n<p><span>B\u00fdval\u00fd \u010dlen pos\u00e1dky Jewel Ahiable novin\u00e1\u0159\u016fm \u0159ekl: \u201eMu\u017e na obr\u00e1zku je bezpochyby Ayub.\u201c Som\u00e1lsk\u00e9 zdroje potvrdily, \u017ee kdysi byl v\u016fd\u010d\u00ed postavou men\u0161\u00ed pir\u00e1tsk\u00e9 skupiny.<\/span><\/p>\n<p><span>Ayub\u016fv dvoj\u00ed \u017eivot \u2013 uprchl\u00edk v N\u011bmecku a podporovatel militant\u016f v Som\u00e1lsku \u2013 p\u0159it\u00e1hl pozornost n\u011bmeck\u00fdch \u00fa\u0159ad\u016f. Zat\u00edmco hambursk\u00e9 st\u00e1tn\u00ed zastupitelstv\u00ed se k prob\u00edhaj\u00edc\u00edmu vy\u0161et\u0159ov\u00e1n\u00ed odm\u00edtlo vyj\u00e1d\u0159it, Kontraste potvrdil, \u017ee vy\u0161et\u0159ov\u00e1n\u00ed prob\u00edh\u00e1.<\/span><\/p>\n<p><span>Ayub nen\u00ed s\u00e1m. Dal\u0161\u00ed som\u00e1lsk\u00fd kazatel nen\u00e1visti \u017eij\u00edc\u00ed v N\u011bmecku, Yacqwub Siyaad, m\u00e1 p\u0159es 500 000 sleduj\u00edc\u00edch na Facebooku. Je zn\u00e1m\u00fd sv\u00fdmi \u0161tvav\u00fdmi videi nam\u00ed\u0159en\u00fdmi proti soupe\u0159\u00edc\u00edm klan\u016fm a men\u0161in\u00e1m. V jednom videu Siyaad prohl\u00e1sil: \u201eZabijte tyto bestie. Odstra\u0148te je ze spole\u010dnosti. Zbi\u010dujte je.\u201c Tak\u00e9 povzbuzuje k ozbrojen\u00e9mu n\u00e1sil\u00ed mezi som\u00e1lsk\u00fdmi klany a k\u0159i\u010d\u00ed: \u201eJd\u011bte do v\u00e1lky!\u201c a otev\u0159en\u011b vyz\u00fdv\u00e1 k darov\u00e1n\u00ed isl\u00e1msk\u00fdch milic\u00ed, kter\u00e9 se sna\u017e\u00ed svrhnout vl\u00e1du.<\/span><\/p>\n<p><span>Siyaad tak\u00e9 p\u0159ijel do N\u011bmecka jako uprchl\u00edk a vyu\u017eil pozastaven\u00ed deportac\u00ed do Som\u00e1lska. Navzdory tomu se v roce 2023 vr\u00e1til dom\u016f, kde byl nato\u010den po boku ozbrojen\u00fdch bojovn\u00edk\u016f v Puntlandu. Pozd\u011bji se vr\u00e1til do N\u011bmecka. N\u011bmeck\u00e9 \u00fa\u0159ady nyn\u00ed p\u0159ezkoum\u00e1vaj\u00ed jeho status pobytu a Kontraste informuje, \u017ee policie v D\u00fcsseldorfu zah\u00e1jila vy\u0161et\u0159ov\u00e1n\u00ed mo\u017en\u00fdch trestn\u00fdch \u010din\u016f nen\u00e1vistn\u00fdch projev\u016f. Mezit\u00edm byl Siyaad som\u00e1lsk\u00fdm soudem v nep\u0159\u00edtomnosti odsouzen k 10 let\u016fm v\u011bzen\u00ed za online islamistickou propagandu.<\/span><\/p>\n<p><span>Ayub byl ned\u00e1vno spat\u0159en v Som\u00e1lsku, kde \u00fadajn\u011b pracoval jako poradce v Puntlandu. Nicm\u00e9n\u011b teprve minul\u00fd t\u00fdden zve\u0159ejnil video, na kter\u00e9m je vid\u011bt na d\u00e1lnici ve Francii.<\/span><\/p>\n<p><span>V prosinci 2022 \u00fadaje n\u011bmeck\u00e9 spolkov\u00e9 vl\u00e1dy odhalily, \u017ee\u00a0<\/span><a href=\"https:\/\/rmx.news\/crime\/1-in-10-somali-nationals-were-considered-suspects-in-crime-across-germany-in-2020\/\"><span>ka\u017ed\u00fd des\u00e1t\u00fd som\u00e1lsk\u00fd ob\u010dan \u017eij\u00edc\u00ed v zemi byl podez\u0159el\u00fd z trestn\u00e9 \u010dinnosti<\/span><\/a><span>\u00a0.<\/span><\/p>\n<p><span>Data zve\u0159ejn\u011bn\u00e1 na \u017e\u00e1dost parlamentu stranou Alternativa pro N\u011bmecko (AfD) uk\u00e1zala, \u017ee z 47 000 som\u00e1lsk\u00fdch ob\u010dan\u016f \u017eij\u00edc\u00edch v N\u011bmecku v roce 2020 bylo v\u00edce ne\u017e 5 200 podez\u0159el\u00fdch v trestn\u00edm \u0159\u00edzen\u00ed, co\u017e p\u0159edstavuje n\u011bco m\u00e1lo p\u0159es 11 procent.<\/span><\/p>\n<p><span>Koncem lo\u0148sk\u00e9ho roku ozn\u00e1mila b\u00fdval\u00e1 n\u011bmeck\u00e1 vl\u00e1da veden\u00e1 tehdej\u0161\u00edm kancl\u00e9\u0159em Olafem Scholzem dohodu o deportac\u00edch se som\u00e1lskou vl\u00e1dou, jej\u00edm\u017e c\u00edlem bylo repatriovat neleg\u00e1ln\u00ed migranty nebo osoby odsouzen\u00e9 za z\u00e1va\u017en\u00e9 trestn\u00e9 \u010diny.<\/span><\/p>\n<p><span>A\u010dkoli deportace Som\u00e1lc\u016f lze teoreticky nyn\u00ed vym\u00e1hat, neexistuj\u00ed \u017e\u00e1dn\u00e9 ve\u0159ejn\u00e9 \u00fadaje o tom, kolik se jich od podpisu dohody skute\u010dn\u011b vr\u00e1tilo.<\/span><\/p>\n<p><img decoding=\"async\" loading=\"lazy\" class=\"alignnone size-full wp-image-1185\" src=\"http:\/\/www.infokuryr.cz\/n\/wp-content\/uploads\/2021\/04\/kuryr-podpis.png\" alt=\"\" width=\"84\" height=\"24\" \/><\/p>\n<p>&nbsp;<\/p>\n","protected":false},"excerpt":{"rendered":"<p>Vy\u0161et\u0159ov\u00e1n\u00ed n\u011bmeck\u00fdch m\u00e9di\u00ed zjistilo, \u017ee influence\u0159i spojen\u00ed s pir\u00e1tstv\u00edm a ozbrojen\u00fdmi milicemi vyu\u017e\u00edvaj\u00ed soci\u00e1ln\u00ed m\u00e9dia&#8230;<\/p>\n","protected":false},"author":2,"featured_media":83088,"comment_status":"closed","ping_status":"closed","sticky":false,"template":"","format":"standard","meta":[],"categories":[7],"tags":[91,84,1051,3114],"_links":{"self":[{"href":"https:\/\/www.infokuryr.cz\/n\/wp-json\/wp\/v2\/posts\/83087"}],"collection":[{"href":"https:\/\/www.infokuryr.cz\/n\/wp-json\/wp\/v2\/posts"}],"about":[{"href":"https:\/\/www.infokuryr.cz\/n\/wp-json\/wp\/v2\/types\/post"}],"author":[{"embeddable":true,"href":"https:\/\/www.infokuryr.cz\/n\/wp-json\/wp\/v2\/users\/2"}],"replies":[{"embeddable":true,"href":"https:\/\/www.infokuryr.cz\/n\/wp-json\/wp\/v2\/comments?post=83087"}],"version-history":[{"count":0,"href":"https:\/\/www.infokuryr.cz\/n\/wp-json\/wp\/v2\/posts\/83087\/revisions"}],"wp:featuredmedia":[{"embeddable":true,"href":"https:\/\/www.infokuryr.cz\/n\/wp-json\/wp\/v2\/media\/83088"}],"wp:attachment":[{"href":"https:\/\/www.infokuryr.cz\/n\/wp-json\/wp\/v2\/media?parent=83087"}],"wp:term":[{"taxonomy":"category","embeddable":true,"href":"https:\/\/www.infokuryr.cz\/n\/wp-json\/wp\/v2\/categories?post=83087"},{"taxonomy":"post_tag","embeddable":true,"href":"https:\/\/www.infokuryr.cz\/n\/wp-json\/wp\/v2\/tags?post=83087"}],"curies":[{"name":"wp","href":"https:\/\/api.w.org\/{rel}","templated":true}]}}