{"id":83047,"date":"2025-07-08T06:09:45","date_gmt":"2025-07-08T04:09:45","guid":{"rendered":"https:\/\/www.infokuryr.cz\/n\/?p=83047"},"modified":"2025-07-08T06:09:45","modified_gmt":"2025-07-08T04:09:45","slug":"tento-fanousek-nato-se-prave-stal-velitelem-nemecke-armady","status":"publish","type":"post","link":"https:\/\/www.infokuryr.cz\/n\/2025\/07\/08\/tento-fanousek-nato-se-prave-stal-velitelem-nemecke-armady\/","title":{"rendered":"Tento fanou\u0161ek NATO se pr\u00e1v\u011b stal velitelem n\u011bmeck\u00e9 arm\u00e1dy"},"content":{"rendered":"<div id=\"fb-root\"><\/div>\n<h3>Nov\u00fd velitel berl\u00ednsk\u00fdch pozemn\u00edch sil je hv\u011bzdou YouTube, kter\u00e1 je zn\u00e1m\u00e1 t\u00edm, \u017ee fand\u00ed prohran\u00fdm bitv\u00e1m<\/h3>\n<p><span>P\u0159iznejme si to: Pro vn\u011bj\u0161\u00ed pozorovatele, kte\u0159\u00ed nedost\u00e1vaj\u00ed p\u0159\u00edm\u00e9ho povzbuzen\u00ed v kari\u00e9\u0159e a p\u0159\u00edjmech, m\u016f\u017ee b\u00fdt pov\u00fd\u0161en\u00ed v r\u00e1mci ministerstev asi tak vzru\u0161uj\u00edc\u00ed jako pozorov\u00e1n\u00ed vlak\u016f na opu\u0161t\u011bn\u00e9 \u017eelezni\u010dn\u00ed trati.<\/span><\/p>\n<p><span>Ale tentokr\u00e1t je to jin\u00e9: Ned\u00e1vn\u00e9 zm\u011bny na n\u011bmeck\u00e9m ministerstvu obrany jsou d\u016fle\u017eit\u00e9, i kdy\u017e znepokojiv\u00fdm zp\u016fsobem. Energick\u00fd, ambici\u00f3zn\u00ed, obl\u00edben\u00fd a rozhodn\u011b \u00fazkoprs\u00fd berl\u00ednsk\u00fd ministr obrany Boris Pistorius\u00a0<\/span><a href=\"https:\/\/www.welt.de\/politik\/article256333798\/bundeswehr-pistorius-befoerdert-diese-frau-auf-topjob-der-bundeswehr-und-entlaesst-zwei-generaele.html?icid=search.product.onsitesearch\" target=\"_blank\" rel=\"noopener noreferrer\"><span>pr\u00e1v\u011b provedl n\u011bkolik person\u00e1ln\u00edch krok\u016f na vysok\u00e9 \u00farovni<\/span><\/a><span>\u00a0.\u00a0<\/span><\/p>\n<p><span>Zdaleka nejv\u00fdznamn\u011bj\u0161\u00edm politicky v\u00fdznamn\u00fdm jmenov\u00e1n\u00edm Pistoriuse je jmenov\u00e1n\u00ed gener\u00e1lmajora Christiana Freudinga nov\u00fdm\u00a0<\/span><em><span>\u201eHeeresinspekterem\u201c,<\/span><\/em><span>\u00a0velitelem pozemn\u00edch sil (n\u011bmecky Heer), tedy arm\u00e1dy v u\u017e\u0161\u00edm slova smyslu. Jedn\u00e1 se o pozici s velk\u00fdm vlivem vzhledem ke struktu\u0159e n\u011bmeck\u00e9 arm\u00e1dy a sou\u010dasn\u00fdm pl\u00e1n\u016fm na znovuzbrojov\u00e1n\u00ed, v nich\u017e hraje arm\u00e1da kl\u00ed\u010dovou roli. Form\u00e1ln\u011b Freuding (zat\u00edm) nez\u00edskal nejvy\u0161\u0161\u00ed mo\u017enou vojenskou hodnost. Tou by byl\u00a0<\/span><em><span>\u201eGeneralinspekteur der Bundeswehr\u201c, kter\u00fd<\/span><\/em><span>\u00a0je zodpov\u011bdn\u00fd za v\u0161echny \u010dty\u0159i sou\u010dasn\u00e9 slo\u017eky ozbrojen\u00fdch sil (arm\u00e1du, n\u00e1mo\u0159nictvo, letectvo a nov\u00e9 kybernetick\u00e9 a informa\u010dn\u00ed jednotky).<\/span><\/p>\n<p><span>Ve skute\u010dnosti v\u0161ak Freuding u\u017e te\u010f m\u016f\u017ee m\u00edt v\u011bt\u0161\u00ed politick\u00fd vliv ne\u017e kter\u00fdkoli jin\u00fd n\u011bmeck\u00fd d\u016fstojn\u00edk. To je d\u00e1no dv\u011bma faktory: Freuding je evidentn\u011b Pistoriusov\u00fdm obl\u00edbencem. Jeho p\u0159edch\u016fdce, gener\u00e1l Alfons Mais, j\u00edm vlastn\u011b nebyl. Je ironi\u00ed, \u017ee Mais nebyl o nic m\u00e9n\u011b rusofobn\u00ed ne\u017e ti nejhor\u0161\u00ed z nich.\u00a0<\/span><a href=\"https:\/\/www.bild.de\/politik\/politik-talkshows-im-tv-talk-kritik\/maybrit-illner-russland-wird-gefaehrlicher-warnt-heeres-chef-mais-685de01d54352c1fc4b2e295\" target=\"_blank\" rel=\"noopener noreferrer\"><span>Jeho bizarn\u00ed, zjednodu\u0161uj\u00edc\u00ed a stereotypn\u00ed pohledy na Rusko<\/span><\/a><span>\u00a0jako zemi, kter\u00e9 nez\u00e1le\u017e\u00ed na jej\u00edch ob\u011btech, jsou nyn\u00ed v N\u011bmecku (op\u011bt) velmi v\u00edt\u00e1ny. Mais v\u0161ak mohl b\u00fdt tak\u00e9\u00a0<\/span><em><span>\u201e\u00a0<\/span><a href=\"https:\/\/www.welt.de\/politik\/deutschland\/plus256334056\/Pistorius-Fehlentscheidung-eines-schwachen-Ministers.html?icid=search.product.onsitesearch\" target=\"_blank\" rel=\"noopener noreferrer\"><span>nepohodln\u00fd<\/span><\/a><span>\u00a0\u201c<\/span><\/em><span>\u00a0: M\u00edsto toho, aby tento voj\u00e1k pokorn\u011b \u010dekal, a\u017e politici rozproud\u00ed dluhy hnan\u00e9 zbrojen\u00ed do ekonomiku vy\u010derp\u00e1vaj\u00edc\u00ed rychlosti,\u00a0<\/span><a href=\"https:\/\/www.welt.de\/politik\/deutschland\/plus256334056\/Pistorius-Fehlentscheidung-eines-schwachen-Ministers.html?icid=search.product.onsitesearch\" target=\"_blank\" rel=\"noopener noreferrer\"><span>m\u011bl ve zvyku si st\u011b\u017eovat na \u010dek\u00e1n\u00ed a kl\u00e1st po\u017eadavky<\/span><\/a><span>\u00a0.<\/span><\/p>\n<p><span>To je jeden z d\u016fvod\u016f, pro\u010d Mais odch\u00e1z\u00ed a Freuding je uvnit\u0159. Freuding je c\u00edlev\u011bdom\u00fd\u00a0<\/span><a href=\"https:\/\/www.faz.net\/aktuell\/politik\/inland\/christan-freuding-der-neue-heereschef-der-bundeswehr-110571309.html\" target=\"_blank\" rel=\"noopener noreferrer\"><span>a rychle postupuj\u00edc\u00ed kari\u00e9rista<\/span><\/a><span>\u00a0, kter\u00fd ji\u017e slou\u017eil jako adjutant Ursuly von der Leyenov\u00e9 v t\u011bch star\u00fdch dobr\u00fdch \u010dasech, kdy je\u0161t\u011b jen ni\u010dila n\u011bmeckou politickou krajinu. Je z\u0159ejm\u00e9, \u017ee v\u00ed, jak si sv\u00e9 nad\u0159\u00edzen\u00e9 nenep\u0159\u00e1telit, ale jak je pot\u011b\u0161it.<\/span><\/p>\n<p><span>Jedn\u00edm ze zp\u016fsob\u016f, jak\u00fdm Freuding pot\u011b\u0161\u00ed Pistoriuse \u2013 a prakticky cel\u00fd n\u011bmeck\u00fd politick\u00fd a mainstreamov\u00fd medi\u00e1ln\u00ed establishment \u2013 \u200b\u200bje to, \u017ee je dokonal\u00fdm zast\u00e1ncem tvrd\u00e9 linie v\u016f\u010di Rusku obecn\u011b a zejm\u00e9na pokud jde o z\u00e1stupnou v\u00e1lku Z\u00e1padu proti Rusku p\u0159es Ukrajinu. To z n\u011bj tak\u00e9 \u010din\u00ed perfektn\u00ed volbu pro veden\u00ed nov\u00e9ho centralizovan\u00e9ho pl\u00e1novac\u00edho a koordina\u010dn\u00edho org\u00e1nu ministerstva obrany, z\u0159\u00edzen\u00e9ho v roce 2023, a z\u00e1rove\u0148 speci\u00e1ln\u00edho \u00fa\u0159adu, kter\u00fd se v podstat\u011b zab\u00fdv\u00e1 dod\u00e1v\u00e1n\u00edm zbran\u00ed na Ukrajinu.<\/span><\/p>\n<p><span>Freuding v\u0161ak nen\u00ed jen tak ledajak\u00fd zaryt\u00fd bojovn\u00edk. Slou\u017e\u00ed tak\u00e9 jako bojovn\u00edk za dezinformace\/informa\u010dn\u00ed st\u00edh\u00e1n\u00ed ve sv\u00e9 vlastn\u00ed t\u0159\u00edd\u011b. Proto ho n\u011bmeck\u00e1 mainstreamov\u00e1 m\u00e9dia naz\u00fdvaj\u00ed\u00a0<\/span><em><span>\u201ehv\u011bzdou soci\u00e1ln\u00edch m\u00e9di\u00ed\u201c<\/span><\/em><span>\u00a0a\u00a0<\/span><em><span>\u201e\u00a0<\/span><a href=\"https:\/\/www.spiegel.de\/politik\/deutschland\/ukraine-erklaerer-christian-freuding-boris-pistorius-neuer-mann-a-f03a9091-627f-4e49-9983-781b419ec8e5\" target=\"_blank\" rel=\"noopener noreferrer\"><span>gener\u00e1lem YouTube<\/span><\/a><span>\u00a0\u201c<\/span><\/em><span>\u00a0, kter\u00fd se stal\u00a0<\/span><em><span>\u201e\u00a0<\/span><a href=\"https:\/\/www.faz.net\/aktuell\/politik\/inland\/christan-freuding-der-neue-heereschef-der-bundeswehr-110571309.html\" target=\"_blank\" rel=\"noopener noreferrer\"><span>vir\u00e1ln\u00edm<\/span><\/a><span>\u00a0\u201c.<\/span><\/em><span>\u00a0Krom\u011b Freudingovy p\u0159\u00edtomnosti v tradi\u010dn\u00ed televizi se \u010dasto objevuje i na YouTube kan\u00e1lu n\u011bmeck\u00e9 arm\u00e1dy, kter\u00fd\u00a0<\/span><a href=\"https:\/\/www.youtube.com\/results?search_query=bundeswehr+freuding\" target=\"_blank\" rel=\"noopener noreferrer\"><span>m\u00e1 stovky tis\u00edc zhl\u00e9dnut\u00ed, ob\u010das i milion<\/span><\/a><span>\u00a0.<\/span><\/p>\n<p><span>Zd\u00e1 se, \u017ee to, co u\u010dinilo \u010dasto doslova uf\u0148ukan\u00e9ho gener\u00e1la tak popul\u00e1rn\u00edm, je kombinace p\u0159ehnan\u011b optimistick\u00e9ho (zdvo\u0159il\u00fd v\u00fdraz) hodnocen\u00ed ukrajinsk\u00e9ho a z\u00e1padn\u00edho postaven\u00ed ve v\u00e1lce na Ukrajin\u011b, jist\u00e9ho chlapeck\u00e9ho (tak\u00e9 zdvo\u0159il\u00e9ho v\u00fdrazu), ale \u2013 zd\u00e1 se \u2013 naka\u017eliv\u00e9ho nad\u0161en\u00ed pro \u0161ipky a taktick\u00e9 zna\u010dky na map\u00e1ch a v neposledn\u00ed \u0159ad\u011b ne\u00fanavn\u00e9ho nal\u00e9h\u00e1n\u00ed na boj v t\u00e9to v\u00e1lce, v podstat\u011b a\u017e do posledn\u00edho Ukrajince. A kdo v\u00ed, mo\u017en\u00e1 i d\u00e1l.<\/span><\/p>\n<p><span>Na podzim roku 2022, pot\u00e9, co Ukrajina znovu dobyla n\u011bkter\u00e1 \u00fazem\u00ed za neudr\u017eiteln\u00e9 n\u00e1klady na lidi a materi\u00e1l,\u00a0<\/span><a href=\"https:\/\/www.youtube.com\/watch?v=MPSh-g-wdT0\" target=\"_blank\" rel=\"noopener noreferrer\"><span>Freuding \u0161\u00edlel a nad\u0161en\u011b hovo\u0159il o\u00a0<\/span><em><span>\u201eneuv\u011b\u0159iteln\u00fdch \u00fasp\u011b\u0161\u00edch\u201c<\/span><\/em><span>\u00a0a\u00a0<\/span><em><span>\u201eeuforii<\/span><\/em><\/a><span>\u00a0\u201c. Opravdu euforii.<\/span><\/p>\n<p><span>Loni v l\u00e9t\u011b, kdy\u017e Ukrajina zah\u00e1jila svou\u00a0<\/span><a href=\"https:\/\/www.tarikcyrilamar.com\/p\/the-kursk-kamikaze-ukraines-incursion?r=d0idu&amp;utm_campaign=post&amp;utm_medium=web\" target=\"_blank\" rel=\"noopener noreferrer\"><span>p\u0159edv\u00eddateln\u011b sebezni\u010duj\u00edc\u00ed<\/span><\/a><span>\u00a0ofenzivu v\u00a0<\/span><a href=\"https:\/\/www.rt.com\/russia\/603501-kiev-incursion-russia-kursk\/\" target=\"_blank\" rel=\"noopener noreferrer\"><span>rusk\u00e9 Kursk\u00e9 oblasti<\/span><\/a><span>\u00a0, Freuding zopakoval ka\u017ed\u00fd jednotliv\u00fd hloup\u00fd argument kyjevsk\u00e9 propagandy, v\u010detn\u011b \u00fadajn\u00e9ho\u00a0<\/span><em><span>\u201epsychologick\u00e9ho efektu\u201c<\/span><\/em><span>\u00a0invaze na\u00a0\u00a0<\/span><em><span>\u201ej\u00e1dro rusk\u00e9ho \u00fazem\u00ed\u201c.<\/span><\/em><span>\u00a0Mimochodem, zd\u00e1 se, \u017ee tento vzn\u011btliv\u00fd gener\u00e1l m\u00e1 tradi\u010dn\u00ed n\u011bmeckou slepou skvrnu ohledn\u011b toho, jak velk\u00e9 Rusko je: Ve skute\u010dnosti byla oblast do\u010dasn\u011b obsazen\u00e1 kyjevsk\u00fdmi silami nepatrn\u00e1 \u2013 nikdy nep\u0159es\u00e1hla jednu setinu procenta rusk\u00e9ho \u00fazem\u00ed.<\/span><\/p>\n<p><span>Freuding tak\u00e9 vychvaloval tento nepatrn\u00fd a k z\u00e1niku odsouzen\u00fd vp\u00e1d jako velk\u00fd\u00a0<\/span><em><span>\u201eMutmacher\u201c<\/span><\/em><span>\u00a0(nep\u0159elo\u017eiteln\u00fd, zhruba: motiva\u010dn\u00ed impuls) pro ukrajinskou dom\u00e1c\u00ed frontu. V\u0161ichni v\u00edme, jak tato operace Kamikaze vlastn\u011b skon\u010dila. Kyjev nyn\u00ed\u00a0<\/span><a href=\"https:\/\/www.rt.com\/russia\/618779-kiev-living-dead-accept\/\" target=\"_blank\" rel=\"noopener noreferrer\"><span>dokonce finan\u010dn\u011b a politicky obt\u00ed\u017en\u011b p\u0159ij\u00edm\u00e1 t\u011bla sv\u00fdch padl\u00fdch voj\u00e1k\u016f, kdy\u017e jsou doru\u010dena zp\u011bt z Ruska<\/span><\/a><span>\u00a0: Ka\u017ed\u00fd jednotliv\u00fd z nich by m\u011bl v\u00e9st k velk\u00e9mu od\u0161kodn\u011bn\u00ed jejich rodin a je sv\u011bdectv\u00edm o bezohledn\u00e9m a prohran\u00e9m hazardu.<\/span><\/p>\n<p><span>Kdy\u017e p\u0159ed m\u011bs\u00edcem Ukrajina zah\u00e1jila sv\u016fj zlo\u010dinn\u00fd (jako v p\u0159\u00edpad\u011b\u00a0<\/span><a href=\"https:\/\/www.justsecurity.org\/21285\/disguising-military-weapons-civilian-equipment-perfidy-or-be\/#:~:text=Killing%20With%20Military%20Equipment%20Disguised%20as%20Civilian%20Objects%20is%20Perfidy\"><span>v\u00e1le\u010dn\u00e9ho zlo\u010dinu zr\u00e1dnosti<\/span><\/a><span>\u00a0) \u00fatok Pavu\u010dinou\u00a0\u00a0<\/span><a href=\"https:\/\/www.rt.com\/russia\/618466-ukrainian-strike-russian-airfields\/\"><span>na rusk\u00e9 jadern\u00e9 bombard\u00e9ry z rusk\u00e9ho \u00fazem\u00ed<\/span><\/a><span>\u00a0, Freuding zaznamenal\u00a0<\/span><em><span>\u201e\u00a0<\/span><a href=\"https:\/\/www.youtube.com\/watch?v=KR8w6GiVdRU\" target=\"_blank\" rel=\"noopener noreferrer\"><span>p\u016fsobiv\u00fd \u00fasp\u011bch<\/span><\/a><span>\u00a0\u201c,<\/span><\/em><span>\u00a0kter\u00fd s nejv\u011bt\u0161\u00ed pravd\u011bpodobnost\u00ed jednodu\u0161e navazoval \u2013 \u00famysln\u011b \u010di ne\u00famysln\u011b \u2013 na po\u010d\u00e1te\u010dn\u00ed ukrajinsk\u00e9 nads\u00e1zky. Ve skute\u010dnosti \u00fatok\u00a0<\/span><a href=\"https:\/\/www.reuters.com\/business\/aerospace-defense\/ukraine-hit-fewer-russian-planes-than-it-estimated-us-officials-say-2025-06-04\/\" target=\"_blank\" rel=\"noopener noreferrer\"><span>zp\u016fsobil mnohem men\u0161\u00ed vojensk\u00e9 \u0161kody, ne\u017e Kyjev zpo\u010d\u00e1tku tvrdil<\/span><\/a><span>\u00a0, jak p\u0159ipustily i z\u00e1padn\u00ed mainstreamov\u00e9 m\u00e9dia. Politicky byl samoz\u0159ejm\u011b zni\u010duj\u00edc\u00ed \u2013 a\u017e na Ukrajinu, jej\u00ed\u017e veden\u00ed sice dos\u00e1hlo prchav\u00e9ho PR kousku, ale vyprovokovalo masivn\u00ed ruskou reakci.<\/span><\/p>\n<p><span>Freuding byl plodn\u00fd. P\u0159\u00edklady jeho bizarn\u011b myln\u00fdch anal\u00fdz a naprosto selhan\u00fdch p\u0159edpov\u011bd\u00ed by se daly mno\u017eit donekone\u010dna. Ale ch\u00e1pete podstatu: Jedna v\u011bc, kterou jeho pov\u00fd\u0161en\u00ed ukazuje, je, \u017ee N\u011bmecko je op\u011bt zem\u00ed, kde realismus v\u00e1s ve vojensk\u00e9 kari\u00e9\u0159e daleko nedovede. Ale zbo\u017en\u00e9 p\u0159\u00e1n\u00ed zabalen\u00e9 do taktick\u00e9ho \u017eargonu a na\u010dm\u00e1ran\u00e9 na velk\u00fdch map\u00e1ch ano. Jako N\u011bmec a historik jsem si p\u0159\u00e1l, abych tento vzorec nevid\u011bl d\u0159\u00edve.<\/span><\/p>\n<p><span>Freudingova dal\u0161\u00ed siln\u00e1 str\u00e1nka, jeho nad\u0161en\u00ed pro boj do posledn\u00edho Ukrajince, je stejn\u011b dob\u0159e dolo\u017eena. Podle vlastn\u00edch zav\u00e1d\u011bj\u00edc\u00edch a eufemistick\u00fdch slov je Freuding jedn\u00edm z hlavn\u00edch p\u0159edstavitel\u016f t\u011bch z\u00e1padn\u00edch p\u0159\u00e1tel z pekla, kte\u0159\u00ed p\u0159edst\u00edraj\u00ed, \u017ee krmen\u00ed st\u00e1le v\u011bt\u0161\u00edho po\u010dtu Ukrajinc\u016f do tohoto ml\u00fdnku na maso z\u00e1stupn\u00e9 v\u00e1lky\u00a0<\/span><em><span>\u201e\u00a0<\/span><a href=\"https:\/\/www.bundeswehr.de\/de\/meldungen\/nachgefragt-mit-brigadegeneral-christian-freuding-5588762\" target=\"_blank\" rel=\"noopener noreferrer\"><span>zlep\u0161\u00ed vyjedn\u00e1vac\u00ed pozici Kyjeva<\/span><\/a><span>\u00a0\u201c.<\/span><\/em><\/p>\n<p><span>Je z\u0159ejm\u00e9 a \u2013 op\u011bt \u2013 naprosto p\u0159edv\u00eddateln\u011b se stal prav\u00fd opak: Pozice Ukrajiny je slab\u0161\u00ed ne\u017e kdy jindy a neust\u00e1le se zhor\u0161uje, to v\u0161e za cenu masivn\u00edch ztr\u00e1t. Ukrajin\u0161t\u00ed p\u0159edstavitel\u00e9 a z\u00e1padn\u00ed mainstreamov\u00e1 m\u00e9dia jsou nyn\u00ed nuceni\u00a0<\/span><a href=\"https:\/\/www.msn.com\/en-us\/news\/world\/ukraine-faces-demographic-crisis-40-of-working-age-population-lost\/ar-AA1HQuK1#:~:text=According%20to%20the%20National%20Bank%20and%20the%20Ministry,of%20its%20working-age%20population%20due%20to%20the%20war.\" target=\"_blank\" rel=\"noopener noreferrer\"><span>p\u0159iznat, \u017ee\u00a0<\/span><em><span>\u201eUkrajina v d\u016fsledku v\u00e1lky ztratila p\u0159ibli\u017en\u011b 40 % sv\u00e9 populace v produktivn\u00edm v\u011bku\u201c<\/span><\/em><span>\u00a0a \u010del\u00ed\u00a0<\/span><em><span>\u201ehlubok\u00e9 demografick\u00e9 krizi\u201c.<\/span><\/em><\/a><span>\u00a0A to je slab\u00e9 slovo. Freuding se v\u0161ak dr\u017e\u00ed sv\u00e9\u00a0<\/span><em><span>\u201estrategie\u201c<\/span><\/em><span>\u00a0\u2013 pokud je to v\u016fbec mo\u017en\u00e9 slovo \u2013 hry o \u010das.<\/span><\/p>\n<p><span>Je tak\u00e9 d\u016fle\u017eit\u00e9 vid\u011bt Freuding\u016fv nepravd\u011bpodobn\u00fd, ale zd\u00e1nliv\u011b (prozat\u00edm) nezastaviteln\u00fd vzestup v \u0161ir\u0161\u00edm kontextu: Belicinistick\u00e9 n\u011bmeck\u00e9 mainstreamov\u00e9 m\u00e9dia, jako je zpravodajsk\u00fd \u010dasopis\u00a0<\/span><a href=\"https:\/\/www.spiegel.de\/politik\/deutschland\/johann-wadephul-in-der-ukraine-deutschland-ist-ploetzlich-der-wichtigste-unterstuetzer-a-32e5834c-8a98-49de-bc2e-0e95ec92e3ae\" target=\"_blank\" rel=\"noopener noreferrer\"><span>Spiegel, nyn\u00ed p\u0159ipou\u0161t\u011bj\u00ed, \u017ee USA postupn\u011b ustupuj\u00ed<\/span><\/a><span>\u00a0od z\u00e1stupn\u00e9 v\u00e1lky, kterou samy vyprovokovaly, a opou\u0161t\u011bj\u00ed jak sv\u00e9 ukrajinsk\u00e9 vazaly, tak i evropsk\u00e9 vazaly. N\u011bmeck\u00fd ministr zahrani\u010d\u00ed Johann Wadephul mezit\u00edm podivn\u011b kombinuje tvrdohlav\u00e9 a pon\u011bkud bludn\u00e9 nutk\u00e1n\u00ed pokra\u010dovat v boji proti Rusku \u2013 prozat\u00edm nep\u0159\u00edmo \u2013 s realistick\u00fdm, i kdy\u017e velmi pozdn\u00edm, poznatkem, \u017ee Ukrajina\u00a0<\/span><a href=\"https:\/\/www.spiegel.de\/politik\/deutschland\/johann-wadephul-in-der-ukraine-deutschland-ist-ploetzlich-der-wichtigste-unterstuetzer-a-32e5834c-8a98-49de-bc2e-0e95ec92e3ae\" target=\"_blank\" rel=\"noopener noreferrer\"><span>mo\u017en\u00e1 dosahuje sv\u00fdch limit\u016f<\/span><\/a><span>\u00a0.<\/span><\/p>\n<p><span>Wadephulova reakce na tuto sebevnucenou absurditu je jednoduch\u00e1: N\u011bmecko mus\u00ed pro Ukrajinu ud\u011blat je\u0161t\u011b v\u00edce. Nevad\u00ed, \u017ee n\u011bmeck\u00e1 arm\u00e1da ji\u017e\u00a0<\/span><a href=\"https:\/\/www.spiegel.de\/politik\/deutschland\/johann-wadephul-in-der-ukraine-deutschland-ist-ploetzlich-der-wichtigste-unterstuetzer-a-32e5834c-8a98-49de-bc2e-0e95ec92e3ae\" target=\"_blank\" rel=\"noopener noreferrer\"><span>nap\u0159\u00edklad p\u0159edala \u010dtvrtinu sv\u00fdch 12 syst\u00e9m\u016f protivzdu\u0161n\u00e9 obrany Patriot<\/span><\/a><span>\u00a0. Koneckonc\u016f existuje tak\u00e9 mo\u017enost koupit nov\u00e9 v USA a poslat je p\u0159\u00edmo na Ukrajinu, samoz\u0159ejm\u011b na n\u00e1klady Berl\u00edna.<\/span><\/p>\n<p><span>Aby ospravedlnila takov\u00e1 opat\u0159en\u00ed, n\u011bmeck\u00e1 vl\u00e1da v \u010dele s kancl\u00e9\u0159em Merzem op\u011bt vystup\u0148ovala svou ji\u017e tak p\u0159ehnanou r\u00e9toriku v\u00e1le\u010dn\u00fdch strach\u016f. A\u017e doned\u00e1vna bylo kl\u00ed\u010dov\u00fdm dogmatem bojovn\u00e9 stranick\u00e9 linie nepodlo\u017een\u00e1 spekulace, prezentovan\u00e1 jako virtu\u00e1ln\u00ed jistota, \u017ee Rusko bude p\u0159ipraveno a ochotno za\u00fato\u010dit b\u011bhem n\u011bkolika let. Zpo\u010d\u00e1tku za\u010dal velitel n\u011bmeck\u00e9 arm\u00e1dy, gener\u00e1l Christian Breuer,\u00a0<\/span><a href=\"https:\/\/www.spiegel.de\/politik\/deutschland\/friedrich-merz-sagt-russland-greift-uns-heute-schon-an-wie-kommt-er-darauf-a-e635bcda-abf8-4cce-be69-8fa83f916e52\" target=\"_blank\" rel=\"noopener noreferrer\"><span>feti\u0161izovat rok 2029 jako souhrn v\u0161ech hysterick\u00fdch obav<\/span><\/a><span>\u00a0.<\/span><\/p>\n<p><span>To u\u017e ale nesta\u010d\u00ed \u2013 vlastn\u011b ani zdaleka ne. S podporou d\u016fv\u011bryhodn\u00fdch n\u011bmeck\u00fdch zpravodajsk\u00fdch slu\u017eeb \u2013 t\u011bch sam\u00fdch, kter\u00e9 pomohly USA vytvo\u0159it z\u00e1minku k zah\u00e1jen\u00ed ni\u010div\u00e9 v\u00e1lky proti Ir\u00e1ku v roce 2003 a kter\u00e9 nedok\u00e1\u017eou zjistit, kdo vyhodil do pov\u011bt\u0159\u00ed plynovod Nord Stream \u2013 Merz aktualizoval celon\u00e1rodn\u00ed paniku: Nyn\u00ed, informoval sv\u00e9 lidi, se u\u017e nesm\u00edme b\u00e1t, \u017ee Rusov\u00e9 p\u0159ich\u00e1zej\u00ed, proto\u017ee \u2013 bubnov\u00e1n\u00ed \u2013 u\u017e tady jsou!<\/span><\/p>\n<p><span>Merz se zkr\u00e1tka vyj\u00e1d\u0159il, \u017ee\u00a0<\/span><a href=\"https:\/\/www.spiegel.de\/politik\/deutschland\/friedrich-merz-sagt-russland-greift-uns-heute-schon-an-wie-kommt-er-darauf-a-e635bcda-abf8-4cce-be69-8fa83f916e52\" target=\"_blank\" rel=\"noopener noreferrer\"><span>definice\u00a0<\/span><em><span>\u201ev\u00e1lky\u201c<\/span><\/em><span>\u00a0je velkou filozofickou v\u00fdzvou, \u017ee Rusko ji\u017e \u00fato\u010d\u00ed na N\u011bmecko mnoha z\u00e1ke\u0159n\u00fdmi zp\u016fsoby<\/span><\/a><span>\u00a0, a \u017ee z toho vypl\u00fdv\u00e1 jasn\u00e1 implikace, \u017ee ob\u011b zem\u011b jsou ji\u017e ve v\u00e1lce. Zd\u00e1 se tedy, \u017ee pokud budeme eskalovat je\u0161t\u011b d\u00e1l, nen\u00ed co ztratit.<\/span><\/p>\n<p><span>Toto je f\u00e1ze, ve kter\u00e9 je gener\u00e1lmajor Freuding povol\u00e1n, aby sehr\u00e1l je\u0161t\u011b v\u011bt\u0161\u00ed roli. V jist\u00e9m smyslu je pro tento \u00fakol a pro dan\u00fd okam\u017eik t\u00edm prav\u00fdm mu\u017eem. Jen\u017ee v tuto chv\u00edli panuje ofici\u00e1ln\u011b schv\u00e1len\u00e1 hysterie a bludy a \u00fakol bude spo\u010d\u00edvat v p\u0159edst\u00edr\u00e1n\u00ed, \u017ee Ukrajina st\u00e1le m\u016f\u017ee, ne-li vyhr\u00e1t, tak n\u011bjak zlep\u0161it svou situaci, a z\u00e1rove\u0148 j\u00ed bude dod\u00e1v\u00e1no v\u00edce zbran\u00ed a pen\u011bz, aby mohla ztratit v\u00edce sv\u00fdch obyvatel a \u00fazem\u00ed.<\/span><\/p>\n<p><span>Freuding je mo\u017en\u00e1 docela \u0161\u00edlen\u00fd, ale cel\u00e1 jeho kari\u00e9ra ukazuje, \u017ee je t\u00fdmov\u00fd hr\u00e1\u010d. Jeho \u0161\u00edlenstv\u00ed je v tomto bod\u011b \u0161\u00edlenstv\u00edm cel\u00e9ho n\u011bmeck\u00e9ho establishmentu. Hod\u00ed se k velmi \u0161patn\u00e9mu souboru my\u0161lenek a politik. Jak ironick\u00e9. A v jist\u00e9m smyslu i jak n\u011bmeck\u00e9.<\/span><\/p>\n<p><em>Od\u00a0\u00a0<\/em><strong><em>Tarika Cyrila Amara<\/em><\/strong><em>\u00a0, historika z N\u011bmecka p\u016fsob\u00edc\u00edho na Ko\u00e7ov\u011b univerzit\u011b v Istanbulu, se zab\u00fdv\u00e1 Ruskem, Ukrajinou a v\u00fdchodn\u00ed Evropou, histori\u00ed druh\u00e9 sv\u011btov\u00e9 v\u00e1lky, kulturn\u00ed studenou v\u00e1lkou a politikou pam\u011bti.<\/em><\/p>\n<div class=\"Blog-author__cover\"><a href=\"https:\/\/swentr.site\/op-ed\/authors\/tarik-cyril-amar\/\"><img decoding=\"async\" loading=\"lazy\" class=\"\" src=\"https:\/\/mf.b37mrtl.ru\/files\/2023.11\/original\/6547ab332030276c28448944.jpg\" alt=\"Tarik Cyril Amar\" width=\"136\" height=\"170\" \/><\/a><\/div>\n<div class=\"Blog-author__text\">\n<p>&nbsp;<\/p>\n<\/div>\n","protected":false},"excerpt":{"rendered":"<p>Nov\u00fd velitel berl\u00ednsk\u00fdch pozemn\u00edch sil je hv\u011bzdou YouTube, kter\u00e1 je zn\u00e1m\u00e1 t\u00edm, \u017ee fand\u00ed prohran\u00fdm&#8230;<\/p>\n","protected":false},"author":2,"featured_media":83048,"comment_status":"closed","ping_status":"closed","sticky":false,"template":"","format":"standard","meta":[],"categories":[7],"tags":[1503,39,84,3526],"_links":{"self":[{"href":"https:\/\/www.infokuryr.cz\/n\/wp-json\/wp\/v2\/posts\/83047"}],"collection":[{"href":"https:\/\/www.infokuryr.cz\/n\/wp-json\/wp\/v2\/posts"}],"about":[{"href":"https:\/\/www.infokuryr.cz\/n\/wp-json\/wp\/v2\/types\/post"}],"author":[{"embeddable":true,"href":"https:\/\/www.infokuryr.cz\/n\/wp-json\/wp\/v2\/users\/2"}],"replies":[{"embeddable":true,"href":"https:\/\/www.infokuryr.cz\/n\/wp-json\/wp\/v2\/comments?post=83047"}],"version-history":[{"count":0,"href":"https:\/\/www.infokuryr.cz\/n\/wp-json\/wp\/v2\/posts\/83047\/revisions"}],"wp:featuredmedia":[{"embeddable":true,"href":"https:\/\/www.infokuryr.cz\/n\/wp-json\/wp\/v2\/media\/83048"}],"wp:attachment":[{"href":"https:\/\/www.infokuryr.cz\/n\/wp-json\/wp\/v2\/media?parent=83047"}],"wp:term":[{"taxonomy":"category","embeddable":true,"href":"https:\/\/www.infokuryr.cz\/n\/wp-json\/wp\/v2\/categories?post=83047"},{"taxonomy":"post_tag","embeddable":true,"href":"https:\/\/www.infokuryr.cz\/n\/wp-json\/wp\/v2\/tags?post=83047"}],"curies":[{"name":"wp","href":"https:\/\/api.w.org\/{rel}","templated":true}]}}