{"id":83029,"date":"2025-07-08T00:22:19","date_gmt":"2025-07-07T22:22:19","guid":{"rendered":"https:\/\/www.infokuryr.cz\/n\/?p=83029"},"modified":"2025-07-07T18:26:40","modified_gmt":"2025-07-07T16:26:40","slug":"ondrej-prokop-kmotri-inkasuji-miliardy-predrazene-armadni-zakazky-co-realne-zpusobilo-blackout","status":"publish","type":"post","link":"https:\/\/www.infokuryr.cz\/n\/2025\/07\/08\/ondrej-prokop-kmotri-inkasuji-miliardy-predrazene-armadni-zakazky-co-realne-zpusobilo-blackout\/","title":{"rendered":"Ond\u0159ej Prokop: Kmot\u0159i inkasuj\u00ed miliardy? P\u0159edra\u017een\u00e9 arm\u00e1dn\u00ed zak\u00e1zky. Co re\u00e1ln\u011b zp\u016fsobilo blackout?"},"content":{"rendered":"<div id=\"fb-root\"><\/div>\n<p>Firmy spojen\u00e9 s kmotry ODS inkasuj\u00ed miliardy K\u010d za pochybn\u00e9 arm\u00e1dn\u00ed zak\u00e1zky, zat\u00edmco pen\u00edze na p\u0159\u00edsp\u011bvky rodi\u010d\u016fm nebo pomoc s du\u0161evn\u00edm zdrav\u00edm pr\u00fd nejsou. Takhle vypadaj\u00ed skute\u010dn\u00e9 priority Fialovy vl\u00e1dy.\ud83d\ude21<\/p>\n<p>\ud83d\udc49 Minul\u00fd t\u00fdden vypadl v \u010cesku proud a v Praze zastavil metro i tramvaje. Je\u0161t\u011b ned\u00e1vno prim\u00e1tor psal na s\u00edt\u011b, jak blackout u n\u00e1s naprosto nehroz\u00ed, a nen\u00ed divu, \u017ee v p\u00e1tek sv\u016fj ned\u00e1vn\u00fd v\u00fdrok rad\u011bji rychle smazal. Co ale blackout skute\u010dn\u011b zp\u016fsobilo? Co v\u00e1m necht\u011bj\u00ed \u0159\u00edct? Rozjela kolem toho vl\u00e1da dezinforma\u010dn\u00ed kampa\u0148?<\/p>\n<p>\ud83d\udc49 Jan Barto\u0161ek (KDU-\u010cSL) tvrd\u00ed, \u017ee blackout je siln\u00fdm argumentem, pro\u010d si po\u0159\u00eddit elektromobil. Taky tento bl\u00e1bol nech\u00e1pete? U n\u011bkter\u00fdch politik\u016f se skoro zd\u00e1, jako by se v posledn\u00ed dob\u011b ude\u0159ili do hlavy. Ve videu si \u0159ekneme, kdo co je\u0161t\u011b \u0159ekl &#8222;chytr\u00e9ho&#8220;!<\/p>\n<p>\ud83d\udc49 &#8222;St\u00e1t je mimo realitu,&#8220; \u0159\u00edkaj\u00ed odborn\u00edci ke zm\u011bn\u00e1m ve financov\u00e1n\u00ed nepedagogick\u00fdch pracovn\u00edk\u016f, jako jsou kucha\u0159ky, \u0161koln\u00edci a dal\u0161\u00ed. Podle Fialy by si je obce m\u011bly za\u010d\u00edt platit ze sv\u00e9ho. &#8222;Pen\u00edze na opravy, n\u00e1kupy u\u010debnic, \u0161kolen\u00ed zam\u011bstnanc\u016f a podobn\u011b budou \u0161kol\u00e1m zkr\u00e1tka chyb\u011bt,&#8220; psalo se na Novink\u00e1ch.<\/p>\n<p>\ud83d\udc49 Na \u0161kolstv\u00ed a \u0159adu dal\u0161\u00edch d\u016fle\u017eit\u00fdch oblast\u00ed vl\u00e1da pen\u00edze sice d\u00e1vat nechce, ale des\u00edtky obrn\u011bn\u00fdch voz\u016f a poln\u00ed kuchyn\u011b za miliardy korun nakoup\u00ed s radost\u00ed. To je velmi smutn\u00e9 &#8211; obzvl\u00e1\u0161\u0165 proto\u017ee nakupuje za p\u0159emr\u0161t\u011bnou cenu i od firmy spojen\u00e9 s b\u00fdval\u00fdmi \u010dleny ODS.<\/p>\n<p>\ud83d\udc49 &#8222;Plyn zdra\u017e\u00ed a povolenky zabol\u00ed,&#8220; nebo &#8222;Benzin dra\u017e\u0161\u00ed o 20 korun, teplo o 30 %&#8220; psala m\u00e9dia k bl\u00ed\u017e\u00edc\u00edm se zm\u011bn\u00e1m v EU. Vl\u00e1da sice tvrd\u00ed, \u017ee cenov\u00fdm \u0161ok\u016fm zabr\u00e1n\u00ed, ale vz\u00e1p\u011bt\u00ed p\u0159izn\u00e1v\u00e1, \u017ee povolenk\u00e1m u\u017e zabr\u00e1nit nelze. Nezabr\u00e1nili tomu toti\u017e, kdy\u017e je\u0161t\u011b mohli.<\/p>\n<p>\ud83d\udc49 ANO schv\u00e1lilo kandid\u00e1tky. Jsem py\u0161n\u00fd, \u017ee m\u00e1me 7 \u017een a 7 mu\u017e\u016f. Ne proto, \u017ee by n\u00e1m to p\u0159ikazovaly n\u011bjak\u00e9 pochybn\u00e9 kv\u00f3ty z EU, ale proto\u017ee to takhle prost\u011b vy\u0161lo. M\u00e1me v \u0159ad\u00e1ch skv\u011bl\u00e9 pracovit\u00e9 mu\u017ee i \u017eeny!<\/p>\n<p>\ud83d\udc49Z\u00e1kaz opravy Libe\u0148sk\u00e9ho mostu! Tak bohu\u017eel je to tady. Antimonopoln\u00ed \u00fa\u0159ad zak\u00e1zal stavbu podle zak\u00e1zky, kterou zpackal H\u0159ib s dal\u0161\u00edmi aktivisty. Nikdo nev\u00ed, kdy teda bude a za kolik. Dalo se tomu p\u0159itom zabr\u00e1nit, kdyby si jen nechali \u0159\u00edct.<\/p>\n<p>\ud83d\udc49 Z cesty po Praze m\u016f\u017ee b\u00fdt n\u011bkdy bojovka. P\u011btikoalice se asi nud\u00ed nebo nem\u00e1 nic d\u016fle\u017eit\u011bj\u0161\u00edho na pr\u00e1ci, a tak p\u0159ejmenov\u00e1v\u00e1 po 30 letech ulice. Hellichova ul. se nov\u011b jmenuje &#8222;Pra\u017esk\u00e9 Jezul\u00e1tko&#8220; a v opa\u010dn\u00e9m sm\u011bru &#8222;Tyr\u0161\u016fv d\u016fm&#8220;. Nen\u00ed to poprv\u00e9, co se bezp\u0159edm\u011btn\u011b m\u011bn\u00ed n\u00e1zvy.<\/p>\n<p>\ud83d\udc49 Samozvan\u00fd odborn\u00edk na dopravu Zden\u011bk H\u0159ib \u0159\u00edk\u00e1, \u017ee &#8222;je naivn\u00ed myslet si, \u017ee okruh utlum\u00ed dopravu v centru.&#8220; M\u00edsto toho asi sn\u00ed o dal\u0161\u00edch cyklopruz\u00edch. Ka\u017edop\u00e1dn\u011b u\u017e je asi v\u0161em jasn\u00e9, pro\u010d stavba okruhu zamrzla. Pir\u00e1t H\u0159ib si ho jednodu\u0161e nep\u0159eje.<\/p>\n<p>To v\u0161e a mnohem v\u00edc se dozv\u00edte ve 140. d\u00edlu m\u00e9ho politick\u00e9ho podcastu. D\u011bkuji v\u00e1m p\u0159edem za zhl\u00e9dnut\u00ed a pros\u00edm o dal\u0161\u00ed sd\u00edlen\u00ed, a\u0165 se pravdu dozv\u00ed co nejv\u00edc lid\u00ed! T\u011b\u0161\u00edm se na dotazy i koment\u00e1\u0159e!<\/p>\n<p><iframe loading=\"lazy\" title=\"Kmot\u0159i inkasuj\u00ed miliardy? P\u0159edra\u017een\u00e9 arm\u00e1dn\u00ed zak\u00e1zky. Co re\u00e1ln\u011b zp\u016fsobilo blackout? | \u010cau Praho #140\" width=\"640\" height=\"360\" src=\"https:\/\/www.youtube.com\/embed\/rz26yq6JC_o?feature=oembed\" frameborder=\"0\" allow=\"accelerometer; autoplay; clipboard-write; encrypted-media; gyroscope; picture-in-picture; web-share\" referrerpolicy=\"strict-origin-when-cross-origin\" allowfullscreen><\/iframe><\/p>\n<p><span style=\"font-size: 14pt;\"><strong>Ing. Ond\u0159ej Prokop<\/strong><\/span><\/p>\n<p>&nbsp;<\/p>\n","protected":false},"excerpt":{"rendered":"<p>Firmy spojen\u00e9 s kmotry ODS inkasuj\u00ed miliardy K\u010d za pochybn\u00e9 arm\u00e1dn\u00ed zak\u00e1zky, zat\u00edmco pen\u00edze na&#8230;<\/p>\n","protected":false},"author":2,"featured_media":67844,"comment_status":"closed","ping_status":"closed","sticky":false,"template":"","format":"standard","meta":[],"categories":[6],"tags":[9011,8024,192,122,99],"_links":{"self":[{"href":"https:\/\/www.infokuryr.cz\/n\/wp-json\/wp\/v2\/posts\/83029"}],"collection":[{"href":"https:\/\/www.infokuryr.cz\/n\/wp-json\/wp\/v2\/posts"}],"about":[{"href":"https:\/\/www.infokuryr.cz\/n\/wp-json\/wp\/v2\/types\/post"}],"author":[{"embeddable":true,"href":"https:\/\/www.infokuryr.cz\/n\/wp-json\/wp\/v2\/users\/2"}],"replies":[{"embeddable":true,"href":"https:\/\/www.infokuryr.cz\/n\/wp-json\/wp\/v2\/comments?post=83029"}],"version-history":[{"count":0,"href":"https:\/\/www.infokuryr.cz\/n\/wp-json\/wp\/v2\/posts\/83029\/revisions"}],"wp:featuredmedia":[{"embeddable":true,"href":"https:\/\/www.infokuryr.cz\/n\/wp-json\/wp\/v2\/media\/67844"}],"wp:attachment":[{"href":"https:\/\/www.infokuryr.cz\/n\/wp-json\/wp\/v2\/media?parent=83029"}],"wp:term":[{"taxonomy":"category","embeddable":true,"href":"https:\/\/www.infokuryr.cz\/n\/wp-json\/wp\/v2\/categories?post=83029"},{"taxonomy":"post_tag","embeddable":true,"href":"https:\/\/www.infokuryr.cz\/n\/wp-json\/wp\/v2\/tags?post=83029"}],"curies":[{"name":"wp","href":"https:\/\/api.w.org\/{rel}","templated":true}]}}