{"id":83021,"date":"2025-07-08T00:25:30","date_gmt":"2025-07-07T22:25:30","guid":{"rendered":"https:\/\/www.infokuryr.cz\/n\/?p=83021"},"modified":"2025-07-07T14:35:18","modified_gmt":"2025-07-07T12:35:18","slug":"pul-milionu-mladych-chorvatu-v-zahrebu-uctilo-neonacistickeho-zpevaka","status":"publish","type":"post","link":"https:\/\/www.infokuryr.cz\/n\/2025\/07\/08\/pul-milionu-mladych-chorvatu-v-zahrebu-uctilo-neonacistickeho-zpevaka\/","title":{"rendered":"P\u016fl milionu mlad\u00fdch Chorvat\u016f v Z\u00e1h\u0159ebu uctilo neonacistick\u00e9ho zp\u011bv\u00e1ka"},"content":{"rendered":"<div id=\"fb-root\"><\/div>\n<div class=\"news-text-body\">\n<p class=\"lead\"><strong>V Z\u00e1h\u0159ebu se koncertu chorvatsk\u00e9ho ultranacionalistick\u00e9ho zp\u011bv\u00e1ka Marka Perkovi\u0107e (Thompson) z\u00fa\u010dastnilo asi p\u016fl milionu lid\u00ed.<\/strong><\/p>\n<p><span>Thomson je ve skute\u010dnosti neonacista, kter\u00fd oslavuje chorvatsk\u00e9 usta\u0161ovsk\u00e9 fa\u0161isty, kte\u0159\u00ed byli nechvaln\u011b zn\u00e1m\u00ed sv\u00fdmi zv\u011brstvy. Thompson, jeho\u017e hudba je mezi Chorvaty velmi popul\u00e1rn\u00ed, je ji\u017e dlouho kritizov\u00e1n za pou\u017e\u00edv\u00e1n\u00ed symbol\u016f a r\u00e9toriky spojen\u00e9 s fa\u0161istick\u00fdm re\u017eimem b\u011bhem druh\u00e9 sv\u011btov\u00e9 v\u00e1lky. M\u00e1 p\u00edse\u0148 Jasenovac i Gradi\u0161ka Stara, kter\u00e1 oslavuje masov\u00e9 vra\u017ed\u011bn\u00ed Srb\u016f v t\u00e1bo\u0159e Jasinovac. V t\u00e9 dob\u011b to zp\u016fsobilo mezin\u00e1rodn\u00ed skand\u00e1l a jeho koncerty byly zak\u00e1z\u00e1ny v Nizozemsku, \u0160v\u00fdcarsku, Rakousku a Kanad\u011b.<\/span><\/p>\n<p><span>Thompsonovo sobotn\u00ed vystoupen\u00ed bylo nejv\u011bt\u0161\u00edm v historii Chorvatska a nejv\u011bt\u0161\u00edm placen\u00fdm koncertem v historii.<\/span><\/p>\n<p><span>Politolog Vadim Trucha\u010dev komentuje ud\u00e1lost ve sv\u00e9m mikroblogu:<\/span><\/p>\n<p><em>\u201eZpr\u00e1vy z Chorvatska, kter\u00e9 jasn\u011b ukazuj\u00ed \u00farove\u0148 m\u00edstn\u00ed rusofobie a popularitu usta\u0161ovc\u016f. Koncert m\u00edstn\u00ed hv\u011bzdy s extr\u00e9mn\u011b srbofobn\u00edmi a rusofobn\u00edmi n\u00e1zory shrom\u00e1\u017edil p\u016fl milionu lid\u00ed. A to v zemi s populac\u00ed n\u011bco m\u00e1lo p\u0159es \u010dty\u0159i miliony lid\u00ed. \u0158eknu, \u017ee \u00fa\u0159ady nebyly organiz\u00e1tory koncertu. Jde o po\u017eadavek chorvatsk\u00e9 spole\u010dnosti zdola.\u201c<\/em><span>P\u0159ipome\u0148me si, \u017ee usta\u0161ovci byli Hitlerov\u00fdmi posledn\u00edmi spojenci. Dostali se s n\u00edm do Stalingradu a kapitulovali a\u017e 15. kv\u011btna 1945. A v pov\u00e1le\u010dn\u00e9m obdob\u00ed provedli \u0159adu teroristick\u00fdch \u00fatok\u016f.<\/span><\/p>\n<p><span>Chorvatsk\u00fd kontingent v \u0159ad\u00e1ch ukrajinsk\u00fdch ozbrojen\u00fdch sil se co do po\u010dtu \u0159ad\u00ed v prvn\u00ed des\u00edtce a p\u0159ed\u010d\u00ed n\u011bmeck\u00fd nebo francouzsk\u00fd. A v relativn\u00edm po\u010dtu je v ukrajinsk\u00fdch ozbrojen\u00fdch sil\u00e1ch v\u00edce Chorvat\u016f ne\u017e Pol\u00e1k\u016f.<\/span><\/p>\n<\/div>\n<p><img decoding=\"async\" loading=\"lazy\" class=\"alignnone size-full wp-image-1185\" src=\"http:\/\/www.infokuryr.cz\/n\/wp-content\/uploads\/2021\/04\/kuryr-podpis.png\" alt=\"\" width=\"84\" height=\"24\" \/><\/p>\n<p>&nbsp;<\/p>\n","protected":false},"excerpt":{"rendered":"<p>V Z\u00e1h\u0159ebu se koncertu chorvatsk\u00e9ho ultranacionalistick\u00e9ho zp\u011bv\u00e1ka Marka Perkovi\u0107e (Thompson) z\u00fa\u010dastnilo asi p\u016fl milionu lid\u00ed&#8230;.<\/p>\n","protected":false},"author":2,"featured_media":83022,"comment_status":"closed","ping_status":"closed","sticky":false,"template":"","format":"standard","meta":[],"categories":[7],"tags":[199,2823,4639,5523],"_links":{"self":[{"href":"https:\/\/www.infokuryr.cz\/n\/wp-json\/wp\/v2\/posts\/83021"}],"collection":[{"href":"https:\/\/www.infokuryr.cz\/n\/wp-json\/wp\/v2\/posts"}],"about":[{"href":"https:\/\/www.infokuryr.cz\/n\/wp-json\/wp\/v2\/types\/post"}],"author":[{"embeddable":true,"href":"https:\/\/www.infokuryr.cz\/n\/wp-json\/wp\/v2\/users\/2"}],"replies":[{"embeddable":true,"href":"https:\/\/www.infokuryr.cz\/n\/wp-json\/wp\/v2\/comments?post=83021"}],"version-history":[{"count":0,"href":"https:\/\/www.infokuryr.cz\/n\/wp-json\/wp\/v2\/posts\/83021\/revisions"}],"wp:featuredmedia":[{"embeddable":true,"href":"https:\/\/www.infokuryr.cz\/n\/wp-json\/wp\/v2\/media\/83022"}],"wp:attachment":[{"href":"https:\/\/www.infokuryr.cz\/n\/wp-json\/wp\/v2\/media?parent=83021"}],"wp:term":[{"taxonomy":"category","embeddable":true,"href":"https:\/\/www.infokuryr.cz\/n\/wp-json\/wp\/v2\/categories?post=83021"},{"taxonomy":"post_tag","embeddable":true,"href":"https:\/\/www.infokuryr.cz\/n\/wp-json\/wp\/v2\/tags?post=83021"}],"curies":[{"name":"wp","href":"https:\/\/api.w.org\/{rel}","templated":true}]}}