{"id":83010,"date":"2025-07-08T00:18:57","date_gmt":"2025-07-07T22:18:57","guid":{"rendered":"https:\/\/www.infokuryr.cz\/n\/?p=83010"},"modified":"2025-07-07T14:47:39","modified_gmt":"2025-07-07T12:47:39","slug":"kolumbijsky-migrant-zatcen-v-polsku-za-smrtelnou-rvacku-pri-ktere-pobodal-muze","status":"publish","type":"post","link":"https:\/\/www.infokuryr.cz\/n\/2025\/07\/08\/kolumbijsky-migrant-zatcen-v-polsku-za-smrtelnou-rvacku-pri-ktere-pobodal-muze\/","title":{"rendered":"Kolumbijsk\u00fd migrant zat\u010den v Polsku za smrtelnou rva\u010dku p\u0159i kter\u00e9 pobodal mu\u017ee"},"content":{"rendered":"<div id=\"fb-root\"><\/div>\n<h3 class=\"s-tagline fw-tagline\">Pol\u00e1ci v ned\u011bli pozd\u011bji vy\u0161li do ulic Nowe a skandovali: \u201eCel\u00e9 Polsko stoj\u00ed s n\u00e1mi, dosta\u0148te uprchl\u00edky pry\u010d!\u201c<\/h3>\n<div class=\"e-ct-outer\">\n<div class=\"entry-content rbct clearfix is-highlight-shares\">\n<p>Kolumbijsk\u00fd ob\u010dan byl zat\u010den za smrtelnou pobod\u00e1n\u00ed Pol\u00e1ka b\u011bhem brut\u00e1ln\u00ed pouli\u010dn\u00ed rva\u010dky, do kter\u00e9 byli zapojeni m\u00edstn\u00ed i cizinci ve m\u011bst\u011b Nowe v okrese \u015awiecie.<\/p>\n<p>K incidentu do\u0161lo v ned\u011bli brzy r\u00e1no kolem 2:15, kdy byla policie upozorn\u011bna na bodnut\u00ed no\u017eem na Nov\u00e9m n\u00e1m\u011bst\u00ed.<\/p>\n<p>Podle prvn\u00edch zpr\u00e1v vypukla v m\u00edstn\u00edm podniku h\u00e1dka mezi dv\u011bma skupinami mu\u017e\u016f \u2013 n\u011bkolika Pol\u00e1ky a n\u011bkolika cizinci, v\u010detn\u011b Kolumbijc\u016f \u2013 ne\u017e se konfrontace vyhrotila a p\u0159elila se ven.<\/p>\n<p>B\u011bhem rva\u010dky byl 41let\u00fd polsk\u00fd obyvatel Nowe ubod\u00e1n k smrti. Dal\u0161\u00ed dva mu\u017ei ve v\u011bku 32 a 34 let utrp\u011bli lehk\u00e1 zran\u011bn\u00ed.<\/p>\n<p>Kr\u00e1tce po incidentu policist\u00e9 spat\u0159ili vozidlo, kter\u00e9 z m\u00edsta \u010dinu ut\u00edkalo vysokou rychlost\u00ed. \u0158idi\u010d navzdory pokynu k zastaven\u00ed odm\u00edtl a vydal se polici\u00ed na pron\u00e1sledov\u00e1n\u00ed p\u0159es obec Nowe. B\u011bhem pron\u00e1sledov\u00e1n\u00ed se podez\u0159el\u00fd pokusil narazit do policejn\u00edho vozu, co\u017e zp\u016fsobilo kolizi, kter\u00e1 policejn\u00ed vozidlo zne\u0161kodnila. \u010cty\u0159i mu\u017ei uprchli p\u011b\u0161ky, ale byli rychle zadr\u017eeni. V\u0161ichni byli pod vlivem alkoholu a jejich v\u011bk se pohyboval od 21 do 45 let.<\/p>\n<p>Mezit\u00edm dal\u0161\u00ed hl\u00eddka vyp\u00e1trala podez\u0159el\u00e9ho, o kter\u00e9m se p\u0159edpokl\u00e1d\u00e1, \u017ee je p\u0159\u00edmo zodpov\u011bdn\u00fd za \u00fatok no\u017eem v hotelu v Nowe. Policist\u00e9 zatkli 29let\u00e9ho kolumbijsk\u00e9ho st\u00e1tn\u00edho p\u0159\u00edslu\u0161n\u00edka, kter\u00fd nyn\u00ed \u010del\u00ed obvin\u011bn\u00ed v souvislosti s t\u00edmto smrteln\u00fdm \u00fatokem.<\/p>\n<p>Policie v souvislosti s rva\u010dkou, kter\u00e1 je vy\u0161et\u0159ov\u00e1na pod dohledem okresn\u00ed prokuratury ve \u015awiecie, zadr\u017eela celkem jeden\u00e1ct osob.<\/p>\n<p>Mezi zadr\u017een\u00fdmi jsou jak Pol\u00e1ci, tak cizinci, zat\u00edmco vy\u0161et\u0159ovatel\u00e9 pokra\u010duj\u00ed v ov\u011b\u0159ov\u00e1n\u00ed d\u016fkaz\u016f a prov\u00e1d\u011bj\u00ed na m\u00edst\u011b forenzn\u00ed pr\u00e1ce.<\/p>\n<p>Pozd\u011bji v ned\u011bli pochodovaly m\u011bstem des\u00edtky Pol\u00e1k\u016f na protest proti liber\u00e1ln\u00ed imigra\u010dn\u00ed politice premi\u00e9ra Donalda Tuska a skandovaly: \u201eCel\u00e9 Polsko stoj\u00ed s n\u00e1mi, dosta\u0148te uprchl\u00edky pry\u010d!\u201c<\/p>\n<div class=\"twitter-tweet twitter-tweet-rendered\"><iframe id=\"twitter-widget-0\" class=\"\" title=\"X P\u0159\u00edsp\u011bvek\" src=\"https:\/\/platform.twitter.com\/embed\/Tweet.html?creatorScreenName=RMXnews&amp;dnt=false&amp;embedId=twitter-widget-0&amp;features=eyJ0ZndfdGltZWxpbmVfbGlzdCI6eyJidWNrZXQiOltdLCJ2ZXJzaW9uIjpudWxsfSwidGZ3X2ZvbGxvd2VyX2NvdW50X3N1bnNldCI6eyJidWNrZXQiOnRydWUsInZlcnNpb24iOm51bGx9LCJ0ZndfdHdlZXRfZWRpdF9iYWNrZW5kIjp7ImJ1Y2tldCI6Im9uIiwidmVyc2lvbiI6bnVsbH0sInRmd19yZWZzcmNfc2Vzc2lvbiI6eyJidWNrZXQiOiJvbiIsInZlcnNpb24iOm51bGx9LCJ0ZndfZm9zbnJfc29mdF9pbnRlcnZlbnRpb25zX2VuYWJsZWQiOnsiYnVja2V0Ijoib24iLCJ2ZXJzaW9uIjpudWxsfSwidGZ3X21peGVkX21lZGlhXzE1ODk3Ijp7ImJ1Y2tldCI6InRyZWF0bWVudCIsInZlcnNpb24iOm51bGx9LCJ0ZndfZXhwZXJpbWVudHNfY29va2llX2V4cGlyYXRpb24iOnsiYnVja2V0IjoxMjA5NjAwLCJ2ZXJzaW9uIjpudWxsfSwidGZ3X3Nob3dfYmlyZHdhdGNoX3Bpdm90c19lbmFibGVkIjp7ImJ1Y2tldCI6Im9uIiwidmVyc2lvbiI6bnVsbH0sInRmd19kdXBsaWNhdGVfc2NyaWJlc190b19zZXR0aW5ncyI6eyJidWNrZXQiOiJvbiIsInZlcnNpb24iOm51bGx9LCJ0ZndfdXNlX3Byb2ZpbGVfaW1hZ2Vfc2hhcGVfZW5hYmxlZCI6eyJidWNrZXQiOiJvbiIsInZlcnNpb24iOm51bGx9LCJ0ZndfdmlkZW9faGxzX2R5bmFtaWNfbWFuaWZlc3RzXzE1MDgyIjp7ImJ1Y2tldCI6InRydWVfYml0cmF0ZSIsInZlcnNpb24iOm51bGx9LCJ0ZndfbGVnYWN5X3RpbWVsaW5lX3N1bnNldCI6eyJidWNrZXQiOnRydWUsInZlcnNpb24iOm51bGx9LCJ0ZndfdHdlZXRfZWRpdF9mcm9udGVuZCI6eyJidWNrZXQiOiJvbiIsInZlcnNpb24iOm51bGx9fQ%3D%3D&amp;frame=false&amp;hideCard=false&amp;hideThread=false&amp;id=1941953274912903296&amp;lang=cs&amp;origin=https%3A%2F%2Frmx.news%2Farticle%2Fcolombian-migrant-arrested-in-poland-for-fatally-stabbing-man-during-violent-brawl%2F&amp;sessionId=e934e960badc22d813bc384427163f408bb5215a&amp;theme=light&amp;widgetsVersion=2615f7e52b7e0%3A1702314776716&amp;width=550px\" frameborder=\"0\" scrolling=\"no\" allowfullscreen=\"allowfullscreen\" data-tweet-id=\"1941953274912903296\" data-mce-fragment=\"1\"><\/iframe><\/div>\n<p>Vra\u017eda navazuje na incident z minul\u00e9ho m\u011bs\u00edce, kdy byl venezuelsk\u00fd migrant zat\u010den pro podez\u0159en\u00ed z pokusu o zn\u00e1siln\u011bn\u00ed a pod\u0159\u00edznut\u00ed hrdla 24let\u00e9 Klaudie K. v Toruni.<\/p>\n<p>Ve sv\u00e9m prohl\u00e1\u0161en\u00ed z minul\u00e9ho t\u00fddne toru\u0148sk\u00e1 prokuratura uvedla, \u017ee p\u0159edb\u011b\u017enou p\u0159\u00ed\u010dinou smrti bylo poran\u011bn\u00ed mozku. \u017dena byla nejm\u00e9n\u011b tucetkr\u00e1t bodnuta do hlavy, krku a hrudn\u00edku a na rukou m\u011bla obrann\u00e1 zran\u011bn\u00ed.<\/p>\n<p><img decoding=\"async\" loading=\"lazy\" class=\"alignnone size-full wp-image-1185\" src=\"http:\/\/www.infokuryr.cz\/n\/wp-content\/uploads\/2021\/04\/kuryr-podpis.png\" alt=\"\" width=\"84\" height=\"24\" \/><\/p>\n<p>&nbsp;<\/p>\n<\/div>\n<\/div>\n","protected":false},"excerpt":{"rendered":"<p>Pol\u00e1ci v ned\u011bli pozd\u011bji vy\u0161li do ulic Nowe a skandovali: \u201eCel\u00e9 Polsko stoj\u00ed s n\u00e1mi,&#8230;<\/p>\n","protected":false},"author":2,"featured_media":83011,"comment_status":"closed","ping_status":"closed","sticky":false,"template":"","format":"standard","meta":[],"categories":[7],"tags":[551,9050,31],"_links":{"self":[{"href":"https:\/\/www.infokuryr.cz\/n\/wp-json\/wp\/v2\/posts\/83010"}],"collection":[{"href":"https:\/\/www.infokuryr.cz\/n\/wp-json\/wp\/v2\/posts"}],"about":[{"href":"https:\/\/www.infokuryr.cz\/n\/wp-json\/wp\/v2\/types\/post"}],"author":[{"embeddable":true,"href":"https:\/\/www.infokuryr.cz\/n\/wp-json\/wp\/v2\/users\/2"}],"replies":[{"embeddable":true,"href":"https:\/\/www.infokuryr.cz\/n\/wp-json\/wp\/v2\/comments?post=83010"}],"version-history":[{"count":0,"href":"https:\/\/www.infokuryr.cz\/n\/wp-json\/wp\/v2\/posts\/83010\/revisions"}],"wp:featuredmedia":[{"embeddable":true,"href":"https:\/\/www.infokuryr.cz\/n\/wp-json\/wp\/v2\/media\/83011"}],"wp:attachment":[{"href":"https:\/\/www.infokuryr.cz\/n\/wp-json\/wp\/v2\/media?parent=83010"}],"wp:term":[{"taxonomy":"category","embeddable":true,"href":"https:\/\/www.infokuryr.cz\/n\/wp-json\/wp\/v2\/categories?post=83010"},{"taxonomy":"post_tag","embeddable":true,"href":"https:\/\/www.infokuryr.cz\/n\/wp-json\/wp\/v2\/tags?post=83010"}],"curies":[{"name":"wp","href":"https:\/\/api.w.org\/{rel}","templated":true}]}}