{"id":82952,"date":"2025-07-07T00:19:21","date_gmt":"2025-07-06T22:19:21","guid":{"rendered":"https:\/\/www.infokuryr.cz\/n\/?p=82952"},"modified":"2025-07-06T15:09:34","modified_gmt":"2025-07-06T13:09:34","slug":"ctyri-izraelske-drony-zasahly-libanon-a-vyzadaly-si-sedm-mrtvych-nebo-zranenych","status":"publish","type":"post","link":"https:\/\/www.infokuryr.cz\/n\/2025\/07\/07\/ctyri-izraelske-drony-zasahly-libanon-a-vyzadaly-si-sedm-mrtvych-nebo-zranenych\/","title":{"rendered":"\u010cty\u0159i izraelsk\u00e9 drony zas\u00e1hly Libanon a vy\u017e\u00e1daly si sedm mrtv\u00fdch nebo zran\u011bn\u00fdch"},"content":{"rendered":"<div id=\"fb-root\"><\/div>\n<p><strong><span>Jeden \u010dlov\u011bk byl zabit a \u0161est dal\u0161\u00edch bylo zran\u011bno 5. \u010dervence, kdy\u017e \u010dty\u0159i izraelsk\u00e9 drony zas\u00e1hly t\u0159i auta v okrese Bint D\u017eibejl a d\u016fm v okrese Hasbaja v ji\u017en\u00edm Libanonu, srdci Hizball\u00e1hu.<\/span><\/strong><\/p>\n<p><span>Libanonsk\u00e9 ministerstvo zdravotnictv\u00ed ve sv\u00e9m prohl\u00e1\u0161en\u00ed zve\u0159ejn\u011bn\u00e9m ofici\u00e1ln\u00ed n\u00e1rodn\u00ed tiskovou agenturou (NNA) uvedlo, \u017ee \u201e\u00fatok izraelsk\u00e9ho nep\u0159\u00edtele dronem na auto\u201c v Bint D\u017eibajl \u201epodle p\u0159edb\u011b\u017en\u00fdch \u00fadaj\u016f zp\u016fsobil jednoho mu\u010dedn\u00edka a dva zran\u011bn\u00e9\u201c.<\/span><\/p>\n<p><span>Tak\u00e9 v Bint D\u017eibejl byli dva lid\u00e9 v\u00e1\u017en\u011b zran\u011bni p\u0159i \u00fatoku, jeho\u017e c\u00edlem bylo auto ve m\u011bst\u011b \u0160akra, uv\u00e1d\u00ed se v dal\u0161\u00edm prohl\u00e1\u0161en\u00ed ministerstva.<\/span><\/p>\n<p><span>Dal\u0161\u00ed osoba byla zran\u011bna p\u0159i n\u00e1razu do jednoho auta pobl\u00ed\u017e odborn\u00e9ho institutu ve m\u011bst\u011b Bint D\u017eibejl, uvedlo ministerstvo ve t\u0159et\u00edm prohl\u00e1\u0161en\u00ed.<\/span><\/p>\n<p><span>Mezit\u00edm v Hasbaji ministerstvo ve \u010dtvrt\u00e9m prohl\u00e1\u0161en\u00ed uvedlo, \u017ee p\u0159i \u00fatoku izraelsk\u00e9ho dronu na d\u016fm ve m\u011bst\u011b \u0160eb\u00e1 byla zran\u011bna jedna osoba.<\/span><\/p>\n<p><span>Ministerstvo d\u0159\u00edve t\u00e9ho\u017e dne ozn\u00e1milo, \u017ee izraelsk\u00fd \u00fatok dronu zranil jednu osobu na farm\u00e1ch Shebaa, kter\u00e9 se rovn\u011b\u017e nach\u00e1zej\u00ed v ji\u017en\u00edm Libanonu. Podle NNA byl c\u00edlem \u00fatoku d\u016fm.<\/span><\/p>\n<p><span>V prohl\u00e1\u0161en\u00ed zve\u0159ejn\u011bn\u00e9m pozd\u011bji t\u00e9ho\u017e dne Izraelsk\u00e9 obrann\u00e9 s\u00edly (IDF) ozn\u00e1mily, \u017ee jejich jednotky provedly c\u00edlen\u00fd \u00fader v oblasti Aynata v ji\u017en\u00edm Libanonu a zlikvidovaly osobu napojenou na elitn\u00ed jednotku Hizball\u00e1hu Radwan Force.<\/span><\/p>\n<p><iframe loading=\"lazy\" src=\"https:\/\/s5.cdnstatic.space\/wp-content\/uploads\/2025\/07\/ssstwitter.com_1751743955445.mp4\" width=\"600\" height=\"338\" data-mce-fragment=\"1\"><\/iframe><\/p>\n<p><iframe loading=\"lazy\" src=\"https:\/\/s5.cdnstatic.space\/wp-content\/uploads\/2025\/07\/ssstwitter.com_1751743968138.mp4\" width=\"600\" height=\"338\" data-mce-fragment=\"1\"><\/iframe><\/p>\n<p><iframe loading=\"lazy\" src=\"https:\/\/s5.cdnstatic.space\/wp-content\/uploads\/2025\/07\/ssstwitter.com_1751744003434.mp4\" width=\"600\" height=\"338\" data-mce-fragment=\"1\"><\/iframe><\/p>\n<p><span>Hizball\u00e1h p\u0159ijal p\u0159\u00edm\u011b\u0159\u00ed navr\u017een\u00e9 Spojen\u00fdmi st\u00e1ty po n\u00e1kladn\u00e9 konfrontaci s IDF. Konfrontace vypukla v\u00edce ne\u017e o rok d\u0159\u00edve v d\u016fsledku izraelsk\u00e9 v\u00e1lky proti spojenci t\u00e9to skupiny, hnut\u00ed Ham\u00e1s, v p\u00e1smu Gazy.<\/span><\/p>\n<p><span>P\u0159\u00edm\u011b\u0159\u00ed, kter\u00e9 vstoupilo v platnost 27. listopadu, m\u011blo ukon\u010dit v\u0161echny st\u0159ety na izraelsko-libanonsk\u00e9 hranici do 18. \u00fanora. Izraelsk\u00e9 obrann\u00e9 s\u00edly v\u0161ak pokra\u010dovaly v \u00faderech proti Hizball\u00e1hu. Arm\u00e1da tak\u00e9 udr\u017eovala jednotky na p\u011bti strategick\u00fdch m\u00edstech v ji\u017en\u00edm Libanonu.<\/span><\/p>\n<p><span>Hizball\u00e1h se zat\u00edm zdr\u017eel jak\u00e9koli reakce a pravd\u011bpodobn\u011b se zam\u011b\u0159\u00ed na reorganizaci sv\u00fdch sil. Izrael to zjevn\u011b vn\u00edm\u00e1 jako p\u0159\u00edle\u017eitost k eskalaci.<\/span><\/p>\n<p><img decoding=\"async\" loading=\"lazy\" class=\"alignnone size-full wp-image-1185\" src=\"http:\/\/www.infokuryr.cz\/n\/wp-content\/uploads\/2021\/04\/kuryr-podpis.png\" alt=\"\" width=\"84\" height=\"24\" \/><\/p>\n<p>&nbsp;<\/p>\n","protected":false},"excerpt":{"rendered":"<p>Jeden \u010dlov\u011bk byl zabit a \u0161est dal\u0161\u00edch bylo zran\u011bno 5. \u010dervence, kdy\u017e \u010dty\u0159i izraelsk\u00e9 drony&#8230;<\/p>\n","protected":false},"author":2,"featured_media":82953,"comment_status":"closed","ping_status":"closed","sticky":false,"template":"","format":"standard","meta":[],"categories":[7],"tags":[107,405,3203,871,5135],"_links":{"self":[{"href":"https:\/\/www.infokuryr.cz\/n\/wp-json\/wp\/v2\/posts\/82952"}],"collection":[{"href":"https:\/\/www.infokuryr.cz\/n\/wp-json\/wp\/v2\/posts"}],"about":[{"href":"https:\/\/www.infokuryr.cz\/n\/wp-json\/wp\/v2\/types\/post"}],"author":[{"embeddable":true,"href":"https:\/\/www.infokuryr.cz\/n\/wp-json\/wp\/v2\/users\/2"}],"replies":[{"embeddable":true,"href":"https:\/\/www.infokuryr.cz\/n\/wp-json\/wp\/v2\/comments?post=82952"}],"version-history":[{"count":0,"href":"https:\/\/www.infokuryr.cz\/n\/wp-json\/wp\/v2\/posts\/82952\/revisions"}],"wp:featuredmedia":[{"embeddable":true,"href":"https:\/\/www.infokuryr.cz\/n\/wp-json\/wp\/v2\/media\/82953"}],"wp:attachment":[{"href":"https:\/\/www.infokuryr.cz\/n\/wp-json\/wp\/v2\/media?parent=82952"}],"wp:term":[{"taxonomy":"category","embeddable":true,"href":"https:\/\/www.infokuryr.cz\/n\/wp-json\/wp\/v2\/categories?post=82952"},{"taxonomy":"post_tag","embeddable":true,"href":"https:\/\/www.infokuryr.cz\/n\/wp-json\/wp\/v2\/tags?post=82952"}],"curies":[{"name":"wp","href":"https:\/\/api.w.org\/{rel}","templated":true}]}}