{"id":82950,"date":"2025-07-07T00:18:09","date_gmt":"2025-07-06T22:18:09","guid":{"rendered":"https:\/\/www.infokuryr.cz\/n\/?p=82950"},"modified":"2025-07-06T15:06:48","modified_gmt":"2025-07-06T13:06:48","slug":"izraelska-armada-vyhodila-do-povetri-byvale-zakladny-syrske-armady-pobliz-golanskych-vysin","status":"publish","type":"post","link":"https:\/\/www.infokuryr.cz\/n\/2025\/07\/07\/izraelska-armada-vyhodila-do-povetri-byvale-zakladny-syrske-armady-pobliz-golanskych-vysin\/","title":{"rendered":"Izraelsk\u00e1 arm\u00e1da vyhodila do pov\u011bt\u0159\u00ed b\u00fdval\u00e9 z\u00e1kladny syrsk\u00e9 arm\u00e1dy pobl\u00ed\u017e Golansk\u00fdch v\u00fd\u0161in"},"content":{"rendered":"<div id=\"fb-root\"><\/div>\n<p><strong><span>Izraelsk\u00e9 obrann\u00e9 s\u00edly (IDF) ozn\u00e1mily 6. \u010dervence, \u017ee jednotky 810. horsk\u00e9 region\u00e1ln\u00ed brig\u00e1dy IDF pod velen\u00edm 210. divize pokra\u010duj\u00ed v prov\u00e1d\u011bn\u00ed c\u00edlen\u00fdch operac\u00ed v ji\u017en\u00ed S\u00fdrii.<\/span><\/strong><\/p>\n<p><span>V jedn\u00e9 takov\u00e9 operaci z\u00e1lo\u017en\u00ed s\u00edly 810. brig\u00e1dy spolu s bojov\u00fdmi \u017eenisty z Yahalomu zni\u010dily n\u011bkolik z\u00e1kladen pat\u0159\u00edc\u00edch b\u00fdval\u00e9 Syrsk\u00e9 arabsk\u00e9 arm\u00e1d\u011b v syrsk\u00e9 n\u00e1razn\u00edkov\u00e9 z\u00f3n\u011b.<\/span><\/p>\n<p><span>Izraelsk\u00e9 obrann\u00e9 s\u00edly (IDF) p\u0159evzaly n\u00e1razn\u00edkovou z\u00f3nu jen n\u011bkolik hodin po p\u00e1du re\u017eimu prezidenta Ba\u0161\u00e1ra Asada 8. prosince. Od t\u00e9 doby tam z\u0159\u00eddily dev\u011bt strategick\u00fdch stanovi\u0161\u0165, v\u010detn\u011b dvou na vrcholu hory Hermon, kter\u00e1 dohl\u00ed\u017e\u00ed na celou ji\u017en\u00ed S\u00fdrii a\u017e po hlavn\u00ed m\u011bsto Dama\u0161ek.<\/span><\/p>\n<p><span>Podle IDF p\u0159edstavovaly tyto z\u00e1kladny zni\u010den\u00e9 810. brig\u00e1dou p\u0159\u00edmou hrozbu pro izraelsk\u00e9 vojensk\u00e9 pozice na ho\u0159e Hermon.<\/span><\/p>\n<p><span>Brig\u00e1da bude i nad\u00e1le prov\u00e1d\u011bt proaktivn\u00ed operace v ji\u017en\u00ed S\u00fdrii na ochranu \u201ebezpe\u010dnosti izraelsk\u00fdch ob\u010dan\u016f, a zejm\u00e9na obyvatel Golansk\u00fdch v\u00fd\u0161in\u201c, uvedla arm\u00e1da.<\/span><\/p>\n<p><iframe loading=\"lazy\" src=\"https:\/\/s5.cdnstatic.space\/wp-content\/uploads\/2025\/07\/idf2.mp4\" width=\"600\" height=\"338\" data-mce-fragment=\"1\"><\/iframe><\/p>\n<p><iframe loading=\"lazy\" src=\"https:\/\/s5.cdnstatic.space\/wp-content\/uploads\/2025\/07\/idf1.mp4\" width=\"600\" height=\"338\" data-mce-fragment=\"1\"><\/iframe><\/p>\n<p><span>Ozn\u00e1men\u00ed IDF p\u0159i\u0161lo po zpr\u00e1v\u00e1ch o v\u00fdznamn\u00e9m pokroku v rozhovorech mezi Izraelem a syrskou prozat\u00edmn\u00ed vl\u00e1dou vedenou islamisty, p\u0159i\u010dem\u017e m\u00edrov\u00e1 dohoda je na dosah ruky.<\/span><\/p>\n<p><span>Prozat\u00edmn\u00ed prezident Ahmad a\u0161-\u0160araa \u00fadajn\u011b souhlasil s t\u00edm, \u017ee zemi vzd\u00e1 n\u00e1roku na okupovan\u00e9 Golansk\u00e9 v\u00fd\u0161iny, respektive alespo\u0148 dv\u011b t\u0159etiny regionu. Dama\u0161ek se v\u0161ak zd\u00e1 b\u00fdt velmi ochotn\u00fd znovu z\u00edskat kontrolu nad syrskou n\u00e1razn\u00edkovou z\u00f3nou.<\/span><\/p>\n<p><span>Nejnov\u011bj\u0161\u00ed izraelsk\u00e9 operace ukazuj\u00ed, \u017ee Izrael pova\u017euje n\u00e1razn\u00edkovou z\u00f3nu za nezbytnou pro bezpe\u010dnost Golansk\u00fdch v\u00fd\u0161in, a proto S\u00fdrii pravd\u011bpodobn\u011b nebude nab\u00eddnuto nic na opl\u00e1tku za m\u00edr.<\/span><\/p>\n<p><img decoding=\"async\" loading=\"lazy\" class=\"alignnone size-full wp-image-1185\" src=\"http:\/\/www.infokuryr.cz\/n\/wp-content\/uploads\/2021\/04\/kuryr-podpis.png\" alt=\"\" width=\"84\" height=\"24\" \/><\/p>\n<p>&nbsp;<\/p>\n","protected":false},"excerpt":{"rendered":"<p>Izraelsk\u00e9 obrann\u00e9 s\u00edly (IDF) ozn\u00e1mily 6. \u010dervence, \u017ee jednotky 810. horsk\u00e9 region\u00e1ln\u00ed brig\u00e1dy IDF pod&#8230;<\/p>\n","protected":false},"author":2,"featured_media":82951,"comment_status":"closed","ping_status":"closed","sticky":false,"template":"","format":"standard","meta":[],"categories":[7],"tags":[6374,107,147,5135],"_links":{"self":[{"href":"https:\/\/www.infokuryr.cz\/n\/wp-json\/wp\/v2\/posts\/82950"}],"collection":[{"href":"https:\/\/www.infokuryr.cz\/n\/wp-json\/wp\/v2\/posts"}],"about":[{"href":"https:\/\/www.infokuryr.cz\/n\/wp-json\/wp\/v2\/types\/post"}],"author":[{"embeddable":true,"href":"https:\/\/www.infokuryr.cz\/n\/wp-json\/wp\/v2\/users\/2"}],"replies":[{"embeddable":true,"href":"https:\/\/www.infokuryr.cz\/n\/wp-json\/wp\/v2\/comments?post=82950"}],"version-history":[{"count":0,"href":"https:\/\/www.infokuryr.cz\/n\/wp-json\/wp\/v2\/posts\/82950\/revisions"}],"wp:featuredmedia":[{"embeddable":true,"href":"https:\/\/www.infokuryr.cz\/n\/wp-json\/wp\/v2\/media\/82951"}],"wp:attachment":[{"href":"https:\/\/www.infokuryr.cz\/n\/wp-json\/wp\/v2\/media?parent=82950"}],"wp:term":[{"taxonomy":"category","embeddable":true,"href":"https:\/\/www.infokuryr.cz\/n\/wp-json\/wp\/v2\/categories?post=82950"},{"taxonomy":"post_tag","embeddable":true,"href":"https:\/\/www.infokuryr.cz\/n\/wp-json\/wp\/v2\/tags?post=82950"}],"curies":[{"name":"wp","href":"https:\/\/api.w.org\/{rel}","templated":true}]}}