{"id":8294,"date":"2022-02-14T04:02:37","date_gmt":"2022-02-14T03:02:37","guid":{"rendered":"http:\/\/www.infokuryr.cz\/n\/?p=8294"},"modified":"2022-02-14T04:02:37","modified_gmt":"2022-02-14T03:02:37","slug":"dnesni-setkani-brazilskeho-a-ruskeho-prezidenta-centrem-pozornosti-svetovych-medii","status":"publish","type":"post","link":"https:\/\/www.infokuryr.cz\/n\/2022\/02\/14\/dnesni-setkani-brazilskeho-a-ruskeho-prezidenta-centrem-pozornosti-svetovych-medii\/","title":{"rendered":"Dne\u0161n\u00ed setk\u00e1n\u00ed brazilsk\u00e9ho a rusk\u00e9ho prezidenta centrem pozornosti sv\u011btov\u00fdch m\u00e9di\u00ed"},"content":{"rendered":"<div id=\"fb-root\"><\/div>\n<p>Dne\u0161n\u00ed n\u00e1v\u0161t\u011bva brazilsk\u00e9ho prezidenta Jaira Bolsonara u prezidenta RF Vladimira Putina je p\u0159edm\u011btem pozornosti sv\u011btov\u00fdch m\u00e9di\u00ed. Brazilsk\u00e9ho prezidenta cht\u011bla od n\u00e1v\u0161t\u011bvy odradit americk\u00e1 diplomacie, nicm\u00e9n\u011b ten j\u00ed dal ko\u0161em. Braz\u00edlie chce m\u00edt dobr\u00e9 vztahy s cel\u00fdm sv\u011btem, a stejn\u011b r\u00e1d pojedu k Bidenovi, kdy\u017e m\u011b pozve.<\/p>\n<p>A USA maj\u00ed opr\u00e1vn\u011bn\u00e9 starosti, \u017ee proval\u00ed dal\u0161\u00ed odklon zem\u00ed pod jejich vlivem. Minul\u00fd t\u00fdden argentinsk\u00fd prezident Alberto Fernandez na n\u00e1v\u0161t\u011bv\u011b u Vladimira Putina p\u0159ed cel\u00fdm sv\u011btem mluvil o vyv\u00e1z\u00e1n\u00ed se Argentiny z &#8222;americk\u00e9ho korzetu&#8220;, a \u017ee Argentina by mohla b\u00fdt pro Rusko vstupn\u00ed branou do Latinsk\u00e9 Ameriky.<\/p>\n<p><a href=\"https:\/\/www.correiobraziliense.com.br\/politica\/2022\/02\/4984884-encontro-do-presidente-com-putin-e-o-centro-das-atencoes-mundiais.html\">ZDROJ<\/a><\/p>\n<p>&nbsp;<\/p>\n","protected":false},"excerpt":{"rendered":"<p>Dne\u0161n\u00ed n\u00e1v\u0161t\u011bva brazilsk\u00e9ho prezidenta Jaira Bolsonara u prezidenta RF Vladimira Putina je p\u0159edm\u011btem pozornosti sv\u011btov\u00fdch&#8230;<\/p>\n","protected":false},"author":2,"featured_media":4853,"comment_status":"closed","ping_status":"closed","sticky":false,"template":"","format":"standard","meta":[],"categories":[7],"tags":[1886,288,102,22],"_links":{"self":[{"href":"https:\/\/www.infokuryr.cz\/n\/wp-json\/wp\/v2\/posts\/8294"}],"collection":[{"href":"https:\/\/www.infokuryr.cz\/n\/wp-json\/wp\/v2\/posts"}],"about":[{"href":"https:\/\/www.infokuryr.cz\/n\/wp-json\/wp\/v2\/types\/post"}],"author":[{"embeddable":true,"href":"https:\/\/www.infokuryr.cz\/n\/wp-json\/wp\/v2\/users\/2"}],"replies":[{"embeddable":true,"href":"https:\/\/www.infokuryr.cz\/n\/wp-json\/wp\/v2\/comments?post=8294"}],"version-history":[{"count":0,"href":"https:\/\/www.infokuryr.cz\/n\/wp-json\/wp\/v2\/posts\/8294\/revisions"}],"wp:featuredmedia":[{"embeddable":true,"href":"https:\/\/www.infokuryr.cz\/n\/wp-json\/wp\/v2\/media\/4853"}],"wp:attachment":[{"href":"https:\/\/www.infokuryr.cz\/n\/wp-json\/wp\/v2\/media?parent=8294"}],"wp:term":[{"taxonomy":"category","embeddable":true,"href":"https:\/\/www.infokuryr.cz\/n\/wp-json\/wp\/v2\/categories?post=8294"},{"taxonomy":"post_tag","embeddable":true,"href":"https:\/\/www.infokuryr.cz\/n\/wp-json\/wp\/v2\/tags?post=8294"}],"curies":[{"name":"wp","href":"https:\/\/api.w.org\/{rel}","templated":true}]}}