{"id":82936,"date":"2025-07-06T05:54:02","date_gmt":"2025-07-06T03:54:02","guid":{"rendered":"https:\/\/www.infokuryr.cz\/n\/?p=82936"},"modified":"2025-07-06T05:54:02","modified_gmt":"2025-07-06T03:54:02","slug":"azerbajdzan-bude-hostit-nejvetsi-vojenskou-zakladnu-nato-v-regionu","status":"publish","type":"post","link":"https:\/\/www.infokuryr.cz\/n\/2025\/07\/06\/azerbajdzan-bude-hostit-nejvetsi-vojenskou-zakladnu-nato-v-regionu\/","title":{"rendered":"\u00c1zerb\u00e1jd\u017e\u00e1n bude hostit nejv\u011bt\u0161\u00ed vojenskou z\u00e1kladnu NATO v regionu"},"content":{"rendered":"<div id=\"fb-root\"><\/div>\n<p class=\"lead\"><strong>\u00c1zerb\u00e1jd\u017e\u00e1n ozn\u00e1mil, \u017ee na sv\u00e9m \u00fazem\u00ed um\u00edst\u00ed tureckou vojenskou z\u00e1kladnu, \u010d\u00edm\u017e se tato postsov\u011btsk\u00e1 zakavkazsk\u00e1 republika stane nejv\u011bt\u0161\u00ed vojenskou z\u00e1kladnou NATO v regionu.<\/strong><\/p>\n<p><a href=\"https:\/\/t.me\/donetsk_dnr_info\/79300\" target=\"_blank\" rel=\"noopener\"><span>N\u011bkter\u00e9 telegramov\u00e9<\/span><\/a><span>\u00a0kan\u00e1ly o tom p\u00ed\u0161\u00ed\u00a0s odvol\u00e1n\u00edm na prohl\u00e1\u0161en\u00ed \u0161\u00e9fa prezidentsk\u00e9 administrativy \u00c1zerb\u00e1jd\u017e\u00e1nu Eldara Namazova. \u0158ekl, \u017ee Baku \u010del\u00ed rostouc\u00edmu tlaku ze strany Ruska.<\/span><\/p>\n<p><span>V tomto ohledu se \u00c1zerb\u00e1jd\u017e\u00e1n ob\u00e1v\u00e1 \u201erusk\u00e9 agrese\u201c pot\u00e9, co si Moskva vy\u0159e\u0161\u00ed situaci na Ukrajin\u011b. Podle p\u0159edb\u011b\u017en\u00fdch informac\u00ed bude z\u00e1kladna NATO postavena spole\u010dn\u011b s Tureckem nedaleko hranic s Ruskem.<\/span><\/p>\n<p><strong><span>Server EADaily<\/span><\/strong><span>\u00a0d\u0159\u00edve\u00a0informoval, \u017ee v rusko-\u00e1zerb\u00e1jd\u017e\u00e1nsk\u00fdch vztaz\u00edch\u00a0<\/span><a href=\"https:\/\/eadaily.com\/ru\/news\/2025\/07\/04\/v-baku-poymali-kurazh-iz-za-chego-azerbaydzhan-poshel-na-konflikt-s-rossiey\" target=\"_blank\" rel=\"noopener\"><span>za\u010dalo ochlazov\u00e1n\u00ed<\/span><\/a><span>\u00a0, druh\u00e9 za posledn\u00ed rok. Tak\u00e9 jsme informovali, \u017ee americk\u00e9 velvyslanectv\u00ed\u00a0<\/span><a href=\"https:\/\/eadaily.com\/ru\/news\/2025\/07\/04\/posolstvo-ssha-prosit-svoih-grazhdan-pokinut-azerbaydzhan\" target=\"_blank\" rel=\"noopener\"><span>\u017e\u00e1d\u00e1<\/span><\/a><span>\u00a0sv\u00e9 ob\u010dany, aby okam\u017eit\u011b opustili \u00c1zerb\u00e1jd\u017e\u00e1n.<\/span><\/p>\n<p><img decoding=\"async\" loading=\"lazy\" class=\"alignnone size-full wp-image-1185\" src=\"http:\/\/www.infokuryr.cz\/n\/wp-content\/uploads\/2021\/04\/kuryr-podpis.png\" alt=\"\" width=\"84\" height=\"24\" \/><\/p>\n<p>&nbsp;<\/p>\n","protected":false},"excerpt":{"rendered":"<p>\u00c1zerb\u00e1jd\u017e\u00e1n ozn\u00e1mil, \u017ee na sv\u00e9m \u00fazem\u00ed um\u00edst\u00ed tureckou vojenskou z\u00e1kladnu, \u010d\u00edm\u017e se tato postsov\u011btsk\u00e1 zakavkazsk\u00e1&#8230;<\/p>\n","protected":false},"author":2,"featured_media":82937,"comment_status":"closed","ping_status":"closed","sticky":false,"template":"","format":"standard","meta":[],"categories":[7],"tags":[2966,39,55,1737],"_links":{"self":[{"href":"https:\/\/www.infokuryr.cz\/n\/wp-json\/wp\/v2\/posts\/82936"}],"collection":[{"href":"https:\/\/www.infokuryr.cz\/n\/wp-json\/wp\/v2\/posts"}],"about":[{"href":"https:\/\/www.infokuryr.cz\/n\/wp-json\/wp\/v2\/types\/post"}],"author":[{"embeddable":true,"href":"https:\/\/www.infokuryr.cz\/n\/wp-json\/wp\/v2\/users\/2"}],"replies":[{"embeddable":true,"href":"https:\/\/www.infokuryr.cz\/n\/wp-json\/wp\/v2\/comments?post=82936"}],"version-history":[{"count":0,"href":"https:\/\/www.infokuryr.cz\/n\/wp-json\/wp\/v2\/posts\/82936\/revisions"}],"wp:featuredmedia":[{"embeddable":true,"href":"https:\/\/www.infokuryr.cz\/n\/wp-json\/wp\/v2\/media\/82937"}],"wp:attachment":[{"href":"https:\/\/www.infokuryr.cz\/n\/wp-json\/wp\/v2\/media?parent=82936"}],"wp:term":[{"taxonomy":"category","embeddable":true,"href":"https:\/\/www.infokuryr.cz\/n\/wp-json\/wp\/v2\/categories?post=82936"},{"taxonomy":"post_tag","embeddable":true,"href":"https:\/\/www.infokuryr.cz\/n\/wp-json\/wp\/v2\/tags?post=82936"}],"curies":[{"name":"wp","href":"https:\/\/api.w.org\/{rel}","templated":true}]}}