{"id":82930,"date":"2025-07-06T05:42:43","date_gmt":"2025-07-06T03:42:43","guid":{"rendered":"https:\/\/www.infokuryr.cz\/n\/?p=82930"},"modified":"2025-07-06T05:42:43","modified_gmt":"2025-07-06T03:42:43","slug":"zaplavy-v-texasu-zvysily-pocet-obeti-na-50","status":"publish","type":"post","link":"https:\/\/www.infokuryr.cz\/n\/2025\/07\/06\/zaplavy-v-texasu-zvysily-pocet-obeti-na-50\/","title":{"rendered":"Z\u00e1plavy v Texasu zv\u00fd\u0161ily po\u010det ob\u011bt\u00ed na 50"},"content":{"rendered":"<div id=\"fb-root\"><\/div>\n<h3>Asi dvacet d\u00edvek se poh\u0159e\u0161uje pot\u00e9, co se smrt\u00edc\u00ed bleskov\u00e1 povode\u0148 p\u0159ehnala m\u00edstn\u00edm k\u0159es\u0165ansk\u00fdm t\u00e1borem<\/h3>\n<p><span>Smrteln\u00e9 bleskov\u00e9 povodn\u011b v ji\u017en\u00edm americk\u00e9m st\u00e1t\u011b Texas si vy\u017e\u00e1daly 32 \u017eivot\u016f a nejm\u00e9n\u011b 27 se poh\u0159e\u0161uje pot\u00e9, co p\u0159\u00edvalov\u00e9 de\u0161t\u011b zp\u016fsobily vylit\u00ed \u0159eky Guadalupe z b\u0159eh\u016f, potvrdili m\u00edstn\u00ed \u00fa\u0159edn\u00edci.<\/span><\/p>\n<p data-start=\"356\" data-end=\"615\"><span>V p\u00e1tek brzy r\u00e1no v centr\u00e1ln\u00ed \u010d\u00e1sti okresu Kerr napr\u0161elo nejm\u00e9n\u011b 25 centimetr\u016f sr\u00e1\u017eek, co\u017e zp\u016fsobilo prudk\u00e9 z\u00e1plavy pod\u00e9l \u0159eky Guadalupe. P\u00e1trac\u00ed a z\u00e1chrann\u00e9 t\u00fdmy pracovaly celou noc a usilovn\u011b hledaly osoby uv\u00edzl\u00e9 nebo smeten\u00e9 stoupaj\u00edc\u00ed vodou.<\/span><\/p>\n<p data-start=\"617\" data-end=\"875\"><span>V okrese Kerr byla potvrzena smrt nejm\u00e9n\u011b 43 lid\u00ed, v\u010detn\u011b 15 d\u011bt\u00ed. V okrese Burnet byly hl\u00e1\u0161eny dal\u0161\u00ed t\u0159i mrtv\u00e9 a dva se st\u00e1le poh\u0159e\u0161uj\u00ed. V okrese Travis byly potvrzeny \u010dty\u0159i mrtv\u00e9 a nejm\u00e9n\u011b 13 poh\u0159e\u0161ovan\u00fdch.<\/span><\/p>\n<p data-start=\"617\" data-end=\"875\"><span>\u0160erif okresu Kerr Larry Leitha d\u0159\u00edve informoval, \u017ee a\u017e 25 osob \u2013 v\u011bt\u0161inou d\u011bt\u00ed \u2013 je st\u00e1le nezv\u011bstn\u00fdch.\u00a0<\/span><\/p>\n<p data-start=\"617\" data-end=\"875\"><em><span>\u201eSt\u00e1le se poh\u0159e\u0161uj\u00ed d\u011bti,\u201c<\/span><\/em><span>\u00a0\u00a0\u0159ekla Leitha. P\u0159edpokl\u00e1d\u00e1 se, \u017ee poh\u0159e\u0161ovan\u00e9 jsou sou\u010d\u00e1st\u00ed d\u00edv\u010d\u00edho k\u0159es\u0165ansk\u00e9ho letn\u00edho t\u00e1bora, kter\u00fd se nach\u00e1z\u00ed na b\u0159ehu \u0159eky v mal\u00e9m m\u011bste\u010dku Hunt. T\u00e1bor zas\u00e1hla povod\u0148ov\u00e1 voda v \u010dasn\u00fdch rann\u00edch hodin\u00e1ch.<\/span><\/p>\n<div class=\"rtcode\">\n<div class=\"twitter-tweet twitter-tweet-rendered\"><iframe id=\"twitter-widget-0\" class=\"\" title=\"X P\u0159\u00edsp\u011bvek\" src=\"https:\/\/platform.twitter.com\/embed\/Tweet.html?creatorScreenName=RT_com&amp;dnt=false&amp;embedId=twitter-widget-0&amp;features=eyJ0ZndfdGltZWxpbmVfbGlzdCI6eyJidWNrZXQiOltdLCJ2ZXJzaW9uIjpudWxsfSwidGZ3X2ZvbGxvd2VyX2NvdW50X3N1bnNldCI6eyJidWNrZXQiOnRydWUsInZlcnNpb24iOm51bGx9LCJ0ZndfdHdlZXRfZWRpdF9iYWNrZW5kIjp7ImJ1Y2tldCI6Im9uIiwidmVyc2lvbiI6bnVsbH0sInRmd19yZWZzcmNfc2Vzc2lvbiI6eyJidWNrZXQiOiJvbiIsInZlcnNpb24iOm51bGx9LCJ0ZndfZm9zbnJfc29mdF9pbnRlcnZlbnRpb25zX2VuYWJsZWQiOnsiYnVja2V0Ijoib24iLCJ2ZXJzaW9uIjpudWxsfSwidGZ3X21peGVkX21lZGlhXzE1ODk3Ijp7ImJ1Y2tldCI6InRyZWF0bWVudCIsInZlcnNpb24iOm51bGx9LCJ0ZndfZXhwZXJpbWVudHNfY29va2llX2V4cGlyYXRpb24iOnsiYnVja2V0IjoxMjA5NjAwLCJ2ZXJzaW9uIjpudWxsfSwidGZ3X3Nob3dfYmlyZHdhdGNoX3Bpdm90c19lbmFibGVkIjp7ImJ1Y2tldCI6Im9uIiwidmVyc2lvbiI6bnVsbH0sInRmd19kdXBsaWNhdGVfc2NyaWJlc190b19zZXR0aW5ncyI6eyJidWNrZXQiOiJvbiIsInZlcnNpb24iOm51bGx9LCJ0ZndfdXNlX3Byb2ZpbGVfaW1hZ2Vfc2hhcGVfZW5hYmxlZCI6eyJidWNrZXQiOiJvbiIsInZlcnNpb24iOm51bGx9LCJ0ZndfdmlkZW9faGxzX2R5bmFtaWNfbWFuaWZlc3RzXzE1MDgyIjp7ImJ1Y2tldCI6InRydWVfYml0cmF0ZSIsInZlcnNpb24iOm51bGx9LCJ0ZndfbGVnYWN5X3RpbWVsaW5lX3N1bnNldCI6eyJidWNrZXQiOnRydWUsInZlcnNpb24iOm51bGx9LCJ0ZndfdHdlZXRfZWRpdF9mcm9udGVuZCI6eyJidWNrZXQiOiJvbiIsInZlcnNpb24iOm51bGx9fQ%3D%3D&amp;frame=false&amp;hideCard=false&amp;hideThread=false&amp;id=1941272766780670240&amp;lang=cs&amp;maxWidth=560px&amp;origin=https%3A%2F%2Fwww.rt.com%2Fnews%2F621036-texas-floods-fatalities-kids-missing%2F&amp;sessionId=579d0f7d9172e9776cd412ed5ebca1feb963ec03&amp;siteScreenName=RT_com&amp;theme=light&amp;widgetsVersion=2615f7e52b7e0%3A1702314776716&amp;width=550px\" frameborder=\"0\" scrolling=\"no\" allowfullscreen=\"allowfullscreen\" data-tweet-id=\"1941272766780670240\" data-mce-fragment=\"1\"><\/iframe><\/div>\n<\/div>\n<p><span>Dalton Rice, spr\u00e1vce m\u011bsta nedalek\u00e9ho Kerrville, uvedl, \u017ee z\u00e1plavy ude\u0159ily bez varov\u00e1n\u00ed.\u00a0<\/span><em><span>\u201eStalo se to velmi rychle, ve velmi kr\u00e1tk\u00e9m \u010dasov\u00e9m \u00faseku, kter\u00fd nebylo mo\u017en\u00e9 p\u0159edv\u00eddat ani s radarem,\u201c<\/span><\/em><span>\u00a0\u0159ekl.\u00a0<\/span><em><span>\u201eDo\u0161lo k tomu za m\u00e9n\u011b ne\u017e dv\u011b hodiny, tak\u017ee nezbyl \u010das na vyd\u00e1n\u00ed evakua\u010dn\u00edch p\u0159\u00edkaz\u016f.\u201c<\/span><\/em><\/p>\n<p><span>Intenzivn\u00ed de\u0161\u0165ov\u00e9 lij\u00e1ky v Texasu \u010dasto vedou k nebezpe\u010dn\u00fdm bleskov\u00fdm povodn\u00edm. V srpnu 2022 siln\u00e9 de\u0161t\u011b v oblasti Dallasu a Fort Worth zaplavily ulice, domy a vozidla, co\u017e m\u011blo za n\u00e1sledek smrt 60let\u00e9 \u017eeny.<\/span><\/p>\n<div class=\"rtcode\">\n<div class=\"twitter-tweet twitter-tweet-rendered\"><iframe id=\"twitter-widget-1\" class=\"\" title=\"X P\u0159\u00edsp\u011bvek\" src=\"https:\/\/platform.twitter.com\/embed\/Tweet.html?creatorScreenName=RT_com&amp;dnt=false&amp;embedId=twitter-widget-1&amp;features=eyJ0ZndfdGltZWxpbmVfbGlzdCI6eyJidWNrZXQiOltdLCJ2ZXJzaW9uIjpudWxsfSwidGZ3X2ZvbGxvd2VyX2NvdW50X3N1bnNldCI6eyJidWNrZXQiOnRydWUsInZlcnNpb24iOm51bGx9LCJ0ZndfdHdlZXRfZWRpdF9iYWNrZW5kIjp7ImJ1Y2tldCI6Im9uIiwidmVyc2lvbiI6bnVsbH0sInRmd19yZWZzcmNfc2Vzc2lvbiI6eyJidWNrZXQiOiJvbiIsInZlcnNpb24iOm51bGx9LCJ0ZndfZm9zbnJfc29mdF9pbnRlcnZlbnRpb25zX2VuYWJsZWQiOnsiYnVja2V0Ijoib24iLCJ2ZXJzaW9uIjpudWxsfSwidGZ3X21peGVkX21lZGlhXzE1ODk3Ijp7ImJ1Y2tldCI6InRyZWF0bWVudCIsInZlcnNpb24iOm51bGx9LCJ0ZndfZXhwZXJpbWVudHNfY29va2llX2V4cGlyYXRpb24iOnsiYnVja2V0IjoxMjA5NjAwLCJ2ZXJzaW9uIjpudWxsfSwidGZ3X3Nob3dfYmlyZHdhdGNoX3Bpdm90c19lbmFibGVkIjp7ImJ1Y2tldCI6Im9uIiwidmVyc2lvbiI6bnVsbH0sInRmd19kdXBsaWNhdGVfc2NyaWJlc190b19zZXR0aW5ncyI6eyJidWNrZXQiOiJvbiIsInZlcnNpb24iOm51bGx9LCJ0ZndfdXNlX3Byb2ZpbGVfaW1hZ2Vfc2hhcGVfZW5hYmxlZCI6eyJidWNrZXQiOiJvbiIsInZlcnNpb24iOm51bGx9LCJ0ZndfdmlkZW9faGxzX2R5bmFtaWNfbWFuaWZlc3RzXzE1MDgyIjp7ImJ1Y2tldCI6InRydWVfYml0cmF0ZSIsInZlcnNpb24iOm51bGx9LCJ0ZndfbGVnYWN5X3RpbWVsaW5lX3N1bnNldCI6eyJidWNrZXQiOnRydWUsInZlcnNpb24iOm51bGx9LCJ0ZndfdHdlZXRfZWRpdF9mcm9udGVuZCI6eyJidWNrZXQiOiJvbiIsInZlcnNpb24iOm51bGx9fQ%3D%3D&amp;frame=false&amp;hideCard=false&amp;hideThread=false&amp;id=1941345470938480795&amp;lang=cs&amp;maxWidth=560px&amp;origin=https%3A%2F%2Fwww.rt.com%2Fnews%2F621036-texas-floods-fatalities-kids-missing%2F&amp;sessionId=579d0f7d9172e9776cd412ed5ebca1feb963ec03&amp;siteScreenName=RT_com&amp;theme=light&amp;widgetsVersion=2615f7e52b7e0%3A1702314776716&amp;width=550px\" frameborder=\"0\" scrolling=\"no\" allowfullscreen=\"allowfullscreen\" data-tweet-id=\"1941345470938480795\" data-mce-fragment=\"1\"><\/iframe><\/div>\n<\/div>\n<p><span>\u201eZ\u00e1plavy tu m\u00e1me po\u0159\u00e1d. Tohle je nejnebezpe\u010dn\u011bj\u0161\u00ed \u0159\u00ed\u010dn\u00ed \u00fadol\u00ed v USA,\u201c \u0159ekl soudce okresu Kerr Rob Kelly, nejvy\u0161\u0161\u00ed zvolen\u00fd \u00fa\u0159edn\u00edk regionu.\u00a0<\/span><em><span>\u201eAle nem\u011bli jsme d\u016fvod se domn\u00edvat, \u017ee se tohle bude podobat tomu, co se stalo tady. V\u016fbec \u017e\u00e1dn\u00fd.\u201c<\/span><\/em><\/p>\n<p><span>Do p\u00e1te\u010dn\u00ed noci z\u00e1chran\u00e1\u0159i zachr\u00e1nili nebo evakuovali 237 lid\u00ed, z toho 167 vrtuln\u00edkem.<\/span><\/p>\n<p><span>Vzhledem k dal\u0161\u00ed p\u0159edpov\u011bdi de\u0161t\u011b v regionu varoval viceguvern\u00e9r Dan Patrick, \u017ee hrozba bleskov\u00fdch povodn\u00ed se v p\u0159\u00ed\u0161t\u00edch 24 a\u017e 48 hodin roz\u0161\u00ed\u0159\u00ed od San Antonia po Waco.<\/span><\/p>\n<div style=\"width: 640px;\" class=\"wp-video\"><!--[if lt IE 9]><script>document.createElement('video');<\/script><![endif]-->\n<video class=\"wp-video-shortcode\" id=\"video-82930-1\" width=\"640\" height=\"360\" preload=\"metadata\" controls=\"controls\"><source type=\"video\/mp4\" src=\"http:\/\/www.infokuryr.cz\/n\/wp-content\/uploads\/2025\/07\/zaplava-us.mp4?_=1\" \/><a href=\"http:\/\/www.infokuryr.cz\/n\/wp-content\/uploads\/2025\/07\/zaplava-us.mp4\">http:\/\/www.infokuryr.cz\/n\/wp-content\/uploads\/2025\/07\/zaplava-us.mp4<\/a><\/video><\/div>\n<p><img decoding=\"async\" loading=\"lazy\" class=\"alignnone size-full wp-image-1185\" src=\"http:\/\/www.infokuryr.cz\/n\/wp-content\/uploads\/2021\/04\/kuryr-podpis.png\" alt=\"\" width=\"84\" height=\"24\" \/><\/p>\n<p>&nbsp;<\/p>\n","protected":false},"excerpt":{"rendered":"<p>Asi dvacet d\u00edvek se poh\u0159e\u0161uje pot\u00e9, co se smrt\u00edc\u00ed bleskov\u00e1 povode\u0148 p\u0159ehnala m\u00edstn\u00edm k\u0159es\u0165ansk\u00fdm t\u00e1borem&#8230;<\/p>\n","protected":false},"author":2,"featured_media":82932,"comment_status":"closed","ping_status":"closed","sticky":false,"template":"","format":"standard","meta":[],"categories":[7],"tags":[871,2642,37,889,5154],"_links":{"self":[{"href":"https:\/\/www.infokuryr.cz\/n\/wp-json\/wp\/v2\/posts\/82930"}],"collection":[{"href":"https:\/\/www.infokuryr.cz\/n\/wp-json\/wp\/v2\/posts"}],"about":[{"href":"https:\/\/www.infokuryr.cz\/n\/wp-json\/wp\/v2\/types\/post"}],"author":[{"embeddable":true,"href":"https:\/\/www.infokuryr.cz\/n\/wp-json\/wp\/v2\/users\/2"}],"replies":[{"embeddable":true,"href":"https:\/\/www.infokuryr.cz\/n\/wp-json\/wp\/v2\/comments?post=82930"}],"version-history":[{"count":1,"href":"https:\/\/www.infokuryr.cz\/n\/wp-json\/wp\/v2\/posts\/82930\/revisions"}],"predecessor-version":[{"id":82933,"href":"https:\/\/www.infokuryr.cz\/n\/wp-json\/wp\/v2\/posts\/82930\/revisions\/82933"}],"wp:featuredmedia":[{"embeddable":true,"href":"https:\/\/www.infokuryr.cz\/n\/wp-json\/wp\/v2\/media\/82932"}],"wp:attachment":[{"href":"https:\/\/www.infokuryr.cz\/n\/wp-json\/wp\/v2\/media?parent=82930"}],"wp:term":[{"taxonomy":"category","embeddable":true,"href":"https:\/\/www.infokuryr.cz\/n\/wp-json\/wp\/v2\/categories?post=82930"},{"taxonomy":"post_tag","embeddable":true,"href":"https:\/\/www.infokuryr.cz\/n\/wp-json\/wp\/v2\/tags?post=82930"}],"curies":[{"name":"wp","href":"https:\/\/api.w.org\/{rel}","templated":true}]}}