{"id":82923,"date":"2025-07-06T05:24:24","date_gmt":"2025-07-06T03:24:24","guid":{"rendered":"https:\/\/www.infokuryr.cz\/n\/?p=82923"},"modified":"2025-07-06T05:24:36","modified_gmt":"2025-07-06T03:24:36","slug":"byla-zjistena-totoznost-velitele-ukrajinskych-ozbrojenych-sil-ktery-v-roce-2024-naridil-sestreleni-il-76","status":"publish","type":"post","link":"https:\/\/www.infokuryr.cz\/n\/2025\/07\/06\/byla-zjistena-totoznost-velitele-ukrajinskych-ozbrojenych-sil-ktery-v-roce-2024-naridil-sestreleni-il-76\/","title":{"rendered":"Byla zji\u0161t\u011bna toto\u017enost velitele ukrajinsk\u00fdch ozbrojen\u00fdch sil, kter\u00fd v roce 2024 na\u0159\u00eddil sest\u0159elen\u00ed Il-76"},"content":{"rendered":"<div id=\"fb-root\"><\/div>\n<p class=\"lead\"><strong>Byla zji\u0161t\u011bna toto\u017enost ukrajinsk\u00e9ho velitele, kter\u00fd v lednu lo\u0148sk\u00e9ho roku vydal rozkaz sest\u0159elit rusk\u00fd letoun Il-76 s ukrajinsk\u00fdmi v\u00e1le\u010dn\u00fdmi zajatci na palub\u011b.<\/strong><\/p>\n<p>Jak informovala tiskov\u00e1 slu\u017eba Vy\u0161et\u0159ovac\u00edho v\u00fdboru Rusk\u00e9 federace, informace byly ozn\u00e1meny na sch\u016fzi v Don\u011bcku k vy\u0161et\u0159ov\u00e1n\u00ed zlo\u010din\u016f sp\u00e1chan\u00fdch ukrajinsk\u00fdmi ozbrojen\u00fdmi skupinami.<\/p>\n<p>Z n\u011bj vypl\u00fdv\u00e1, \u017ee letadlo bylo sest\u0159eleno raketou Patriot v oblac\u00edch nad Belgorodskou oblast\u00ed. Odpov\u011bdnost za zlo\u010din nese velitel 138. protiletadlov\u00e9 raketov\u00e9 brig\u00e1dy Ozbrojen\u00fdch sil Ukrajiny\u00a0<strong>Nikolaj Djaman\u00a0<span class=\"rkn-mark\">*<\/span><\/strong>\u00a0a jeho bezprost\u0159edn\u00ed nad\u0159\u00edzen\u00ed.<\/p>\n<p><em>\u201eVe spolupr\u00e1ci s Gener\u00e1ln\u00edm \u0161t\u00e1bem Ozbrojen\u00fdch sil Rusk\u00e9 federace bylo zji\u0161t\u011bno, \u017ee takov\u00e9 syst\u00e9my jsou ve v\u00fdzbroji 138. protiletadlov\u00e9 raketov\u00e9 brig\u00e1dy Ozbrojen\u00fdch sil Ukrajiny. Voj\u00e1ci, kte\u0159\u00ed letadlo zas\u00e1hli, plnili nez\u00e1konn\u00fd rozkaz velitele brig\u00e1dy Nikolaje Djamana\u00a0<span class=\"rkn-mark\">*<\/span>\u00a0a vy\u0161\u0161\u00edho velen\u00ed Ozbrojen\u00fdch sil Ukrajiny,\u201c<span class=\"after-quote\">\u00a0\u2014 uv\u00e1d\u00ed se v prohl\u00e1\u0161en\u00ed.<\/span><\/em><\/p>\n<p>P\u0159ipome\u0148me, \u017ee letadlo havarovalo v lednu 2024. V letadle bylo 65 ukrajinsk\u00fdch voj\u00e1k\u016f, kte\u0159\u00ed m\u011bli b\u00fdt vym\u011bn\u011bni za Rusy. Na palub\u011b byli tak\u00e9 t\u0159i doprov\u00e1zej\u00edc\u00ed ru\u0161t\u00ed d\u016fstojn\u00edci a t\u0159i \u010dlenov\u00e9 pos\u00e1dky.<\/p>\n<p>Letadlo bylo sest\u0159eleno a v\u0161ichni na palub\u011b zahynuli. V \u00fanoru 2024 rusk\u00fd vy\u0161et\u0159ovac\u00ed v\u00fdbor zjistil, \u017ee letadlo bylo sest\u0159eleno raketou Patriot. Nebyly v\u0161ak jmenov\u00e1ny \u017e\u00e1dn\u00e9 konkr\u00e9tn\u00ed osoby odpov\u011bdn\u00e9 za tento \u010din.<\/p>\n<p>Pokud jde o Nikolaje Djamana\u00a0<span class=\"rkn-mark\">*<\/span>\u00a0, ten byl v Rusku ji\u017e odsouzen v nep\u0159\u00edtomnosti a je hled\u00e1n pro podobn\u00fd trestn\u00fd \u010din.<\/p>\n<p><strong>Server InfoKur\u00fdr<\/strong>\u00a0d\u0159\u00edve\u00a0informoval, \u017ee Ji\u017en\u00ed obvodn\u00ed vojensk\u00fd soud v Rostov\u011b na Donu\u00a0<a href=\"https:\/\/eadaily.com\/ru\/news\/2025\/02\/05\/polkovnika-vsu-prigovorili-k-pozhiznennomu-zaklyucheniyu-za-sbityy-rossiyskiy-samolet\" target=\"_blank\" rel=\"noopener\">vynesl v nep\u0159\u00edtomnosti rozsudek<\/a>\u00a0nad plukovn\u00edkem ukrajinsk\u00fdch ozbrojen\u00fdch sil Nikolajem Djamanem\u00a0<span class=\"rkn-mark\">*<\/span>\u00a0, kter\u00fd na\u0159\u00eddil sest\u0159elen\u00ed letadla nad Kub\u00e1n\u011bm.<\/p>\n<p class=\"rkn-info\"><em><b>*<\/b>Osoba za\u0159azen\u00e1 na seznam terorist\u016f a extremist\u016f organizace RosFinMonitoring<\/em><\/p>\n<p><img decoding=\"async\" loading=\"lazy\" class=\"alignnone size-full wp-image-1185\" src=\"http:\/\/www.infokuryr.cz\/n\/wp-content\/uploads\/2021\/04\/kuryr-podpis.png\" alt=\"\" width=\"84\" height=\"24\" \/><\/p>\n<p>&nbsp;<\/p>\n","protected":false},"excerpt":{"rendered":"<p>Byla zji\u0161t\u011bna toto\u017enost ukrajinsk\u00e9ho velitele, kter\u00fd v lednu lo\u0148sk\u00e9ho roku vydal rozkaz sest\u0159elit rusk\u00fd letoun&#8230;<\/p>\n","protected":false},"author":2,"featured_media":82924,"comment_status":"closed","ping_status":"closed","sticky":false,"template":"","format":"standard","meta":[],"categories":[7],"tags":[447,4380,9441,3526,2415],"_links":{"self":[{"href":"https:\/\/www.infokuryr.cz\/n\/wp-json\/wp\/v2\/posts\/82923"}],"collection":[{"href":"https:\/\/www.infokuryr.cz\/n\/wp-json\/wp\/v2\/posts"}],"about":[{"href":"https:\/\/www.infokuryr.cz\/n\/wp-json\/wp\/v2\/types\/post"}],"author":[{"embeddable":true,"href":"https:\/\/www.infokuryr.cz\/n\/wp-json\/wp\/v2\/users\/2"}],"replies":[{"embeddable":true,"href":"https:\/\/www.infokuryr.cz\/n\/wp-json\/wp\/v2\/comments?post=82923"}],"version-history":[{"count":0,"href":"https:\/\/www.infokuryr.cz\/n\/wp-json\/wp\/v2\/posts\/82923\/revisions"}],"wp:featuredmedia":[{"embeddable":true,"href":"https:\/\/www.infokuryr.cz\/n\/wp-json\/wp\/v2\/media\/82924"}],"wp:attachment":[{"href":"https:\/\/www.infokuryr.cz\/n\/wp-json\/wp\/v2\/media?parent=82923"}],"wp:term":[{"taxonomy":"category","embeddable":true,"href":"https:\/\/www.infokuryr.cz\/n\/wp-json\/wp\/v2\/categories?post=82923"},{"taxonomy":"post_tag","embeddable":true,"href":"https:\/\/www.infokuryr.cz\/n\/wp-json\/wp\/v2\/tags?post=82923"}],"curies":[{"name":"wp","href":"https:\/\/api.w.org\/{rel}","templated":true}]}}