{"id":82903,"date":"2025-07-06T00:25:53","date_gmt":"2025-07-05T22:25:53","guid":{"rendered":"https:\/\/www.infokuryr.cz\/n\/?p=82903"},"modified":"2025-07-05T15:36:22","modified_gmt":"2025-07-05T13:36:22","slug":"sef-syrske-tajne-sluzby-prezil-pokus-o-atentat","status":"publish","type":"post","link":"https:\/\/www.infokuryr.cz\/n\/2025\/07\/06\/sef-syrske-tajne-sluzby-prezil-pokus-o-atentat\/","title":{"rendered":"\u0160\u00e9f syrsk\u00e9 tajn\u00e9 slu\u017eby p\u0159e\u017eil pokus o atent\u00e1t"},"content":{"rendered":"<div id=\"fb-root\"><\/div>\n<p><strong><span>\u0160\u00e9f nov\u011b zalo\u017een\u00e9 syrsk\u00e9 Gener\u00e1ln\u00ed zpravodajsk\u00e9 slu\u017eby (GIS) se pravd\u011bpodobn\u011b stal ter\u010dem ned\u00e1vn\u00e9ho bombov\u00e9ho \u00fatoku v hlavn\u00edm m\u011bst\u011b Dama\u0161ku, informovala 5. \u010dervence Syrsk\u00e1 observato\u0159 pro lidsk\u00e1 pr\u00e1va (SOHR).<\/span><\/strong><\/p>\n<p><span>K atent\u00e1tu na pal\u00e1c v luxusn\u00ed dama\u0161sk\u00e9 \u010dtvrti Al Mazzeh do\u0161lo 25. \u010dervna, uvedla lond\u00fdnsk\u00e1 monitorovac\u00ed skupina a dodala, \u017ee \u0161\u00e9f zpravodajsk\u00fdch slu\u017eeb Husajn as-Sal\u00e1ma p\u0159e\u017eil, zat\u00edmco mnoho jeho osobn\u00edch str\u00e1\u017ec\u016f bylo t\u011b\u017ece zran\u011bno.<\/span><\/p>\n<p><span>Sal\u00e1ma, zn\u00e1m\u00fd tak\u00e9 jako Ab\u00fa Mus\u00e1b a\u0161-\u0160uhajl, byl 3. kv\u011btna jmenov\u00e1n do \u010dela GIS syrsk\u00fdm islamistick\u00fdm v\u016fdcem Ahmadem a\u0161-\u0160ar\u00e1ou.<\/span><\/p>\n<p><span>Pod velen\u00edm \u0160\u00e1raa byl Sal\u00e1ma v\u00fdznamn\u00fdm vojensk\u00fdm velitelem skupiny Haj&#8217;at Tahr\u00edr a\u0161-\u0160\u00e1m, odno\u017ee al-K\u00e1idy, kter\u00e1 v prosinci lo\u0148sk\u00e9ho roku bleskovou ofenz\u00edvou svrhla re\u017eim prezidenta Ba\u0161\u00e1ra Asada.<\/span><\/p>\n<p><em>\u201eInformace nazna\u010duj\u00ed, \u017ee bombardov\u00e1n\u00ed m\u016f\u017ee souviset s vnit\u0159n\u00edmi konflikty v r\u00e1mci bezpe\u010dnostn\u00ed struktury re\u017eimu, uprost\u0159ed eskalace spor\u016f mezi mocensk\u00fdmi frakcemi a s\u00edl\u00edc\u00edch diskus\u00ed o snaze eliminovat vlivn\u00e9 osobnosti pova\u017eovan\u00e9 za potenci\u00e1ln\u00ed rivaly o vliv,\u201c uvedla SOHR ve sv\u00e9 zpr\u00e1v\u011b.<\/em><\/p>\n<p><span>Po p\u00e1du Asadova re\u017eimu 8. prosince \u0160ar\u00e1a rozpustila ve\u0161ker\u00fd syrsk\u00fd bezpe\u010dnostn\u00ed apar\u00e1t, v\u010detn\u011b \u00fast\u0159edn\u00edho \u0158editelstv\u00ed gener\u00e1ln\u00ed zpravodajsk\u00e9 slu\u017eby. GIS byla zalo\u017eena jako n\u00e1hrada, ale jak dok\u00e1zal pokus o atent\u00e1t na Sal\u00e1mu, bezpe\u010dnostn\u00ed situace se nezlep\u0161uje.<\/span><\/p>\n<p><span>Zpr\u00e1va zve\u0159ejn\u011bn\u00e1 libanonsk\u00fdm den\u00edkem L&#8217;Orient Today 12. \u010dervna odhalila, \u017ee samotn\u00fd \u0160ar\u00e1a od prosince unikl nejm\u00e9n\u011b dv\u011bma pokus\u016fm o atent\u00e1t.<\/span><\/p>\n<p><span>K posledn\u00edmu pokusu do\u0161lo asi dva t\u00fddny p\u0159ed zve\u0159ejn\u011bn\u00edm zpr\u00e1vy, zat\u00edmco prvn\u00ed pokus se datuje do b\u0159ezna.<\/span><\/p>\n<p><span>List L&#8217;Orient Today s odvol\u00e1n\u00edm na diplomatick\u00e9 zdroje uvedl, \u017ee atent\u00e1t byl p\u0159ipisov\u00e1n islamistick\u00fdm skupin\u00e1m, v\u010detn\u011b ISIS, kter\u00e9 syrsk\u00e9ho v\u016fdce vin\u00ed z toho, \u017ee se odvr\u00e1til od \u201ed\u017eih\u00e1du\u201c, jin\u00fdmi slovy, z vl\u00e1dnut\u00ed zp\u016fsobem, kter\u00fd neodpov\u00edd\u00e1 jejich ideologii.<\/span><\/p>\n<p><span>Ned\u00e1vn\u00e9 pokusy o atent\u00e1t odhaluj\u00ed k\u0159ehkou situaci v S\u00fdrii, kde roste hrozba mocensk\u00e9ho boje mezi islamisty uvnit\u0159 i vn\u011b vl\u00e1dy.<\/span><\/p>\n<p><img decoding=\"async\" loading=\"lazy\" class=\"alignnone size-full wp-image-1185\" src=\"http:\/\/www.infokuryr.cz\/n\/wp-content\/uploads\/2021\/04\/kuryr-podpis.png\" alt=\"\" width=\"84\" height=\"24\" \/><\/p>\n<p>&nbsp;<\/p>\n","protected":false},"excerpt":{"rendered":"<p>\u0160\u00e9f nov\u011b zalo\u017een\u00e9 syrsk\u00e9 Gener\u00e1ln\u00ed zpravodajsk\u00e9 slu\u017eby (GIS) se pravd\u011bpodobn\u011b stal ter\u010dem ned\u00e1vn\u00e9ho bombov\u00e9ho \u00fatoku&#8230;<\/p>\n","protected":false},"author":2,"featured_media":82904,"comment_status":"closed","ping_status":"closed","sticky":false,"template":"","format":"standard","meta":[],"categories":[7],"tags":[468,147,4304],"_links":{"self":[{"href":"https:\/\/www.infokuryr.cz\/n\/wp-json\/wp\/v2\/posts\/82903"}],"collection":[{"href":"https:\/\/www.infokuryr.cz\/n\/wp-json\/wp\/v2\/posts"}],"about":[{"href":"https:\/\/www.infokuryr.cz\/n\/wp-json\/wp\/v2\/types\/post"}],"author":[{"embeddable":true,"href":"https:\/\/www.infokuryr.cz\/n\/wp-json\/wp\/v2\/users\/2"}],"replies":[{"embeddable":true,"href":"https:\/\/www.infokuryr.cz\/n\/wp-json\/wp\/v2\/comments?post=82903"}],"version-history":[{"count":0,"href":"https:\/\/www.infokuryr.cz\/n\/wp-json\/wp\/v2\/posts\/82903\/revisions"}],"wp:featuredmedia":[{"embeddable":true,"href":"https:\/\/www.infokuryr.cz\/n\/wp-json\/wp\/v2\/media\/82904"}],"wp:attachment":[{"href":"https:\/\/www.infokuryr.cz\/n\/wp-json\/wp\/v2\/media?parent=82903"}],"wp:term":[{"taxonomy":"category","embeddable":true,"href":"https:\/\/www.infokuryr.cz\/n\/wp-json\/wp\/v2\/categories?post=82903"},{"taxonomy":"post_tag","embeddable":true,"href":"https:\/\/www.infokuryr.cz\/n\/wp-json\/wp\/v2\/tags?post=82903"}],"curies":[{"name":"wp","href":"https:\/\/api.w.org\/{rel}","templated":true}]}}