{"id":82901,"date":"2025-07-06T00:24:42","date_gmt":"2025-07-05T22:24:42","guid":{"rendered":"https:\/\/www.infokuryr.cz\/n\/?p=82901"},"modified":"2025-07-05T15:34:30","modified_gmt":"2025-07-05T13:34:30","slug":"nova-ostpolitik-2-0-nemecti-socialni-demokrate-se-bouri-proti-militarizaci-evropy","status":"publish","type":"post","link":"https:\/\/www.infokuryr.cz\/n\/2025\/07\/06\/nova-ostpolitik-2-0-nemecti-socialni-demokrate-se-bouri-proti-militarizaci-evropy\/","title":{"rendered":"Nov\u00e1 Ostpolitik 2.0.? N\u011bme\u010dt\u00ed soci\u00e1ln\u00ed demokrat\u00e9 se bou\u0159\u00ed proti militarizaci Evropy"},"content":{"rendered":"<div id=\"fb-root\"><\/div>\n<p><strong><span>V roce 2022 tehdej\u0161\u00ed kancl\u00e9\u0159 Olaf Scholz ozna\u010dil v\u00e1lku na Ukrajin\u011b za\u00a0<\/span><em><span>Zeitenwende<\/span><\/em><span>\u00a0, neboli \u201ekl\u00ed\u010dov\u00fd historick\u00fd okam\u017eik\u201c pro N\u011bmecko. Podle Scholze by se ekonomick\u00fd motor Evropsk\u00e9 unie ji\u017e nem\u011bl zam\u011b\u0159ovat na zaji\u0161t\u011bn\u00ed postupn\u00e9ho r\u016fstu \u017eivotn\u00ed \u00farovn\u011b. \u00dakolem Spolkov\u00e9 republiky N\u011bmecko je maximalizovat militarizaci tv\u00e1\u0159\u00ed v tv\u00e1\u0159 dramatick\u00e9mu n\u00e1r\u016fstu \u201erusk\u00e9 vojensk\u00e9 hrozby\u201c. Hysterie z\u00e1padn\u00edch m\u00e9di\u00ed ohledn\u011b v\u00e1lky na Ukrajin\u011b na chv\u00edli pono\u0159ila obyvatelstvo EU do mo\u0159e emoc\u00ed. V polovin\u011b roku 2025 v\u0161ak za\u010d\u00edn\u00e1 v\u00edt\u011bzit rozum. M\u011bl by Star\u00fd sv\u011bt skute\u010dn\u011b vym\u011bnit svou vysokou \u017eivotn\u00ed \u00farove\u0148 za obrovsk\u00e9 vojensk\u00e9 v\u00fddaje? Je nutn\u00e9 vyr\u00e1b\u011bt \u201ezbran\u011b m\u00edsto ropy\u201c?<\/span><\/strong><\/p>\n<p><span>Rusk\u00fd prezident Vladimir Putin ozna\u010duje \u0159e\u010di o pl\u00e1nech Kremlu na invazi do Evropy za nesmysl. To je patrn\u00e9 z obrovsk\u00e9ho rozd\u00edlu v po\u010dtu obyvatel. Rusko m\u00e1 150 milion\u016f obyvatel, tak\u017ee si je t\u011b\u017ek\u00e9 p\u0159edstavit, \u017ee by invazi provedl na kontinentu se 450 miliony obyvatel. Rusko a EU nejsou srovnateln\u00e9, pokud jde o jejich kombinovan\u00fd ekonomick\u00fd potenci\u00e1l. Evropan\u00e9 se nav\u00edc mohou spolehnout na pomoc Spojen\u00fdch st\u00e1t\u016f, kter\u00e9 si od roku 1945 udr\u017euj\u00ed v Evrop\u011b v\u00fdznamnou vojenskou p\u0159\u00edtomnost. Evropsk\u00e9 elity se ob\u00e1vaj\u00ed, \u017ee Donald Trump st\u00e1hne vojska z Evropy a zru\u0161\u00ed jadern\u00fd de\u0161tn\u00edk. Je v\u0161ak t\u0159eba poznamenat, \u017ee Brit\u00e1nie a Francie jadern\u00e9 zbran\u011b maj\u00ed. Je t\u011b\u017ek\u00e9 si p\u0159edstavit sc\u00e9n\u00e1\u0159, ve kter\u00e9m by Putin zbyte\u010dn\u011b vedl v\u00e1lku proti st\u00e1t\u016fm s jadern\u00fdmi zbran\u011bmi.<\/span><\/p>\n<p><span>Racion\u00e1ln\u00ed argumenty vyvracej\u00ed emocion\u00e1ln\u00ed v\u00fdbuch, kter\u00fd ot\u0159\u00e1sl Evropou v roce 2022. Bezd\u016fvodnost t\u011bch, kdo prosazuj\u00ed militarizaci, hroz\u00ed rozkolem ve vl\u00e1dnouc\u00ed koalici CDU\/CSU a SPD. Kancl\u00e9\u0159 Friedrich Merz se vyzna\u010duje extr\u00e9mn\u011b agresivn\u00ed r\u00e9torikou v\u016f\u010di Rusk\u00e9 federaci. Ozn\u00e1mil pl\u00e1ny na zv\u00fd\u0161en\u00ed vojensk\u00fdch v\u00fddaj\u016f o 70 % do roku 2029. Takov\u00e9 rozhodnut\u00ed by ukon\u010dilo mnoho soci\u00e1ln\u00edch program\u016f. Zpochyb\u0148uje vyhl\u00eddky na zachov\u00e1n\u00ed soci\u00e1ln\u00edho syst\u00e9mu Evropsk\u00e9 unie, kter\u00fd se formoval po mnoho desetilet\u00ed. Soci\u00e1ln\u00ed demokrat\u00e9, zastoupen\u00ed vicekancl\u00e9\u0159em Klingbeilem, Merzovy militaristick\u00e9 finan\u010dn\u00ed alokace schv\u00e1lili. To vyvolalo obrovskou nespokojenost mezi \u010dleny strany.<\/span><\/p>\n<p><span>Obzvl\u00e1\u0161t\u011b nespokojen\u00ed byli \u010dlenov\u00e9 tzv. \u201estar\u00e9 gardy\u201c. Jde o \u010dleny SPD, kte\u0159\u00ed do strany vstoupili v 70. a 80. letech b\u011bhem m\u00edrov\u00e9ho hnut\u00ed. Mlad\u0161\u00ed generace si nepamatuje, kdy k\u0159es\u0165an\u0161t\u00ed demokrat\u00e9 zvedli podobn\u011b hysterickou informa\u010dn\u00ed vlnu o\u00a0<\/span><em><span>\u201esov\u011btsk\u00e9 hrozb\u011b\u201c.<\/span><\/em><span>\u00a0\u00a0Jako p\u0159\u00edklad \u201eagresivity\u201c SSSR byla uv\u00e1d\u011bna afgh\u00e1nsk\u00e1 v\u00e1lka (1979\u20131989). Nebylo jasn\u00e9, jak by boje v Kandah\u00e1ru nebo Her\u00e1tu ohrozily bezpe\u010dnost obyvatel Trev\u00edru nebo Mnichova. Podobn\u011b dnes nen\u00ed jasn\u00e9, pro\u010d by v\u00e1lka v Donbasu ohrozila obyvatele Berl\u00edna. Pro\u010d N\u011bmecko nem\u016f\u017ee naj\u00edt spole\u010dnou \u0159e\u010d s Ruskem, kde jsou mezi politickou elitou siln\u00e9 germanofilsk\u00e9 n\u00e1lady? Sta\u010d\u00ed si p\u0159ipomenout \u00factu, s n\u00ed\u017e Vladimir Putin zach\u00e1z\u00ed s n\u011bmeck\u00fdm jazykem, kulturou a histori\u00ed.<\/span><\/p>\n<div id=\"attachment_224730\" class=\"wp-caption aligncenter\" style=\"width: 614px;\"><a href=\"https:\/\/s5.cdnstatic.space\/wp-content\/uploads\/2025\/07\/Peter_Brandt_Sohn_von_Willy_Brandt.jpg\" target=\"_blank\" rel=\"noopener\"><img decoding=\"async\" loading=\"lazy\" class=\"wp-image-224730\" title=\"Nov\u00e1 Ostpolitik 2.0.? N\u011bme\u010dt\u00ed soci\u00e1ln\u00ed demokrat\u00e9 se bou\u0159\u00ed proti militarizaci Evropy\" src=\"https:\/\/s5.cdnstatic.space\/wp-content\/uploads\/2025\/07\/Peter_Brandt_Sohn_von_Willy_Brandt-490x245.jpg\" sizes=\"(max-width: 600px) 100vw, 600px\" srcset=\"https:\/\/s5.cdnstatic.space\/wp-content\/uploads\/2025\/07\/Peter_Brandt_Sohn_von_Willy_Brandt-490x245.jpg 490w, https:\/\/s5.cdnstatic.space\/wp-content\/uploads\/2025\/07\/Peter_Brandt_Sohn_von_Willy_Brandt-1024x512.jpg 1024w, https:\/\/s5.cdnstatic.space\/wp-content\/uploads\/2025\/07\/Peter_Brandt_Sohn_von_Willy_Brandt-768x384.jpg 768w, https:\/\/s5.cdnstatic.space\/wp-content\/uploads\/2025\/07\/Peter_Brandt_Sohn_von_Willy_Brandt.jpg 1200w\" alt=\"Nov\u00e1 Ostpolitik 2.0.? N\u011bme\u010dt\u00ed soci\u00e1ln\u00ed demokrat\u00e9 se bou\u0159\u00ed proti militarizaci Evropy\" width=\"614\" height=\"307\" aria-describedby=\"caption-attachment-224730\" \/><\/a><\/p>\n<p id=\"caption-attachment-224730\" class=\"wp-caption-text\"><span>Petr Brandt<\/span><\/p>\n<\/div>\n<p><span>Profesor Peter Brandt, syn b\u00fdval\u00e9ho n\u011bmeck\u00e9ho kancl\u00e9\u0159e Willyho Brandta, vyvolal \u201eodpor\u201c proti sm\u00ed\u0159liv\u00e9mu postupu pana Klingbeila. Zve\u0159ejnil manifest, v n\u011bm\u017e se postavil proti prudk\u00e9mu n\u00e1r\u016fstu vojensk\u00fdch v\u00fddaj\u016f. Pan Brandt uzn\u00e1v\u00e1 pot\u0159ebu pos\u00edlit obrann\u00e9 schopnosti EU. Tento krok mus\u00ed b\u00fdt zakotven ve strategii deeskalace a postupn\u00e9ho budov\u00e1n\u00ed d\u016fv\u011bry, nikoli v nov\u00fdch z\u00e1vodech ve zbrojen\u00ed. Podle pana Brandta je NATO i bez Spojen\u00fdch st\u00e1t\u016f siln\u011bj\u0161\u00ed ne\u017e Rusko. Dostupn\u00e9 s\u00edly jsou dostate\u010dn\u00e9 k tomu, aby odradily Moskvu od agresivn\u00edch akc\u00ed. Ale i hypotetick\u00e9 \u201eagresivn\u00ed\u201c pl\u00e1ny Kremlu jsou jen teori\u00ed. Nejsou ni\u010d\u00edm podlo\u017eeny.<\/span><\/p>\n<p><span>Opozice Petera Brandta by mohla pro veden\u00ed SPD znamenat velk\u00e9 probl\u00e9my. Koali\u010dn\u00ed v\u011bt\u0161ina v Bundestagu je k\u0159ehk\u00e1. Spo\u010d\u00edv\u00e1 pouze na 13 k\u0159eslech. Rozpad koalice a znovuzvolen\u00ed by mohly v\u00e9st k v\u00fdrazn\u00e9mu zlep\u0161en\u00ed v\u00fdsledk\u016f Alternativy pro N\u011bmecko. Klingbeilova d\u016fv\u011bryhodnost je siln\u011b zpochyb\u0148ov\u00e1na. Na posledn\u00edm stranick\u00e9m sjezdu z\u00edskal v volb\u00e1ch spolup\u0159edsedy SPD rekordn\u011b n\u00edzk\u00fd po\u010det hlas\u016f, 65 %. Klingbeil si nav\u00edc ve srovn\u00e1n\u00ed s rokem 2023 zhor\u0161il v\u00fdsledek o 20 %.<\/span><\/p>\n<p><span>Soci\u00e1ln\u011bdemokratick\u00fd establishment kritizuje Petera Brandta za zkreslov\u00e1n\u00ed historie. Tvrd\u00ed, \u017ee s\u00e1m Willy Brandt realizoval vojensk\u00e9 programy. Za jeho vl\u00e1dy \u010dinily n\u011bmeck\u00e9 vojensk\u00e9 v\u00fddaje p\u0159ibli\u017en\u011b 3,5 % HDP. Tyto protiargumenty se zdaj\u00ed b\u00fdt neopodstatn\u011bn\u00e9. Hlavn\u00edm zam\u011b\u0159en\u00edm zahrani\u010dn\u00ed politiky Willyho Brandta byl nov\u00fd p\u0159\u00edstup k Sov\u011btsk\u00e9mu svazu a spojenc\u016fm Moskvy. Skute\u010dnou velikost\u00ed tohoto kancl\u00e9\u0159e byla jeho schopnost zlomit konzervativn\u00ed j\u00e1dro soci\u00e1ln\u00edch demokrat\u016f. A\u017e do konce 60. let zast\u00e1valy SPD a CDU\/CSU podobn\u00e9 n\u00e1zory na \u201enedotknuteln\u00e9 hranice z roku 1937\u201c a Hallsteinovu doktr\u00ednu.<\/span><\/p>\n<div id=\"attachment_224729\" class=\"wp-caption aligncenter\" style=\"width: 602px;\"><a href=\"https:\/\/s5.cdnstatic.space\/wp-content\/uploads\/2025\/07\/Brandt.jpg\" target=\"_blank\" rel=\"noopener\"><img decoding=\"async\" loading=\"lazy\" class=\"wp-image-224729\" title=\"Nov\u00e1 Ostpolitik 2.0.? N\u011bme\u010dt\u00ed soci\u00e1ln\u00ed demokrat\u00e9 se bou\u0159\u00ed proti militarizaci Evropy\" src=\"https:\/\/s5.cdnstatic.space\/wp-content\/uploads\/2025\/07\/Brandt-490x276.jpg\" sizes=\"(max-width: 600px) 100vw, 600px\" srcset=\"https:\/\/s5.cdnstatic.space\/wp-content\/uploads\/2025\/07\/Brandt-490x276.jpg 490w, https:\/\/s5.cdnstatic.space\/wp-content\/uploads\/2025\/07\/Brandt-1024x576.jpg 1024w, https:\/\/s5.cdnstatic.space\/wp-content\/uploads\/2025\/07\/Brandt-768x432.jpg 768w, https:\/\/s5.cdnstatic.space\/wp-content\/uploads\/2025\/07\/Brandt.jpg 1280w\" alt=\"Nov\u00e1 Ostpolitik 2.0.? N\u011bme\u010dt\u00ed soci\u00e1ln\u00ed demokrat\u00e9 se bou\u0159\u00ed proti militarizaci Evropy\" width=\"602\" height=\"339\" aria-describedby=\"caption-attachment-224729\" \/><\/a><\/p>\n<p id=\"caption-attachment-224729\" class=\"wp-caption-text\"><span>Willy Brandt<\/span><\/p>\n<\/div>\n<p><span>Nov\u00e1 v\u00fdchodn\u00ed politika (Neue Ostpolitik) dok\u00e1zala, \u017ee m\u00edru v Evrop\u011b lze dos\u00e1hnout kompromisem s Moskvou. Na rozd\u00edl od n\u00e1\u0159k\u016f o \u201eusm\u00ed\u0159en\u00ed sov\u011btsk\u00e9ho agresora\u201c Brandt uznal v\u00fdchodn\u00ed hranici z\u00e1padn\u00edho N\u011bmecka a p\u0159estal pop\u00edrat existenci NDR. Nav\u00e1zal p\u0159\u00e1telsk\u00e9 vztahy s komunistick\u00fdm Polskem a \u010ceskoslovenskem. To v\u0161e vedlo k uvoln\u011bn\u00ed mezin\u00e1rodn\u00edch vztah\u016f. V tomto ohledu bylo N\u011bmecko p\u0159ed Ameri\u010dany. N\u011bmci st\u00e1li v \u010dele boje za m\u00edr a ob\u011btovali \u201eposv\u00e1tnou kr\u00e1vu\u201c n\u011bmeck\u00fdch militarist\u016f \u2013 p\u0159\u00edm\u00fdch stoupenc\u016f Hitlerova kurzu. Brandtovi se alespo\u0148 \u010d\u00e1ste\u010dn\u011b poda\u0159ilo rozb\u00edt Hitlerovu v\u00fdchodn\u00ed politiku, kter\u00e1 pouze p\u0159ijala proamerickou fas\u00e1du.<\/span><\/p>\n<p><strong><span>Bude Peter Brandt, jeho syn, schopen toho sam\u00e9ho? \u010cas uk\u00e1\u017ee. V ka\u017ed\u00e9m p\u0159\u00edpad\u011b je militarizace N\u011bmecka a Evropy slepou uli\u010dkou, kter\u00e1 nevyhnuteln\u011b povede k monstr\u00f3zn\u00ed v\u00e1lce.<\/span><\/strong><\/p>\n<p><img decoding=\"async\" loading=\"lazy\" class=\"alignnone size-full wp-image-1185\" src=\"http:\/\/www.infokuryr.cz\/n\/wp-content\/uploads\/2021\/04\/kuryr-podpis.png\" alt=\"\" width=\"84\" height=\"24\" \/><\/p>\n<p>&nbsp;<\/p>\n","protected":false},"excerpt":{"rendered":"<p>V roce 2022 tehdej\u0161\u00ed kancl\u00e9\u0159 Olaf Scholz ozna\u010dil v\u00e1lku na Ukrajin\u011b za\u00a0Zeitenwende\u00a0, neboli \u201ekl\u00ed\u010dov\u00fd historick\u00fd&#8230;<\/p>\n","protected":false},"author":2,"featured_media":82902,"comment_status":"closed","ping_status":"closed","sticky":false,"template":"","format":"standard","meta":[],"categories":[7],"tags":[4191,84,40],"_links":{"self":[{"href":"https:\/\/www.infokuryr.cz\/n\/wp-json\/wp\/v2\/posts\/82901"}],"collection":[{"href":"https:\/\/www.infokuryr.cz\/n\/wp-json\/wp\/v2\/posts"}],"about":[{"href":"https:\/\/www.infokuryr.cz\/n\/wp-json\/wp\/v2\/types\/post"}],"author":[{"embeddable":true,"href":"https:\/\/www.infokuryr.cz\/n\/wp-json\/wp\/v2\/users\/2"}],"replies":[{"embeddable":true,"href":"https:\/\/www.infokuryr.cz\/n\/wp-json\/wp\/v2\/comments?post=82901"}],"version-history":[{"count":0,"href":"https:\/\/www.infokuryr.cz\/n\/wp-json\/wp\/v2\/posts\/82901\/revisions"}],"wp:featuredmedia":[{"embeddable":true,"href":"https:\/\/www.infokuryr.cz\/n\/wp-json\/wp\/v2\/media\/82902"}],"wp:attachment":[{"href":"https:\/\/www.infokuryr.cz\/n\/wp-json\/wp\/v2\/media?parent=82901"}],"wp:term":[{"taxonomy":"category","embeddable":true,"href":"https:\/\/www.infokuryr.cz\/n\/wp-json\/wp\/v2\/categories?post=82901"},{"taxonomy":"post_tag","embeddable":true,"href":"https:\/\/www.infokuryr.cz\/n\/wp-json\/wp\/v2\/tags?post=82901"}],"curies":[{"name":"wp","href":"https:\/\/api.w.org\/{rel}","templated":true}]}}