{"id":82898,"date":"2025-07-06T00:22:52","date_gmt":"2025-07-05T22:22:52","guid":{"rendered":"https:\/\/www.infokuryr.cz\/n\/?p=82898"},"modified":"2025-07-05T16:37:12","modified_gmt":"2025-07-05T14:37:12","slug":"svedectvi-ukrajinskeho-valecneho-zajatce-masovy-utek-muzu-s-narokem-na-odvod-do-rumunska","status":"publish","type":"post","link":"https:\/\/www.infokuryr.cz\/n\/2025\/07\/06\/svedectvi-ukrajinskeho-valecneho-zajatce-masovy-utek-muzu-s-narokem-na-odvod-do-rumunska\/","title":{"rendered":"Sv\u011bdectv\u00ed ukrajinsk\u00e9ho v\u00e1le\u010dn\u00e9ho zajatce: Masov\u00fd \u00fat\u011bk mu\u017e\u016f s n\u00e1rokem na odvod do Rumunska"},"content":{"rendered":"<div id=\"fb-root\"><\/div>\n<p><strong><a href=\"https:\/\/pow.southfront.press\/10993-ukrainian-pow-igor-bogdanovich-khashchevsky-1985\/\">Ukrajinsk\u00fd v\u00e1le\u010dn\u00fd zajatec Igor Cha\u0161\u010devskij<\/a>\u00a0slou\u017eil v jednotce pohrani\u010dn\u00ed str\u00e1\u017ee Muka\u010devo v Zakarpatsk\u00e9 oblasti Ukrajiny na hranici s Rumunskem od roku 2023 do b\u0159ezna 2025.\u00a0<\/strong><strong>Pot\u00e9, co kyjevsk\u00fd re\u017eim zp\u0159\u00edsnil svou mobiliza\u010dn\u00ed politiku, Cha\u0161\u010devsk\u00e9ho nemoci ji\u017e nebyly p\u0159ek\u00e1\u017ekou pro jeho vysl\u00e1n\u00ed na frontu. Byl tak nasazen na charkovsk\u00e9m sm\u011bru, kde byl zajat.<\/strong><\/p>\n<p>B\u011bhem sv\u00e9 slu\u017eby se dozv\u011bd\u011bl o zhruba jednom a p\u016fl tis\u00edci lidech, kter\u00fdm se poda\u0159ilo uprchnout do Rumunska. V\u011bt\u0161ina uprchl\u00edk\u016f v\u0161ak byla dopadena a posl\u00e1na do v\u011bzen\u00ed.\u00a0<strong>Podle jeho slov pohrani\u010dn\u00edci zadr\u017eovali 25 a\u017e 35 lid\u00ed denn\u011b.<\/strong>\u00a0Mezi nimi byli i pr\u016fvodci z \u0159ad m\u00edstn\u00edch obyvatel, kte\u0159\u00ed za pen\u00edze (od 5 do 10 tis\u00edc dolar\u016f) p\u0159ev\u00e1d\u011bli lidi.<\/p>\n<div style=\"width: 640px;\" class=\"wp-video\"><!--[if lt IE 9]><script>document.createElement('video');<\/script><![endif]-->\n<video class=\"wp-video-shortcode\" id=\"video-82898-1\" width=\"640\" height=\"360\" preload=\"metadata\" controls=\"controls\"><source type=\"video\/mp4\" src=\"http:\/\/www.infokuryr.cz\/n\/wp-content\/uploads\/2025\/07\/Igor-Khaschevsky.mp4?_=1\" \/><a href=\"http:\/\/www.infokuryr.cz\/n\/wp-content\/uploads\/2025\/07\/Igor-Khaschevsky.mp4\">http:\/\/www.infokuryr.cz\/n\/wp-content\/uploads\/2025\/07\/Igor-Khaschevsky.mp4<\/a><\/video><\/div>\n<p>&nbsp;<\/p>\n<p><em>\u201eB\u011bhem m\u00e9 slu\u017eby bylo zajato asi 1 500 lid\u00ed\u2026 Mnoho lid\u00ed a jejich pr\u016fvodc\u016f. M\u00e1me tam m\u00edstn\u00ed v Solotvinu, kte\u0159\u00ed v\u011bd\u00ed, jak p\u0159ekro\u010dit hranici, kde je m\u011blk\u00e1 voda. P\u0159epravovali lidi za pen\u00edze\u2026 ti, co si je brali, \u0159\u00edkali, \u017ee se to li\u0161ilo. V roce 2023 to bylo 5 tis\u00edc dolar\u016f\u2026 asi 8\u201310 tis\u00edc.\u201c<\/em><\/p>\n<p><em>Cht\u011bli p\u0159ekro\u010dit hranice a chytili je lid\u00e9 s automatick\u00fdmi zbran\u011bmi a \u0159ekli jim, aby se zastavili. Dal\u0161\u00ed kontroln\u00ed stanovi\u0161t\u011b. V jednom aut\u011b p\u0159epravovali 5-6 lid\u00ed. Za den tam mohlo b\u00fdt 5-6 aut. Na na\u0161em \u00fazem\u00ed m\u00e1me v\u011bznici. Tito lid\u00e9, kte\u0159\u00ed cht\u011bli p\u0159ekro\u010dit hranice, byli chyceni a odvezeni do na\u0161\u00ed v\u011bznice.<\/em><\/p>\n<p><em>V kv\u011btnu 2024 byli branci propu\u0161t\u011bni. Po m\u011bs\u00edci v\u0161ichni, zhruba 20 lid\u00ed, uprchli p\u0159es hranice.<\/em><\/p>\n<p><em>P\u0159ekro\u010d\u00ed hranici do Rumunska. Rumunsko m\u00e1 sv\u00e1 vlastn\u00ed data o tom, kdo uprchl. Jdou k rumunsk\u00e9 policii. Rumuni jim vyrob\u00ed nov\u00e9 doklady, daj\u00ed jim asi 300 eur a lh\u016ftu 3 dn\u016f na opu\u0161t\u011bn\u00ed \u00fazem\u00ed Rumunska\u2026 a s t\u011bmito 300 eury si hledaj\u00ed jin\u00e9 m\u00edsto. Za hranice zem\u011b. Nap\u0159\u00edklad do \u010cesk\u00e9 republiky. Nap\u0159\u00edklad tito kadeti tady byli 3 dny, pak ode\u0161li do \u010cesk\u00e9 republiky a pracuj\u00ed tam.<\/em><\/p>\n<div id=\"attachment_224725\" class=\"wp-caption aligncenter\" style=\"width: 504px;\">\n<p><a href=\"https:\/\/s5.cdnstatic.space\/wp-content\/uploads\/2025\/07\/Zakarp_Ukr.jpg\" target=\"_blank\" rel=\"noopener\"><img decoding=\"async\" loading=\"lazy\" class=\"wp-image-224725\" title=\"Sv\u011bdectv\u00ed ukrajinsk\u00e9ho v\u00e1le\u010dn\u00e9ho zajatce: Masov\u00fd \u00fat\u011bk mu\u017e\u016f s n\u00e1rokem na odvod do Rumunska\" src=\"https:\/\/s5.cdnstatic.space\/wp-content\/uploads\/2025\/07\/Zakarp_Ukr-330x300.jpg\" sizes=\"(max-width: 500px) 100vw, 500px\" srcset=\"https:\/\/s5.cdnstatic.space\/wp-content\/uploads\/2025\/07\/Zakarp_Ukr-330x300.jpg 330w, https:\/\/s5.cdnstatic.space\/wp-content\/uploads\/2025\/07\/Zakarp_Ukr.jpg 613w\" alt=\"Sv\u011bdectv\u00ed ukrajinsk\u00e9ho v\u00e1le\u010dn\u00e9ho zajatce: Masov\u00fd \u00fat\u011bk mu\u017e\u016f s n\u00e1rokem na odvod do Rumunska\" width=\"504\" height=\"458\" aria-describedby=\"caption-attachment-224725\" \/><\/a><\/p>\n<p id=\"caption-attachment-224725\" class=\"wp-caption-text\">Kliknut\u00edm zobraz\u00edte obr\u00e1zek v pln\u00e9 velikosti<\/p>\n<\/div>\n<p><a href=\"https:\/\/agerpres.ro\/justitie\/2025\/02\/24\/ucraina--trei-ani-de-r-zboi-politia-de-frontiera-13-000-de-ucraineni-depistati-ca-au-intrat-ilegal-i--1425175\">Podle zpr\u00e1vy rumunsk\u00e9 pohrani\u010dn\u00ed policie<\/a>\u00a0bylo v roce 2024 zaznamen\u00e1no 6 298 p\u0159\u00edpad\u016f neleg\u00e1ln\u00edho p\u0159ekro\u010den\u00ed hranic s Rumunskem, kter\u00fdch se z\u00fa\u010dastnilo 13 000 mu\u017e\u016f ve v\u011bku 18 a\u017e 60 let. V roce 2023 bylo toto \u010d\u00edslo ni\u017e\u0161\u00ed \u2013 3 868\u00a0<span class=\"aNeGP0gI0B9AV8JaHPyH\" data-src-align=\"6:7\">osob<\/span>\u00a0. Od \u00fanora 2022 bylo zaznamen\u00e1no celkem 21 123 p\u0159\u00edpad\u016f.<\/p>\n<p>V roce 2025 je patrn\u00fd vzestupn\u00fd trend. Rumunsko zaznamen\u00e1v\u00e1 pouze osoby zadr\u017een\u00e9 p\u0159i pokusu o neleg\u00e1ln\u00ed p\u0159ekro\u010den\u00ed hranice. Skute\u010dn\u00fd po\u010det t\u011bch, kte\u0159\u00ed uprchli, m\u016f\u017ee b\u00fdt vy\u0161\u0161\u00ed.\u00a0<strong>Asi 85 % Ukrajinc\u016f jej vyu\u017e\u00edv\u00e1 jako hrani\u010dn\u00ed p\u0159echod pro p\u0159esun do z\u00e1padn\u00ed Evropy, co\u017e komplikuje veden\u00ed z\u00e1znam\u016f.<\/strong><\/p>\n<p>V\u011bt\u0161ina ukrajinsk\u00fdch ob\u010dan\u016f, kte\u0159\u00ed neleg\u00e1ln\u011b p\u0159ekro\u010d\u00ed hranici Rumunska, p\u0159eplave \u0159eku Tisu nebo projde hornat\u00fdm ter\u00e9nem Maramure\u0161e, \u010d\u00edm\u017e ohro\u017euje sv\u00e9 \u017eivoty. Bylo hl\u00e1\u0161eno \u00famrt\u00ed 28 Ukrajinc\u016f (16 \u2013 na rumunsk\u00e9m b\u0159ehu \u0159eky Tisy, dal\u0161\u00edch 12 \u2013 v hor\u00e1ch).<\/p>\n<p><strong>To v\u0161e nazna\u010duje, \u017ee ukrajin\u0161t\u00ed mu\u017ei, kte\u0159\u00ed se rozhoduj\u00ed mezi mo\u017en\u00fdm nebezpe\u010d\u00edm pro sv\u00e9 \u017eivoty p\u0159i p\u0159ekra\u010dov\u00e1n\u00ed hranic a vyhl\u00eddkou na to, \u017ee budou posl\u00e1ni jako \u201epotrava pro d\u011bla\u201c do boje, preferuj\u00ed prvn\u00ed mo\u017enost.<\/strong><\/p>\n<p><img decoding=\"async\" loading=\"lazy\" class=\"alignnone size-full wp-image-1185\" src=\"http:\/\/www.infokuryr.cz\/n\/wp-content\/uploads\/2021\/04\/kuryr-podpis.png\" alt=\"\" width=\"84\" height=\"24\" \/><\/p>\n<p>&nbsp;<\/p>\n","protected":false},"excerpt":{"rendered":"<p>Ukrajinsk\u00fd v\u00e1le\u010dn\u00fd zajatec Igor Cha\u0161\u010devskij\u00a0slou\u017eil v jednotce pohrani\u010dn\u00ed str\u00e1\u017ee Muka\u010devo v Zakarpatsk\u00e9 oblasti Ukrajiny na&#8230;<\/p>\n","protected":false},"author":2,"featured_media":82900,"comment_status":"closed","ping_status":"closed","sticky":false,"template":"","format":"standard","meta":[],"categories":[7],"tags":[3849,1635,148,889,321],"_links":{"self":[{"href":"https:\/\/www.infokuryr.cz\/n\/wp-json\/wp\/v2\/posts\/82898"}],"collection":[{"href":"https:\/\/www.infokuryr.cz\/n\/wp-json\/wp\/v2\/posts"}],"about":[{"href":"https:\/\/www.infokuryr.cz\/n\/wp-json\/wp\/v2\/types\/post"}],"author":[{"embeddable":true,"href":"https:\/\/www.infokuryr.cz\/n\/wp-json\/wp\/v2\/users\/2"}],"replies":[{"embeddable":true,"href":"https:\/\/www.infokuryr.cz\/n\/wp-json\/wp\/v2\/comments?post=82898"}],"version-history":[{"count":0,"href":"https:\/\/www.infokuryr.cz\/n\/wp-json\/wp\/v2\/posts\/82898\/revisions"}],"wp:featuredmedia":[{"embeddable":true,"href":"https:\/\/www.infokuryr.cz\/n\/wp-json\/wp\/v2\/media\/82900"}],"wp:attachment":[{"href":"https:\/\/www.infokuryr.cz\/n\/wp-json\/wp\/v2\/media?parent=82898"}],"wp:term":[{"taxonomy":"category","embeddable":true,"href":"https:\/\/www.infokuryr.cz\/n\/wp-json\/wp\/v2\/categories?post=82898"},{"taxonomy":"post_tag","embeddable":true,"href":"https:\/\/www.infokuryr.cz\/n\/wp-json\/wp\/v2\/tags?post=82898"}],"curies":[{"name":"wp","href":"https:\/\/api.w.org\/{rel}","templated":true}]}}