{"id":82896,"date":"2025-07-06T00:21:44","date_gmt":"2025-07-05T22:21:44","guid":{"rendered":"https:\/\/www.infokuryr.cz\/n\/?p=82896"},"modified":"2025-07-05T15:23:51","modified_gmt":"2025-07-05T13:23:51","slug":"polsky-prezident-duda-vyzyva-opozici-k-strizlivosti-pote-co-nejvyssi-soud-potvrdil-vysledky-voleb","status":"publish","type":"post","link":"https:\/\/www.infokuryr.cz\/n\/2025\/07\/06\/polsky-prezident-duda-vyzyva-opozici-k-strizlivosti-pote-co-nejvyssi-soud-potvrdil-vysledky-voleb\/","title":{"rendered":"Polsk\u00fd prezident Duda vyz\u00fdv\u00e1 opozici k \u201est\u0159\u00edzlivosti\u201c pot\u00e9, co Nejvy\u0161\u0161\u00ed soud potvrdil v\u00fdsledky voleb"},"content":{"rendered":"<div id=\"fb-root\"><\/div>\n<h3 class=\"s-tagline fw-tagline\"><span>Andrzej Duda vyz\u00fdv\u00e1 opozi\u010dn\u00ed politiky, aby respektovali v\u00fdsledky voleb a p\u0159estali zpochyb\u0148ovat v\u00fdsledek prezidentsk\u00fdch voleb<\/span><\/h3>\n<div class=\"e-ct-outer\">\n<div class=\"entry-content rbct clearfix is-highlight-shares\">\n<p><span>Odch\u00e1zej\u00edc\u00ed polsk\u00fd prezident Andrzej Duda ost\u0159e kritizoval opozi\u010dn\u00ed politiky, kte\u0159\u00ed nad\u00e1le zpochyb\u0148uj\u00ed v\u00fdsledek polsk\u00fdch prezidentsk\u00fdch voleb, a vyzval je, aby se \u201etrochu uklidnili\u201c a akceptovali v\u016fli voli\u010d\u016f.<\/span><\/p>\n<p><span>V rozhovoru pro Telewizja wPolsce24 se Duda obr\u00e1til na osobnosti, jako je Roman Giertych a dal\u0161\u00ed \u010dlenov\u00e9 Ob\u010dansk\u00e9 koalice, kte\u0159\u00ed se sna\u017eili zpochybnit legitimitu hlasov\u00e1n\u00ed.<\/span><\/p>\n<p><span>\u201eKlidn\u011b a d\u016fsledn\u011b t\u011bmto p\u00e1n\u016fm v prvn\u00ed \u0159ad\u011b \u0159\u00edk\u00e1m, \u017ee jsou to Pol\u00e1ci, kdo definuje demokracii sv\u00fdmi hlasy, svou \u00fa\u010dast\u00ed a ve skute\u010dnosti tuto demokracii takto utv\u00e1\u0159\u00ed a kresl\u00ed. D\u00edky tomu existuje, \u017ee chod\u00ed k volb\u00e1m, vol\u00ed a vyb\u00edraj\u00ed si.\u201c<\/span><\/p>\n<p><span>\u201eTato rozhodnut\u00ed jsou \u010dasto prom\u011bnliv\u00e1 v porovn\u00e1n\u00ed s t\u00edm, jak se rozhodovala d\u0159\u00edve. Pr\u00e1v\u011b proto, \u017ee hodnot\u00ed, jak se n\u011bkdo choval jako ten, komu sv\u011b\u0159il moc v Polsk\u00e9 republice. A to je charakteristick\u00e9 pro demokracii a je dob\u0159e, \u017ee se moc v Polsku m\u011bn\u00ed, ale oni to nemohou akceptovat,\u201c \u0159ekl Duda.<\/span><\/p>\n<p><span>Obvinil opozici z odm\u00edt\u00e1n\u00ed akceptov\u00e1n\u00ed volebn\u00edch por\u00e1\u017eek a z ur\u00e1\u017een\u00ed voli\u010d\u016f. \u201eKolikr\u00e1t volby nevyhraj\u00ed, tolikr\u00e1t to nedok\u00e1\u017eou akceptovat, \u0159\u00edkaj\u00ed, jak \u0161patn\u00ed Pol\u00e1ci jsou, dovoluj\u00ed si ur\u00e1\u017eet lidi, r\u016fzn\u00e9 drz\u00e9 texty ur\u00e1\u017eej\u00edc\u00ed voli\u010de. Vyz\u00fdv\u00e1m k tomu, aby tito politici trochu vyst\u0159\u00edzliv\u011bli, nebo mo\u017en\u00e1 sta\u010d\u00ed prost\u011b oslovit voli\u010de \u2013 pros\u00edm, v\u011bnujte pozornost tomu, kdo se takto chov\u00e1, a pros\u00edm, p\u0159\u00ed\u0161t\u011b tyto lidi nevolte, proto\u017ee nejsou zp\u016fsobil\u00ed k demokracii, nejsou na ni dostate\u010dn\u011b zral\u00ed,\u201c \u0159ekl.<\/span><\/p>\n<p><span>Polsk\u00fd Nejvy\u0161\u0161\u00ed soud nyn\u00ed potvrdil v\u00fdsledek \u010dervnov\u00fdch prezidentsk\u00fdch voleb, jedn\u011bch z nejvyrovnan\u011bj\u0161\u00edch v ned\u00e1vn\u00e9 historii zem\u011b. Soud projednal v\u00edce ne\u017e 53 000 protest\u016f t\u00fdkaj\u00edc\u00edch se nesrovnalost\u00ed p\u0159i hlasov\u00e1n\u00ed, ne\u017e potvrdil v\u00edt\u011bzstv\u00ed konzervativce Karola Nawrock\u00e9ho, kter\u00fd v druh\u00e9m kole porazil liber\u00e1ln\u00edho var\u0161avsk\u00e9ho starostu Rafa\u0142a Trzaskowsk\u00e9ho o pouh\u00fdch 369 591 hlas\u016f.<\/span><\/p>\n<p><span>Donald Tusk zpo\u010d\u00e1tku podporoval v\u00fdzvy k pro\u0161et\u0159en\u00ed v\u00fdsledk\u016f voleb pot\u00e9, co jeho preferovan\u00fd kandid\u00e1t Trzaskowski t\u011bsn\u011b prohr\u00e1l. Tuskovy koment\u00e1\u0159e nazna\u010dovaly p\u0159etrv\u00e1vaj\u00edc\u00ed podez\u0159en\u00ed ohledn\u011b v\u00fdsledku a \u0159ekly: \u201eNejste vy, pane Dudo, pane Nawrocki a pane Kaczy\u0144ski, trochu zv\u011bdav\u00ed na skute\u010dn\u00fd v\u00fdsledek? Jak ka\u017ed\u00fd v\u00ed, poctiv\u00ed lid\u00e9 se nemaj\u00ed \u010deho b\u00e1t.\u201c Pozd\u011bji v\u0161ak od sv\u00fdch v\u00fdrok\u016f ustoupil a uznal, \u017ee a\u010dkoliv k nesrovnalostem do\u0161lo, v\u00fdsledek neovlivnily. \u201ePodle m\u00e9ho n\u00e1zoru tyto nesrovnalosti celkov\u00fd v\u00fdsledek nezm\u011bnily,\u201c \u0159ekl Tusk.<\/span><\/p>\n<p><span>O\u010dek\u00e1v\u00e1 se, \u017ee Nawrockiho prezidentstv\u00ed bude pro Tuskovu liber\u00e1ln\u00ed vl\u00e1du p\u0159edstavovat zna\u010dn\u00e9 p\u0159ek\u00e1\u017eky. Prezidentsk\u00e9 veto v Polsku je mocn\u00fd n\u00e1stroj, kter\u00fd m\u016f\u017ee b\u00fdt p\u0159ekon\u00e1n pouze nadpolovi\u010dn\u00ed v\u011bt\u0161inou v Sejmu, co\u017e Tuskova koalice v sou\u010dasn\u00e9 dob\u011b postr\u00e1d\u00e1. Nawrocki ji\u017e jasn\u011b dal najevo sv\u016fj z\u00e1m\u011br vzdorovat Tuskov\u011b agend\u011b a zaujal bojovn\u00fd postoj v kl\u00ed\u010dov\u00fdch ot\u00e1zk\u00e1ch, v\u010detn\u011b migrace.<\/span><\/p>\n<p><span>\u201ePol\u00e1ci si nenechaj\u00ed vz\u00edt ani demokracii, ani svobodu, ani nez\u00e1vislost. Takov\u00ed jsme. Vyhr\u00e1li jsme velkou bitvu, te\u010f za\u010d\u00edn\u00e1me t\u011b\u017ekou pr\u00e1ci,\u201c \u0159ekl Nawrocki minul\u00fd m\u011bs\u00edc po sv\u00e9m v\u00edt\u011bzstv\u00ed.<\/span><\/p>\n<p><span>Vyj\u00e1d\u0159il se tak\u00e9 proti n\u011bmeck\u00e9 migra\u010dn\u00ed politice, zejm\u00e9na s ohledem na ned\u00e1vn\u00e9 zpr\u00e1vy o tom, \u017ee n\u011bmeck\u00e9 \u00fa\u0159ady pos\u00edlaj\u00ed neleg\u00e1ln\u00ed migranty zp\u011bt do Polska. \u201eNesouhlas\u00edm se sou\u010dasnou migra\u010dn\u00ed politikou Evropsk\u00e9 unie a jako prezident Polsk\u00e9 republiky nehodl\u00e1m tolerovat skute\u010dnost, \u017ee N\u011bmci cht\u011bj\u00ed \u0159e\u0161it sv\u00e9 z\u00e1le\u017eitosti t\u00edm, \u017ee ohro\u017euj\u00ed bezpe\u010dnost na\u0161ich \u017een a d\u011bt\u00ed,\u201c \u0159ekl.<\/span><\/p>\n<p><img decoding=\"async\" loading=\"lazy\" class=\"alignnone size-full wp-image-1185\" src=\"http:\/\/www.infokuryr.cz\/n\/wp-content\/uploads\/2021\/04\/kuryr-podpis.png\" alt=\"\" width=\"84\" height=\"24\" \/><\/p>\n<p>&nbsp;<\/p>\n<\/div>\n<\/div>\n","protected":false},"excerpt":{"rendered":"<p>Andrzej Duda vyz\u00fdv\u00e1 opozi\u010dn\u00ed politiky, aby respektovali v\u00fdsledky voleb a p\u0159estali zpochyb\u0148ovat v\u00fdsledek prezidentsk\u00fdch voleb&#8230;<\/p>\n","protected":false},"author":2,"featured_media":62834,"comment_status":"closed","ping_status":"closed","sticky":false,"template":"","format":"standard","meta":[],"categories":[7],"tags":[1267,31,27],"_links":{"self":[{"href":"https:\/\/www.infokuryr.cz\/n\/wp-json\/wp\/v2\/posts\/82896"}],"collection":[{"href":"https:\/\/www.infokuryr.cz\/n\/wp-json\/wp\/v2\/posts"}],"about":[{"href":"https:\/\/www.infokuryr.cz\/n\/wp-json\/wp\/v2\/types\/post"}],"author":[{"embeddable":true,"href":"https:\/\/www.infokuryr.cz\/n\/wp-json\/wp\/v2\/users\/2"}],"replies":[{"embeddable":true,"href":"https:\/\/www.infokuryr.cz\/n\/wp-json\/wp\/v2\/comments?post=82896"}],"version-history":[{"count":0,"href":"https:\/\/www.infokuryr.cz\/n\/wp-json\/wp\/v2\/posts\/82896\/revisions"}],"wp:featuredmedia":[{"embeddable":true,"href":"https:\/\/www.infokuryr.cz\/n\/wp-json\/wp\/v2\/media\/62834"}],"wp:attachment":[{"href":"https:\/\/www.infokuryr.cz\/n\/wp-json\/wp\/v2\/media?parent=82896"}],"wp:term":[{"taxonomy":"category","embeddable":true,"href":"https:\/\/www.infokuryr.cz\/n\/wp-json\/wp\/v2\/categories?post=82896"},{"taxonomy":"post_tag","embeddable":true,"href":"https:\/\/www.infokuryr.cz\/n\/wp-json\/wp\/v2\/tags?post=82896"}],"curies":[{"name":"wp","href":"https:\/\/api.w.org\/{rel}","templated":true}]}}