{"id":82887,"date":"2025-07-06T00:17:57","date_gmt":"2025-07-05T22:17:57","guid":{"rendered":"https:\/\/www.infokuryr.cz\/n\/?p=82887"},"modified":"2025-07-05T13:42:08","modified_gmt":"2025-07-05T11:42:08","slug":"americky-teenager-pristal-s-cessnou-v-antarktide-a-byl-zatcen","status":"publish","type":"post","link":"https:\/\/www.infokuryr.cz\/n\/2025\/07\/06\/americky-teenager-pristal-s-cessnou-v-antarktide-a-byl-zatcen\/","title":{"rendered":"Americk\u00fd teenager p\u0159ist\u00e1l s Cessnou v Antarktid\u011b \u2013 a byl zat\u010den"},"content":{"rendered":"<div id=\"fb-root\"><\/div>\n<p><strong><span>Let do Antarktidy vy\u017eaduje povolen\u00ed. Devaten\u00e1ctilet\u00fd Ameri\u010dan, kter\u00fd pl\u00e1nuje let\u011bt na v\u0161ech sedm kontinent\u016f na charitativn\u00ed akci, byl nyn\u00ed za sv\u016fj let zat\u010den chilsk\u00fdmi \u00fa\u0159ady. Je obvin\u011bn z poru\u0161en\u00ed n\u011bkolika n\u00e1rodn\u00edch i mezin\u00e1rodn\u00edch z\u00e1kon\u016f a p\u0159edpis\u016f.<\/span><\/strong><\/p>\n<p><span>Vstup do Antarktidy je omezen\u00fd. P\u0159esto\u017ee o tom v\u011bd\u011bl, devaten\u00e1ctilet\u00fd Ameri\u010dan Ethan Guo ignoroval sv\u016fj p\u0159edlo\u017een\u00fd letov\u00fd pl\u00e1n a vlet\u011bl na chilsk\u00e9 antarktick\u00e9 \u00fazem\u00ed \u2013 p\u0159ist\u00e1l na tamn\u00edm leti\u0161ti. To nyn\u00ed vedlo k jeho zat\u010den\u00ed chilsk\u00fdmi \u00fa\u0159ady.<\/span><\/p>\n<p><span>\u201eObvin\u011bn\u00fd poskytl leteck\u00e9mu \u00fa\u0159adu nepravdiv\u00e9 informace. P\u0159edlo\u017eil letov\u00fd pl\u00e1n, v n\u011bm\u017e uv\u00e1d\u011bl, \u017ee polet\u00ed nad m\u011bstem Punta Arenas,\u201c uvedl\u00a0<\/span><a href=\"https:\/\/www.cnn.com\/2025\/07\/02\/americas\/us-teen-ethan-guo-solo-flight-antarctica-chile-detained-intl-latam\"><span>podle CNN<\/span><\/a><span>\u00a0Cristian Crisosto Rifo, region\u00e1ln\u00ed prokur\u00e1tor Magallanes a chilsk\u00e9 Antarktidy . \u201ePokra\u010doval v\u0161ak v letu sm\u011brem k Antarktid\u011b, ani\u017e by o tom kohokoli informoval a bez jak\u00e9hokoli povolen\u00ed, a p\u0159ist\u00e1l na leti\u0161ti z\u00e1kladny poru\u010d\u00edka Rodolfa Marshe v chilsk\u00e9m antarktick\u00e9m \u00fazem\u00ed. T\u00edmto chov\u00e1n\u00edm obvin\u011bn\u00fd v\u00e1\u017en\u011b ohrozil bezpe\u010dnost leteck\u00e9 dopravy do Antarktidy a oblasti Magallanes,\u201c uvedl Rifo.<\/span><\/p>\n<p><span>D\u00e1le uvedl, \u017ee poru\u0161il nejen leteck\u00fd z\u00e1kon\u00edk, \u201eale tak\u00e9 n\u011bkolik n\u00e1rodn\u00edch a mezin\u00e1rodn\u00edch p\u0159edpis\u016f t\u00fdkaj\u00edc\u00edch se tras do Antarktidy a p\u0159\u00edstupu na B\u00edl\u00fd kontinent.\u201c Guo nyn\u00ed z\u016fstane ve vazb\u011b v Antarktid\u011b, dokud mu nebude dovoleno vr\u00e1tit se do Punta Arenas. Nebude tak\u00e9 moci opustit Chile, dokud nebude ukon\u010deno prob\u00edhaj\u00edc\u00ed \u0159\u00edzen\u00ed.<\/span><\/p>\n<figure class=\"wp-block-embed is-type-rich is-provider-twitter wp-block-embed-twitter\">\n<div class=\"wp-block-embed__wrapper\">\n<div class=\"twitter-tweet twitter-tweet-rendered\"><iframe id=\"twitter-widget-0\" class=\"\" title=\"X P\u0159\u00edsp\u011bvek\" src=\"https:\/\/platform.twitter.com\/embed\/Tweet.html?dnt=true&amp;embedId=twitter-widget-0&amp;features=eyJ0ZndfdGltZWxpbmVfbGlzdCI6eyJidWNrZXQiOltdLCJ2ZXJzaW9uIjpudWxsfSwidGZ3X2ZvbGxvd2VyX2NvdW50X3N1bnNldCI6eyJidWNrZXQiOnRydWUsInZlcnNpb24iOm51bGx9LCJ0ZndfdHdlZXRfZWRpdF9iYWNrZW5kIjp7ImJ1Y2tldCI6Im9uIiwidmVyc2lvbiI6bnVsbH0sInRmd19yZWZzcmNfc2Vzc2lvbiI6eyJidWNrZXQiOiJvbiIsInZlcnNpb24iOm51bGx9LCJ0ZndfZm9zbnJfc29mdF9pbnRlcnZlbnRpb25zX2VuYWJsZWQiOnsiYnVja2V0Ijoib24iLCJ2ZXJzaW9uIjpudWxsfSwidGZ3X21peGVkX21lZGlhXzE1ODk3Ijp7ImJ1Y2tldCI6InRyZWF0bWVudCIsInZlcnNpb24iOm51bGx9LCJ0ZndfZXhwZXJpbWVudHNfY29va2llX2V4cGlyYXRpb24iOnsiYnVja2V0IjoxMjA5NjAwLCJ2ZXJzaW9uIjpudWxsfSwidGZ3X3Nob3dfYmlyZHdhdGNoX3Bpdm90c19lbmFibGVkIjp7ImJ1Y2tldCI6Im9uIiwidmVyc2lvbiI6bnVsbH0sInRmd19kdXBsaWNhdGVfc2NyaWJlc190b19zZXR0aW5ncyI6eyJidWNrZXQiOiJvbiIsInZlcnNpb24iOm51bGx9LCJ0ZndfdXNlX3Byb2ZpbGVfaW1hZ2Vfc2hhcGVfZW5hYmxlZCI6eyJidWNrZXQiOiJvbiIsInZlcnNpb24iOm51bGx9LCJ0ZndfdmlkZW9faGxzX2R5bmFtaWNfbWFuaWZlc3RzXzE1MDgyIjp7ImJ1Y2tldCI6InRydWVfYml0cmF0ZSIsInZlcnNpb24iOm51bGx9LCJ0ZndfbGVnYWN5X3RpbWVsaW5lX3N1bnNldCI6eyJidWNrZXQiOnRydWUsInZlcnNpb24iOm51bGx9LCJ0ZndfdHdlZXRfZWRpdF9mcm9udGVuZCI6eyJidWNrZXQiOiJvbiIsInZlcnNpb24iOm51bGx9fQ%3D%3D&amp;frame=false&amp;hideCard=false&amp;hideThread=false&amp;id=1847404723806359634&amp;lang=de&amp;origin=https%3A%2F%2Freport24.news%2Fus-teenager-landet-cessna-in-der-antarktis-und-wird-festgenommen%2F&amp;sessionId=1dd5a0302b03ae570d1a9c3e90033ca38fdc5203&amp;theme=light&amp;widgetsVersion=2615f7e52b7e0%3A1702314776716&amp;width=550px\" frameborder=\"0\" scrolling=\"no\" allowfullscreen=\"allowfullscreen\" data-tweet-id=\"1847404723806359634\" data-mce-fragment=\"1\"><\/iframe><\/div>\n<\/div>\n<\/figure>\n<p><span>Guo, sv\u00e9ho druhu hv\u011bzda soci\u00e1ln\u00edch m\u00e9di\u00ed, d\u0159\u00edve ozn\u00e1mil, \u017ee se stane prvn\u00edm \u010dlov\u011bkem v historii, kter\u00fd polet\u00ed na v\u0161ech sedm kontinent\u016f. Douf\u00e1, \u017ee vybere 1 milion dolar\u016f na v\u00fdzkum rakoviny v d\u011btsk\u00e9 nemocnici St. Jude. \u201eV roce 2021 byl m\u00e9mu bratranci diagnostikov\u00e1n rakovina. Obdivuji ho. Inspiroval m\u011b, abych bral \u017eivot v\u00e1\u017en\u011bji a zapojil se do boje proti rakovin\u011b. Chci vyu\u017e\u00edt ka\u017edou p\u0159\u00edle\u017eitost ke zv\u00fd\u0161en\u00ed pov\u011bdom\u00ed o d\u011btsk\u00e9 rakovin\u011b a zd\u016fraznit pot\u0159ebu zv\u00fd\u0161it v\u00fdzkumn\u00e9 \u00fasil\u00ed s c\u00edlem naj\u00edt metody prevence a l\u00e9\u010dby,\u201c napsal Guo\u00a0<\/span><a href=\"https:\/\/www.ethansflightagainstcancer.com\/\"><span>na sv\u00fdch webov\u00fdch str\u00e1nk\u00e1ch<\/span><\/a><span>\u00a0.<\/span><\/p>\n<p><span>Jeho rozhodnut\u00ed let\u011bt do Antarktidy jako sv\u00e9ho kone\u010dn\u00e9ho c\u00edle m\u011blo pravd\u011bpodobn\u011b n\u011bkolik d\u016fvod\u016f. Na jedn\u00e9 stran\u011b si byl jist\u011b v\u011bdom toho, \u017ee by poru\u0161il platn\u00e9 z\u00e1kony, a proto pravd\u011bpodobn\u011b o\u010dek\u00e1val, \u017ee ho \u00fa\u0159ady zatknou. Na druhou stranu to jemu a jeho \u201emisi\u201c p\u0159ineslo celosv\u011btovou pozornost. Devaten\u00e1ctilet\u00fd mlad\u00edk v\u0161ak nyn\u00ed v nejhor\u0161\u00edm p\u0159\u00edpad\u011b \u010del\u00ed uv\u011bzn\u011bn\u00ed, vysok\u00fdm pokut\u00e1m, odebr\u00e1n\u00ed pilotn\u00ed licence nebo dokonce zabaven\u00ed jeho Cessny.<\/span><\/p>\n<p><img decoding=\"async\" loading=\"lazy\" class=\"alignnone size-full wp-image-1185\" src=\"http:\/\/www.infokuryr.cz\/n\/wp-content\/uploads\/2021\/04\/kuryr-podpis.png\" alt=\"\" width=\"84\" height=\"24\" \/><\/p>\n<p>&nbsp;<\/p>\n","protected":false},"excerpt":{"rendered":"<p>Let do Antarktidy vy\u017eaduje povolen\u00ed. Devaten\u00e1ctilet\u00fd Ameri\u010dan, kter\u00fd pl\u00e1nuje let\u011bt na v\u0161ech sedm kontinent\u016f na&#8230;<\/p>\n","protected":false},"author":2,"featured_media":82888,"comment_status":"closed","ping_status":"closed","sticky":false,"template":"","format":"standard","meta":[],"categories":[7],"tags":[2753,1648,447,1314],"_links":{"self":[{"href":"https:\/\/www.infokuryr.cz\/n\/wp-json\/wp\/v2\/posts\/82887"}],"collection":[{"href":"https:\/\/www.infokuryr.cz\/n\/wp-json\/wp\/v2\/posts"}],"about":[{"href":"https:\/\/www.infokuryr.cz\/n\/wp-json\/wp\/v2\/types\/post"}],"author":[{"embeddable":true,"href":"https:\/\/www.infokuryr.cz\/n\/wp-json\/wp\/v2\/users\/2"}],"replies":[{"embeddable":true,"href":"https:\/\/www.infokuryr.cz\/n\/wp-json\/wp\/v2\/comments?post=82887"}],"version-history":[{"count":1,"href":"https:\/\/www.infokuryr.cz\/n\/wp-json\/wp\/v2\/posts\/82887\/revisions"}],"predecessor-version":[{"id":82889,"href":"https:\/\/www.infokuryr.cz\/n\/wp-json\/wp\/v2\/posts\/82887\/revisions\/82889"}],"wp:featuredmedia":[{"embeddable":true,"href":"https:\/\/www.infokuryr.cz\/n\/wp-json\/wp\/v2\/media\/82888"}],"wp:attachment":[{"href":"https:\/\/www.infokuryr.cz\/n\/wp-json\/wp\/v2\/media?parent=82887"}],"wp:term":[{"taxonomy":"category","embeddable":true,"href":"https:\/\/www.infokuryr.cz\/n\/wp-json\/wp\/v2\/categories?post=82887"},{"taxonomy":"post_tag","embeddable":true,"href":"https:\/\/www.infokuryr.cz\/n\/wp-json\/wp\/v2\/tags?post=82887"}],"curies":[{"name":"wp","href":"https:\/\/api.w.org\/{rel}","templated":true}]}}