{"id":82860,"date":"2025-07-05T07:09:10","date_gmt":"2025-07-05T05:09:10","guid":{"rendered":"https:\/\/www.infokuryr.cz\/n\/?p=82860"},"modified":"2025-07-05T07:09:10","modified_gmt":"2025-07-05T05:09:10","slug":"macron-prozradil-temata-o-kterych-diskutoval-s-putinem","status":"publish","type":"post","link":"https:\/\/www.infokuryr.cz\/n\/2025\/07\/05\/macron-prozradil-temata-o-kterych-diskutoval-s-putinem\/","title":{"rendered":"Macron prozradil t\u00e9mata, o kter\u00fdch diskutoval s Putinem"},"content":{"rendered":"<div id=\"fb-root\"><\/div>\n<h3>Francouzsk\u00fd v\u016fdce uvedl, \u017ee vyj\u00e1d\u0159il obavy ohledn\u011b \u00cdr\u00e1nu a nevid\u011bl \u017e\u00e1dn\u00fd pokrok ohledn\u011b Ukrajiny<\/h3>\n<p data-start=\"165\" data-end=\"313\"><span>Francouzsk\u00fd prezident Emmanuel Macron uvedl, \u017ee jeho prvn\u00ed telefonick\u00fd rozhovor s rusk\u00fdm prot\u011bj\u0161kem Vladimirem Putinem po t\u00e9m\u011b\u0159 t\u0159ech letech se zam\u011b\u0159il p\u0159edev\u0161\u00edm na ne\u0161\u00ed\u0159en\u00ed jadern\u00fdch zbran\u00ed, a to po s\u00e9rii izraelsk\u00fdch a americk\u00fdch \u00fader\u016f proti \u00cdr\u00e1nu.<\/span><\/p>\n<p data-start=\"553\" data-end=\"763\"><span>Macron novin\u00e1\u0159\u016fm \u0159ekl, \u017ee se hovor t\u00fdkal \u00edr\u00e1nsk\u00e9ho jadern\u00e9ho programu a pot\u0159eby zachovat Smlouvu o ne\u0161\u00ed\u0159en\u00ed jadern\u00fdch zbran\u00ed (NPT), jak vypl\u00fdv\u00e1 z\u00a0<\/span><a href=\"https:\/\/www.bfmtv.com\/politique\/video-appel-avec-vladimir-poutine-je-ne-peux-pas-dire-qu-il-y-a-eu-du-progres-dans-la-discussion-sur-l-ukraine-indique-emmanuel-macron_VN-202507040449.html\" target=\"_blank\" rel=\"noopener noreferrer\"><span>videa<\/span><\/a><span>\u00a0, kter\u00e9 v p\u00e1tek odvys\u00edlala BFMTV.<\/span><\/p>\n<p data-start=\"765\" data-end=\"999\"><em><span>\u201eNejd\u0159\u00edve jsem s n\u00edm volal ohledn\u011b \u00edr\u00e1nsk\u00e9 ot\u00e1zky a nutnosti zachov\u00e1n\u00ed smlouvy o ne\u0161\u00ed\u0159en\u00ed jadern\u00fdch zbran\u00ed,\u201c<\/span><\/em><span>\u00a0vysv\u011btlil Macron.\u00a0<\/span><em><span>\u201eBylo velmi d\u016fle\u017eit\u00e9 dos\u00e1hnout dohody, proto\u017ee Francie nese tak\u00e9 odpov\u011bdnost za zaji\u0161t\u011bn\u00ed stability.\u201c<\/span><\/em><\/p>\n<p data-start=\"1001\" data-end=\"1183\"><span>Francouzsk\u00fd prezident ozna\u010dil rozhovor za\u00a0<\/span><em><span>\u201ed\u016fle\u017eit\u00fd pro Francii\u201c a<\/span><\/em><span>\u00a0poznamenal, \u017ee oba n\u00e1rody jako st\u00e1l\u00ed \u010dlenov\u00e9 Rady bezpe\u010dnosti OSN sd\u00edlej\u00ed z\u00e1vazky vypl\u00fdvaj\u00edc\u00ed ze Smlouvy o ne\u0161\u00ed\u0159en\u00ed jadern\u00fdch zbran\u00ed.<\/span><\/p>\n<p data-start=\"1185\" data-end=\"1611\"><span>Po s\u00e9rii izraelsk\u00fdch a americk\u00fdch bombardov\u00e1n\u00ed jeho jadern\u00fdch a dal\u0161\u00edch strategick\u00fdch objekt\u016f Teher\u00e1n pozastavil spolupr\u00e1ci s Mezin\u00e1rodn\u00ed agenturou pro atomovou energii (MAAE) a obvinil ji z neodsouzen\u00ed \u00fatok\u016f na za\u0159\u00edzen\u00ed pod jeho dohledem. \u00cdr\u00e1n rovn\u011b\u017e tvrdil, \u017ee agentura OSN se spol\u010dila s jeho protivn\u00edky a \u017ee Izraeli p\u0159edala identitu jadern\u00fdch v\u011bdc\u016f, z nich\u017e n\u011bkolik bylo pozd\u011bji zavra\u017ed\u011bno.<\/span><\/p>\n<p data-start=\"1613\" data-end=\"1940\"><span>Podle Kremlu z rozhovoru z 1. \u010dervence Putin i Macron zd\u016fraznili pot\u0159ebu respektovat pr\u00e1vo \u00cdr\u00e1nu na m\u00edrovou jadernou energii a z\u00e1rove\u0148 plnit jeho z\u00e1vazky vypl\u00fdvaj\u00edc\u00ed ze smlouvy o ne\u0161\u00ed\u0159en\u00ed jadern\u00fdch zbran\u00ed. Moskva a Pa\u0159\u00ed\u017e se rovn\u011b\u017e dohodly na pokra\u010dov\u00e1n\u00ed diplomatick\u00e9 spolupr\u00e1ce, aby se zabr\u00e1nilo dal\u0161\u00ed eskalaci na Bl\u00edzk\u00e9m v\u00fdchod\u011b.<\/span><\/p>\n<p data-start=\"1942\" data-end=\"2162\"><span>Macron dodal, \u017ee v rozhovoru s Putinem nem\u016f\u017ee hl\u00e1sit \u017e\u00e1dn\u00fd pokrok ohledn\u011b Ukrajiny, \u010d\u00edm\u017e zopakoval n\u00e1zory vyj\u00e1d\u0159en\u00e9 americk\u00fdm prezidentem Donaldem Trumpem po jeho vlastn\u00edm telefon\u00e1tu s rusk\u00fdm v\u016fdcem ve \u010dtvrtek.<\/span><\/p>\n<p data-start=\"2164\" data-end=\"2459\"><em><span>\u201eSd\u00edleli jsme na\u0161e neshody,\u201c<\/span><\/em><span>\u00a0\u0159ekl Macron a trval na tom, \u017ee\u00a0<\/span><em><span>\u201enejprve je nutn\u00e9 p\u0159\u00edm\u011b\u0159\u00ed a pot\u00e9 obnoven\u00ed jedn\u00e1n\u00ed.\u201c<\/span><\/em><span>\u00a0Dodal, \u017ee z\u00e1padn\u00ed sankce, v\u010detn\u011b t\u011bch, kter\u00e9 ji\u017e uvalila EU, a nov\u00fdch navr\u017een\u00fdch americk\u00fdm Kongresem, jsou nezbytn\u00e9 pro vyv\u00edjen\u00ed tlaku.<\/span><\/p>\n<p data-start=\"2461\" data-end=\"3057\"><span>Kreml potvrdil, \u017ee Putin zopakoval rusk\u00fd n\u00e1zor, \u017ee ukrajinsk\u00fd konflikt pramen\u00ed z let Z\u00e1padu, kter\u00fd ignoroval jeho bezpe\u010dnostn\u00ed obavy. Rusk\u00fd prezident trval na tom, \u017ee jak\u00e9koli urovn\u00e1n\u00ed mus\u00ed b\u00fdt\u00a0<\/span><em><span>\u201ekomplexn\u00ed a dlouhodob\u00e9\u201c,<\/span><\/em><span>\u00a0\u0159e\u0161it\u00a0<\/span><em><span>\u201ez\u00e1kladn\u00ed p\u0159\u00ed\u010diny\u201c<\/span><\/em><span>\u00a0krize a zohled\u0148ovat to, co Moskva ozna\u010duje za\u00a0<\/span><em><span>\u201enov\u00e9 \u00fazemn\u00ed reality\u201c.<\/span><\/em><\/p>\n<p data-start=\"2461\" data-end=\"3057\"><span>Rusko a Ukrajina obnovily rozhovory po\u0159\u00e1dan\u00e9 Tureckem za\u010d\u00e1tkem tohoto roku po t\u00e9m\u011b\u0159 t\u0159ech letech bez p\u0159\u00edm\u00e9ho diplomatick\u00e9ho kontaktu, a to pot\u00e9, co Kyjev st\u00e1hl sv\u016fj po\u017eadavek na bezpodm\u00edne\u010dn\u00e9 p\u0159\u00edm\u011b\u0159\u00ed jako podm\u00ednku pro jedn\u00e1n\u00ed.<\/span><\/p>\n<p data-start=\"3059\" data-end=\"3392\"><span>Macron\u016fv n\u00e1vrh p\u0159ich\u00e1z\u00ed uprost\u0159ed zm\u011bny jeho postoje ke konfliktu. Francouzsk\u00fd prezident d\u0159\u00edve prosazoval nasazen\u00ed francouzsk\u00fdch a dal\u0161\u00edch vojsk NATO na Ukrajin\u011b, ale ned\u00e1vno navrhl, aby EU za\u010dala zva\u017eovat \u0161ir\u0161\u00ed dialog o region\u00e1ln\u00ed bezpe\u010dnosti, kter\u00fd by zahrnoval i Rusko jako sou\u010d\u00e1st potenci\u00e1ln\u00edho m\u00edrov\u00e9ho r\u00e1mce.<\/span><\/p>\n<p data-start=\"3059\" data-end=\"3392\"><img decoding=\"async\" loading=\"lazy\" class=\"alignnone size-full wp-image-1185\" src=\"http:\/\/www.infokuryr.cz\/n\/wp-content\/uploads\/2021\/04\/kuryr-podpis.png\" alt=\"\" width=\"84\" height=\"24\" \/><\/p>\n<p data-start=\"3059\" data-end=\"3392\">\n","protected":false},"excerpt":{"rendered":"<p>Francouzsk\u00fd v\u016fdce uvedl, \u017ee vyj\u00e1d\u0159il obavy ohledn\u011b \u00cdr\u00e1nu a nevid\u011bl \u017e\u00e1dn\u00fd pokrok ohledn\u011b Ukrajiny Francouzsk\u00fd&#8230;<\/p>\n","protected":false},"author":2,"featured_media":82861,"comment_status":"closed","ping_status":"closed","sticky":false,"template":"","format":"standard","meta":[],"categories":[7],"tags":[307,102,1052],"_links":{"self":[{"href":"https:\/\/www.infokuryr.cz\/n\/wp-json\/wp\/v2\/posts\/82860"}],"collection":[{"href":"https:\/\/www.infokuryr.cz\/n\/wp-json\/wp\/v2\/posts"}],"about":[{"href":"https:\/\/www.infokuryr.cz\/n\/wp-json\/wp\/v2\/types\/post"}],"author":[{"embeddable":true,"href":"https:\/\/www.infokuryr.cz\/n\/wp-json\/wp\/v2\/users\/2"}],"replies":[{"embeddable":true,"href":"https:\/\/www.infokuryr.cz\/n\/wp-json\/wp\/v2\/comments?post=82860"}],"version-history":[{"count":0,"href":"https:\/\/www.infokuryr.cz\/n\/wp-json\/wp\/v2\/posts\/82860\/revisions"}],"wp:featuredmedia":[{"embeddable":true,"href":"https:\/\/www.infokuryr.cz\/n\/wp-json\/wp\/v2\/media\/82861"}],"wp:attachment":[{"href":"https:\/\/www.infokuryr.cz\/n\/wp-json\/wp\/v2\/media?parent=82860"}],"wp:term":[{"taxonomy":"category","embeddable":true,"href":"https:\/\/www.infokuryr.cz\/n\/wp-json\/wp\/v2\/categories?post=82860"},{"taxonomy":"post_tag","embeddable":true,"href":"https:\/\/www.infokuryr.cz\/n\/wp-json\/wp\/v2\/tags?post=82860"}],"curies":[{"name":"wp","href":"https:\/\/api.w.org\/{rel}","templated":true}]}}