{"id":8286,"date":"2022-02-14T04:00:22","date_gmt":"2022-02-14T03:00:22","guid":{"rendered":"http:\/\/www.infokuryr.cz\/n\/?p=8286"},"modified":"2022-02-13T16:37:14","modified_gmt":"2022-02-13T15:37:14","slug":"jak-se-covid-hrouti-uz-se-pripravuji-na-dalsi-pandemii","status":"publish","type":"post","link":"https:\/\/www.infokuryr.cz\/n\/2022\/02\/14\/jak-se-covid-hrouti-uz-se-pripravuji-na-dalsi-pandemii\/","title":{"rendered":"Jak se COVID hrout\u00ed, u\u017e se p\u0159ipravuj\u00ed na dal\u0161\u00ed \u201epandemii\u201c"},"content":{"rendered":"<div id=\"fb-root\"><\/div>\n<div class=\"elementor-element elementor-element-1fb4c2c elementor-widget elementor-widget-theme-post-content\" data-id=\"1fb4c2c\" data-element_type=\"widget\" data-widget_type=\"theme-post-content.default\">\n<div class=\"elementor-widget-container\">\n<p><span>Koronavirus m\u016f\u017ee vymizet, ale mRNA vakc\u00edny z\u016fstanou, od rakoviny po AIDS.<\/span><\/p>\n<p><span>P\u0159\u00edb\u011bh o Covid19 je p\u0159eru\u0161en, bitva je u konce. Ano, st\u00e1le existuj\u00ed sporadick\u00e9 odpory, mal\u00e1 sporn\u00e1 m\u00edsta, kter\u00e1 je\u0161t\u011b nejsou p\u0159ipravena vzd\u00e1t se ducha, ale celkov\u011b establishment nech\u00e1v\u00e1 v\u011bci j\u00edt do ztracena.<\/span><\/p>\n<p><span>Jedna zem\u011b za druhou \u201euvol\u0148uje\u201c sv\u00e1 omezen\u00ed Covid, opou\u0161t\u00ed pl\u00e1ny na o\u010dkovac\u00ed pasy a sna\u017e\u00ed se \u201evr\u00e1tit k norm\u00e1lu\u201c.<\/span><\/p>\n<p><span>Zd\u00e1 se, \u017ee ka\u017ed\u00fd t\u00fdden nov\u00fd \u201eexpert\u201c, kter\u00fd str\u00e1vil posledn\u00ed dva roky p\u0159edpov\u00edd\u00e1n\u00edm smrti n\u00e1m v\u0161em, se objev\u00ed u zpr\u00e1v, \u017ee bychom m\u011bli \u201el\u00e9\u010dit Covid jako ch\u0159ipku\u201c.<\/span><\/p>\n<p><span>Ale to, \u017ee jsou v\u016f\u010di Covidu shov\u00edvav\u00ed, neznamen\u00e1, \u017ee agenda, kter\u00e1 stoj\u00ed za Covidem, zmizela.\u00a0Ale naopak!<\/span><\/p>\n<p><span>I kdy\u017e se sna\u017e\u00ed tuto pandemii poh\u0159b\u00edt do m\u011blk\u00e9ho hrobu, p\u0159ipravuj\u00ed ve\u0159ejnost na dal\u0161\u00ed zdravotn\u00ed hrozbu \u2013 AIDS.<\/span><\/p>\n<p><span>V prosinci Joe Biden \u0159ekl, \u017ee c\u00edlem jeho administrativy je \u201eukon\u010dit epidemii HIV\/AIDS do roku 2030\u201c.\u00a0Podobn\u00e1 kampa\u0148 zah\u00e1jen\u00e1 ve Spojen\u00e9m kr\u00e1lovstv\u00ed ve stejnou dobu pou\u017e\u00edv\u00e1 doslovn\u011b stejnou fr\u00e1zi.<\/span><\/p>\n<p><span>Zrovna minul\u00fd t\u00fdden se n\u00e1hle objevila zpr\u00e1va, \u017ee v Evrop\u011b koluje \u201enov\u00e1 varianta\u201c HIV, o kter\u00e9 se \u0159\u00edk\u00e1, \u017ee je \u201evirulentn\u011bj\u0161\u00ed\u201c a \u201ep\u0159enosn\u011bj\u0161\u00ed\u201c a \u201erychleji vede k onemocn\u011bn\u00ed AIDS\u201c.<\/span><\/p>\n<p><span>Noviny z\u00e1rove\u0148 uv\u00e1d\u011bj\u00ed, \u017ee poprv\u00e9 za n\u011bkolik let se heterosexu\u00e1lov\u00e9 \u010dast\u011bji nakaz\u00ed virem HIV ne\u017e homosexu\u00e1lov\u00e9 a \u017ee je u nich \u201evy\u0161\u0161\u00ed riziko AIDS\u201c, proto\u017ee jsou \u201epozd\u011b diagnostikov\u00e1ni\u201c.<\/span><\/p>\n<p><span>Tv\u00e1\u0159\u00ed v tv\u00e1\u0159 t\u011bmto \u201ezpr\u00e1v\u00e1m\u201c n\u00e1zor Guardianu tvrd\u00ed, \u017ee pot\u0159ebujeme \u201enovou strategii\u201c pro \u0159e\u0161en\u00ed AIDS.<\/span><\/p>\n<p><span>Po t\u00e9to nov\u00e9 vln\u011b strachu n\u00e1sleduje v\u00fdzva, aby se v\u0161ichni co nejd\u0159\u00edve nechali otestovat na AIDS, od politik\u016f, celebrit a v\u0161ech mezi t\u00edm.<\/span><\/p>\n<p><span>Ve videu, kter\u00e9 p\u0159im\u011blo tisk k tomu, aby vz\u00fdval ducha jeho matky, princezny Diany, princ Harry zd\u016fraznil, \u017ee v\u0161ichni m\u00e1me \u201epovinnost\u201c nechat se testovat na HIV, \u201eabychom chr\u00e1nili ostatn\u00ed lidi\u201c, ve srovn\u00e1n\u00ed s epidemi\u00ed COVID.<\/span><\/p>\n<p><span>\u201ePoznej sv\u016fj stav,\u201c \u0159\u00edk\u00e1 video.\u00a0To bude pravd\u011bpodobn\u011b hashtag v bl\u00edzk\u00e9 budoucnosti.<\/span><\/p>\n<div class=\"twitter-tweet twitter-tweet-rendered\"><iframe id=\"twitter-widget-0\" class=\"\" title=\"Twitter Tweet\" src=\"https:\/\/platform.twitter.com\/embed\/Tweet.html?dnt=false&amp;embedId=twitter-widget-0&amp;features=eyJ0ZndfZXhwZXJpbWVudHNfY29va2llX2V4cGlyYXRpb24iOnsiYnVja2V0IjoxMjA5NjAwLCJ2ZXJzaW9uIjpudWxsfSwidGZ3X2hvcml6b25fdHdlZXRfZW1iZWRfOTU1NSI6eyJidWNrZXQiOiJodGUiLCJ2ZXJzaW9uIjpudWxsfSwidGZ3X3NwYWNlX2NhcmQiOnsiYnVja2V0Ijoib2ZmIiwidmVyc2lvbiI6bnVsbH19&amp;frame=false&amp;hideCard=false&amp;hideThread=false&amp;id=1491761129231638529&amp;lang=cs&amp;origin=https%3A%2F%2Funcutnews.ch%2Fwaehrend-covid-zerbroeckelt-bereiten-sie-bereits-die-naechste-pandemie-vor%2F&amp;sessionId=40a540b5bf5606a38c65a5845049e71cdf415af4&amp;theme=light&amp;widgetsVersion=0a8eea3%3A1643743420422&amp;width=550px\" frameborder=\"0\" scrolling=\"no\" allowfullscreen=\"allowfullscreen\" data-tweet-id=\"1491761129231638529\" data-mce-fragment=\"1\"><\/iframe><\/div>\n<p><span>Tempo se v t\u00e9to v\u011bci opravdu tla\u010d\u00ed.<\/span><\/p>\n<p><span>Zat\u00edmco probl\u00e9m a reakce jsou sotva mimo f\u00e1zi v\u00fdzkumu a v\u00fdvoje, u\u017e se mluv\u00ed o \u0159e\u0161en\u00ed.<\/span><\/p>\n<p><span>H\u00e1dejte, co to je?<\/span><\/p>\n<p><span>Kdy\u017e \u0159\u00edkaj\u00ed \u201edal\u0161\u00ed mRNA vakc\u00edna\u201c, d\u00e1vejte\u00a0 pozor.<\/span><\/p>\n<p><span>Ano, Moderna se zjevn\u011b nau\u010dila tolik z v\u00fdroby jejich usp\u011bchan\u00e9 vakc\u00edny proti Covidu, kter\u00e1 nefunguje, \u017ee u\u017e vyr\u00e1b\u00ed vakc\u00ednu proti HIV, o kter\u00e9 doufaj\u00ed, \u017ee bude stejn\u011b \u201ebezpe\u010dn\u00e1 a \u00fa\u010dinn\u00e1\u201c.<\/span><\/p>\n<p><span>Je to opravdu \u00fa\u017easn\u00e1 n\u00e1hoda, \u017ee klinick\u00e9 zkou\u0161ky vakc\u00edny Moderna proti HIV za\u010daly pr\u00e1v\u011b v den, kdy se \u201enov\u00e1 varianta\u201c HIV dostala na titulky, a ve stejn\u00fd t\u00fdden, kdy NHS zah\u00e1jila ka\u017edoro\u010dn\u00ed \u201eT\u00fdden testov\u00e1n\u00ed HIV\u201c.\u00a0Sv\u011bt je zvl\u00e1\u0161tn\u00ed, \u017ee?<\/span><\/p>\n<p><span>Ka\u017edop\u00e1dn\u011b se p\u0159ipravte do fronty na injekci proti AIDS.<\/span><\/p>\n<p><span>Jo, a taky kv\u016fli vakc\u00edn\u011b proti\u00a0 rakovin\u011b.<\/span><\/p>\n<p><span>Bitva o Covid mo\u017en\u00e1 kon\u010d\u00ed, ale v\u00e1lka o mRNA \u201evakc\u00edny\u201c mo\u017en\u00e1 pr\u00e1v\u011b za\u010dala.<\/span><\/p>\n<\/div>\n<\/div>\n<div class=\"elementor-element elementor-element-8c57238 quelle dc-has-condition dc-condition-empty elementor-widget elementor-widget-heading\" data-id=\"8c57238\" data-element_type=\"widget\" data-widget_type=\"heading.default\">\n<div class=\"elementor-widget-container\">\n<h3 class=\"elementor-heading-title elementor-size-default\"><span style=\"font-size: 8pt;\"><a href=\"https:\/\/off-guardian.org\/2022\/02\/10\/as-covid-crumbles-theyre-already-prepping-the-next-pandemic\/\" target=\"_blank\" rel=\"nofollow noopener\">ZDROJ: 10. \u00daNORA 2022 346 JAK SE COVID HROUT\u00cd, U\u017d P\u0158IPRAVUJ\u00cd DAL\u0160\u00cd \u201ePANDEMII\u201c<\/a><\/span><\/h3>\n<p>&nbsp;<\/p>\n<\/div>\n<\/div>\n","protected":false},"excerpt":{"rendered":"<p>Koronavirus m\u016f\u017ee vymizet, ale mRNA vakc\u00edny z\u016fstanou, od rakoviny po AIDS. P\u0159\u00edb\u011bh o Covid19 je&#8230;<\/p>\n","protected":false},"author":2,"featured_media":8100,"comment_status":"closed","ping_status":"closed","sticky":false,"template":"","format":"standard","meta":[],"categories":[7],"tags":[1596,593,1663,694,882],"_links":{"self":[{"href":"https:\/\/www.infokuryr.cz\/n\/wp-json\/wp\/v2\/posts\/8286"}],"collection":[{"href":"https:\/\/www.infokuryr.cz\/n\/wp-json\/wp\/v2\/posts"}],"about":[{"href":"https:\/\/www.infokuryr.cz\/n\/wp-json\/wp\/v2\/types\/post"}],"author":[{"embeddable":true,"href":"https:\/\/www.infokuryr.cz\/n\/wp-json\/wp\/v2\/users\/2"}],"replies":[{"embeddable":true,"href":"https:\/\/www.infokuryr.cz\/n\/wp-json\/wp\/v2\/comments?post=8286"}],"version-history":[{"count":0,"href":"https:\/\/www.infokuryr.cz\/n\/wp-json\/wp\/v2\/posts\/8286\/revisions"}],"wp:featuredmedia":[{"embeddable":true,"href":"https:\/\/www.infokuryr.cz\/n\/wp-json\/wp\/v2\/media\/8100"}],"wp:attachment":[{"href":"https:\/\/www.infokuryr.cz\/n\/wp-json\/wp\/v2\/media?parent=8286"}],"wp:term":[{"taxonomy":"category","embeddable":true,"href":"https:\/\/www.infokuryr.cz\/n\/wp-json\/wp\/v2\/categories?post=8286"},{"taxonomy":"post_tag","embeddable":true,"href":"https:\/\/www.infokuryr.cz\/n\/wp-json\/wp\/v2\/tags?post=8286"}],"curies":[{"name":"wp","href":"https:\/\/api.w.org\/{rel}","templated":true}]}}