{"id":82856,"date":"2025-07-05T07:02:02","date_gmt":"2025-07-05T05:02:02","guid":{"rendered":"https:\/\/www.infokuryr.cz\/n\/?p=82856"},"modified":"2025-07-05T07:02:02","modified_gmt":"2025-07-05T05:02:02","slug":"pri-povodnich-v-texasu-se-utopilo-nejmene-24-lidi","status":"publish","type":"post","link":"https:\/\/www.infokuryr.cz\/n\/2025\/07\/05\/pri-povodnich-v-texasu-se-utopilo-nejmene-24-lidi\/","title":{"rendered":"P\u0159i povodn\u00edch v Texasu se utopilo nejm\u00e9n\u011b 24 lid\u00ed"},"content":{"rendered":"<div id=\"fb-root\"><\/div>\n<p class=\"lead\"><strong>V americk\u00e9m st\u00e1t\u011b Texas zem\u0159elo v d\u016fsledku z\u00e1plav zp\u016fsoben\u00fdch siln\u00fdmi de\u0161ti nejm\u00e9n\u011b 24 lid\u00ed. Mezi mrtv\u00fdmi jsou i d\u011bti, informuje ABC News.<\/strong><\/p>\n<p><span>Dal\u0161\u00edch 25 lid\u00ed se poh\u0159e\u0161uje, uv\u00e1d\u00ed The New York Times. ABC News informovala, \u017ee se poh\u0159e\u0161uje asi 23 t\u00e1born\u00edk\u016f z Camp Mystic, k\u0159es\u0165ansk\u00e9ho letn\u00edho t\u00e1bora pro d\u00edvky v oblasti.<\/span><\/p>\n<p><span>K z\u00e1chran\u011b a evakuaci obyvatel byly pou\u017eity vrtuln\u00edky a taktick\u00e1 vojensk\u00e1 vozidla. Celkem z\u00e1chrann\u00e9 slo\u017eky zachr\u00e1nily 237 lid\u00ed, uvedl\u00a0<\/span><strong><span>Thomas Sulzer,<\/span><\/strong><span>\u00a0velitel st\u00e1tn\u00ed N\u00e1rodn\u00ed gardy .<\/span><\/p>\n<h2>Kalifornsk\u00e9 lesn\u00ed po\u017e\u00e1ry p\u0159ekro\u010dily 28 000 hektar\u016f<br \/>\n<img decoding=\"async\" class=\"aligncenter\" src=\"https:\/\/img7.eadaily.com\/r650x650\/o\/eab\/0f294e3b0acff9588204d332af834.jpeg\" \/><\/h2>\n<p class=\"lead\"><strong>Kalifornsk\u00fd lesn\u00ed po\u017e\u00e1r se rychle roz\u0161\u00ed\u0159il na 28 651 hektar\u016f, co\u017e z n\u011bj \u010din\u00ed nejv\u011bt\u0161\u00ed po\u017e\u00e1r v tomto st\u00e1t\u011b letos, informovala stanice CBS.<\/strong><\/p>\n<p><em>\u201eS bl\u00ed\u017e\u00edc\u00edm se sv\u00e1te\u010dn\u00edm v\u00edkendem slou\u017e\u00ed po\u017e\u00e1r Madre, nejv\u011bt\u0161\u00ed v roce 2025, jako drsn\u00e1 p\u0159ipom\u00ednka potenci\u00e1ln\u00edch nebezpe\u010d\u00ed,\u201c<span class=\"after-quote\">\u00a0\u201eUvedla to Lesn\u00ed slu\u017eba Spojen\u00fdch st\u00e1t\u016f.\u201c<\/span><\/em><\/p>\n<p><span>Podle \u00fa\u0159ad\u016f bylo nasazeno plnohodnotn\u00e9 opera\u010dn\u00ed velitelstv\u00ed, kter\u00e9 zahrnuje sedm tanker\u016f, dva vrtuln\u00edky, \u0159adu hasi\u010dsk\u00fdch voz\u016f a 608 osob v\u010detn\u011b pozemn\u00edch jednotek.<\/span><\/p>\n<p><span>Kalifornsk\u00fd \u00fa\u0159ad pro lesnictv\u00ed a po\u017e\u00e1rn\u00ed ochranu uvedl, \u017ee zat\u00edm nebyly hl\u00e1\u0161eny \u017e\u00e1dn\u00e9 ob\u011bti.<\/span><\/p>\n<p><span>V N\u00e1rodn\u00edm lese Los Padres, kter\u00fd je sou\u010d\u00e1st\u00ed feder\u00e1ln\u00edch pozemk\u016f ve st\u0159edn\u00ed Kalifornii, vypukl ve st\u0159edu m\u00edstn\u00edho \u010dasu po\u017e\u00e1r, kter\u00fd si vy\u017e\u00e1dal evakuaci a uzav\u00edrky d\u00e1lnic v obytn\u00fdch oblastech okresu San Luis Obispo, asi 160 kilometr\u016f severn\u011b od Los Angeles.<\/span><\/p>\n<p><img decoding=\"async\" loading=\"lazy\" class=\"alignnone size-full wp-image-1185\" src=\"http:\/\/www.infokuryr.cz\/n\/wp-content\/uploads\/2021\/04\/kuryr-podpis.png\" alt=\"\" width=\"84\" height=\"24\" \/><\/p>\n<p>&nbsp;<\/p>\n","protected":false},"excerpt":{"rendered":"<p>V americk\u00e9m st\u00e1t\u011b Texas zem\u0159elo v d\u016fsledku z\u00e1plav zp\u016fsoben\u00fdch siln\u00fdmi de\u0161ti nejm\u00e9n\u011b 24 lid\u00ed. Mezi&#8230;<\/p>\n","protected":false},"author":2,"featured_media":82857,"comment_status":"closed","ping_status":"closed","sticky":false,"template":"","format":"standard","meta":[],"categories":[7],"tags":[871,904,2323,37],"_links":{"self":[{"href":"https:\/\/www.infokuryr.cz\/n\/wp-json\/wp\/v2\/posts\/82856"}],"collection":[{"href":"https:\/\/www.infokuryr.cz\/n\/wp-json\/wp\/v2\/posts"}],"about":[{"href":"https:\/\/www.infokuryr.cz\/n\/wp-json\/wp\/v2\/types\/post"}],"author":[{"embeddable":true,"href":"https:\/\/www.infokuryr.cz\/n\/wp-json\/wp\/v2\/users\/2"}],"replies":[{"embeddable":true,"href":"https:\/\/www.infokuryr.cz\/n\/wp-json\/wp\/v2\/comments?post=82856"}],"version-history":[{"count":1,"href":"https:\/\/www.infokuryr.cz\/n\/wp-json\/wp\/v2\/posts\/82856\/revisions"}],"predecessor-version":[{"id":82858,"href":"https:\/\/www.infokuryr.cz\/n\/wp-json\/wp\/v2\/posts\/82856\/revisions\/82858"}],"wp:featuredmedia":[{"embeddable":true,"href":"https:\/\/www.infokuryr.cz\/n\/wp-json\/wp\/v2\/media\/82857"}],"wp:attachment":[{"href":"https:\/\/www.infokuryr.cz\/n\/wp-json\/wp\/v2\/media?parent=82856"}],"wp:term":[{"taxonomy":"category","embeddable":true,"href":"https:\/\/www.infokuryr.cz\/n\/wp-json\/wp\/v2\/categories?post=82856"},{"taxonomy":"post_tag","embeddable":true,"href":"https:\/\/www.infokuryr.cz\/n\/wp-json\/wp\/v2\/tags?post=82856"}],"curies":[{"name":"wp","href":"https:\/\/api.w.org\/{rel}","templated":true}]}}