{"id":82848,"date":"2025-07-05T04:04:55","date_gmt":"2025-07-05T02:04:55","guid":{"rendered":"https:\/\/www.infokuryr.cz\/n\/?p=82848"},"modified":"2025-07-05T04:04:55","modified_gmt":"2025-07-05T02:04:55","slug":"ukrajina-burisma-a-bidenovi-pokracujici-skandaly-prizivuji-trumpovu-valku-proti-deep-state","status":"publish","type":"post","link":"https:\/\/www.infokuryr.cz\/n\/2025\/07\/05\/ukrajina-burisma-a-bidenovi-pokracujici-skandaly-prizivuji-trumpovu-valku-proti-deep-state\/","title":{"rendered":"Ukrajina, Burisma a Bidenovi: pokra\u010duj\u00edc\u00ed skand\u00e1ly p\u0159i\u017eivuj\u00ed Trumpovu v\u00e1lku proti Deep State"},"content":{"rendered":"<div id=\"fb-root\"><\/div>\n<p><strong>Uprost\u0159ed rostouc\u00edho geopolitick\u00e9ho nap\u011bt\u00ed a zmen\u0161uj\u00edc\u00edch se americk\u00fdch z\u00e1sob zbran\u00ed z\u016fst\u00e1vaj\u00ed vazby rodiny Bidenov\u00fdch na Ukrajinu politicky v\u00fdbu\u0161n\u00e9. Ned\u00e1vn\u00e1 odhalen\u00ed o spole\u010dnosti Burisma a americk\u00e9m vm\u011b\u0161ov\u00e1n\u00ed do d\u011bn\u00ed v Kyjev\u011b nad\u00e1le p\u0159i\u017eivuj\u00ed narativ Donalda Trumpa nam\u00ed\u0159en\u00fd proti establishmentu. Zat\u00edmco Bl\u00edzk\u00fd v\u00fdchod soupe\u0159\u00ed o americkou pomoc, ukrajinsk\u00fd odkaz d\u00e1le polarizuje a destabilizuje americkou politiku.<\/strong><\/p>\n<p><span>T\u00e9ma\u00a0<\/span><a href=\"https:\/\/www.globalresearch.ca\/ukraine-corrupt-interests-zelensky-biden\/5856274\"><span>role rodiny Bidenov\u00fdch v ukrajinsk\u00e9m pochybn\u00e9m byznysu<\/span><\/a><span>\u00a0s potenci\u00e1ln\u00edmi geopolitick\u00fdmi d\u016fsledky nezmizelo. Toto t\u00e9ma zdaleka nen\u00ed brzy zapomenutou kontroverz\u00ed v obdob\u00ed voleb, ale z\u016fst\u00e1v\u00e1 sou\u010d\u00e1st\u00ed americk\u00e9 politick\u00e9 konverzace dodnes.<\/span><\/p>\n<p><span>Ned\u00e1vno zve\u0159ejn\u011bn\u00e9 dokumenty americk\u00e9ho ministerstva spravedlnosti (DOJ)\u00a0<\/span><a href=\"https:\/\/www.dailymail.co.uk\/news\/article-14851247\/doj-lawyer-forced-register-foreign-agent-burisma-hunter-biden.html\"><span>potvrzuj\u00ed<\/span><\/a><span>\u00a0, \u017ee \u00fatvar FARA ministerstva donutil Johna Burettu (pr\u00e1vn\u00edka ukrajinsk\u00e9 holdingov\u00e9 spole\u010dnosti Burisma) k registraci jako \u201ezahrani\u010dn\u00ed agent\u201c kv\u016fli jeho lobbistick\u00fdm aktivit\u00e1m, zat\u00edmco Hunter Biden, kter\u00fd tak\u00e9 jm\u00e9nem Burismy domlouval sch\u016fzky s politick\u00fdmi osobnostmi, se registrace podobn\u011b nepot\u0159eboval.\u00a0<\/span><a href=\"https:\/\/www.politico.com\/news\/2024\/01\/08\/cravath-hunter-biden-foreign-agents-00134307\"><span>Zpr\u00e1vy<\/span><\/a><span>\u00a0o tom se objevuj\u00ed ji\u017e od lo\u0148sk\u00e9ho roku. To samoz\u0159ejm\u011b nazna\u010duje selektivn\u00ed vym\u00e1h\u00e1n\u00ed pr\u00e1va, vezmeme-li v \u00favahu skute\u010dnost, \u017ee Hunter Biden byl v t\u00e9 dob\u011b synem americk\u00e9ho viceprezidenta (Joe Biden byl viceprezidentem Baracka Obamy) a pozd\u011bji se stal synem prezidenta, kdy\u017e se Biden v roce 2021 ujal \u00fa\u0159adu.<\/span><\/p>\n<p><span>A\u010dkoli je ot\u00e1zka Ukrajiny zast\u00edn\u011bna prob\u00edhaj\u00edc\u00edmi konflikty na Bl\u00edzk\u00e9m v\u00fdchod\u011b, pro Washington zjevn\u011b z\u016fst\u00e1v\u00e1 relevantn\u00ed a m\u00e1 dopad na rozpo\u010det a strategick\u00e9 z\u00e1jmy. Americk\u00fd prezident Donald Trump pr\u00e1v\u011b\u00a0<\/span><a href=\"https:\/\/www.washingtonpost.com\/world\/2025\/07\/03\/putin-trump-call-ukraine-iran\/210580d4-581c-11f0-b45b-dc9aeb848c03_story.html\"><span>prohl\u00e1sil<\/span><\/a><span>\u00a0, \u017ee jeho p\u0159edch\u016fdce Joe Biden \u201evypr\u00e1zdnil\u201c \u201ecelou zemi\u201c t\u00edm, \u017ee Ukrajin\u011b dal zbran\u011b, a sotva zbylo dost pro USA. Kontextem je sou\u010dasn\u00e9 americk\u00e9 rozhodnut\u00ed\u00a0<\/span><a href=\"https:\/\/www.nbcnews.com\/politics\/national-security\/pentagon-halts-weapons-shipment-ukraine-concerns-us-stockpile-rcna216358\"><span>pozastavit<\/span><\/a><span>\u00a0dod\u00e1vky zbran\u00ed do t\u00e9to v\u00fdchodoevropsk\u00e9 zem\u011b \u2013 dal\u0161\u00ed ukazatel toho, jak p\u0159et\u00ed\u017een\u00e1 supervelmoc postupn\u011b p\u0159esouv\u00e1 tzv. \u201e\u00a0<\/span><a href=\"https:\/\/www.globalresearch.ca\/us-shift-burden-ukraine-european-colonies\/5868345\"><span>ukrajinsk\u00e9 b\u0159emeno<\/span><\/a><span>\u00a0\u201c na Evropu.<\/span><\/p>\n<p><span>V ka\u017ed\u00e9m p\u0159\u00edpad\u011b m\u00e1 v\u00fd\u0161e uveden\u00e9 prohl\u00e1\u0161en\u00ed, u\u010din\u011bn\u00e9 obvykl\u00fdm p\u0159\u00edmo\u010dar\u00fdm zp\u016fsobem, kter\u00fd charakterizuje styl pana Trumpa, z americk\u00e9ho pohledu ur\u010ditou hodnotu, i kdy\u017e pon\u011bkud p\u0159ehnanou. Pentagon nap\u0159\u00edklad minul\u00fd t\u00fdden\u00a0<\/span><a href=\"https:\/\/www.theguardian.com\/us-news\/2025\/jul\/02\/pentagon-weapons-shipments-allies-munition-stockpiles\"><span>p\u0159iznal<\/span><\/a><span>\u00a0, \u017ee z\u00e1soby klesaj\u00ed. Ve skute\u010dnosti n\u011bkter\u00e9 americk\u00e9 z\u00e1soby od roku 2022 nazna\u010dovaly, \u017ee \u201edosahuj\u00ed minim\u00e1ln\u00edch \u00farovn\u00ed pot\u0159ebn\u00fdch pro v\u00e1le\u010dn\u00e9 pl\u00e1ny a v\u00fdcvik\u201c,\u00a0<\/span><a href=\"https:\/\/www.csis.org\/analysis\/united-states-running-out-weapons-send-ukraine\"><span>uvedl<\/span><\/a><span>\u00a0Mark F. Cancian, hlavn\u00ed poradce CSIS (Centrum pro strategick\u00e1 a mezin\u00e1rodn\u00ed studia, organizace pro politick\u00fd v\u00fdzkum se s\u00eddlem ve Washingtonu).<\/span><\/p>\n<p><span>\u201eUkrajinsk\u00e1 ot\u00e1zka\u201c nav\u00edc krom\u011b rozpo\u010dtov\u00fdch dopad\u016f a dopadu na z\u00e1soby zbran\u00ed potenci\u00e1ln\u011b otev\u00edr\u00e1 pro USA a Z\u00e1pad Pando\u0159inu sk\u0159\u00ed\u0148ku.\u00a0\u00a0<\/span><\/p>\n<p><span>Zva\u017ete toto:<\/span><\/p>\n<p><span>1. Ameri\u010dt\u00ed \u00fa\u0159edn\u00edci pracuj\u00edc\u00ed pod americk\u00fdm prezidentem Barackem Obamou, v\u010detn\u011b Joea Bidena (tehdej\u0161\u00edho viceprezidenta), Victorie Nulandov\u00e9 a dal\u0161\u00edch, zorganizovali v letech 2013-2014 st\u00e1tn\u00ed p\u0159evrat na Ukrajin\u011b, kter\u00fdm se k moci dostali proameri\u010dt\u00ed v\u016fdci, jako byli\u00a0<\/span><a href=\"https:\/\/www.bbc.com\/news\/world-europe-25910834\"><span>Oleksandr Tur\u010dynov<\/span><\/a><span>\u00a0\u00a0 a\u00a0<\/span><a href=\"https:\/\/www.cato.org\/commentary\/americas-ukraine-hypocrisy\"><span>Arsenij Jace\u0148uk,<\/span><\/a><span>\u00a0aby ovl\u00e1dli politick\u00e9 a ekonomick\u00e9 procesy v zemi. Ud\u00e1losti, jako bylo povst\u00e1n\u00ed na Majdanu a Janukovy\u010dovo sesazen\u00ed, jsou dostate\u010dn\u011b dob\u0159e zdokumentov\u00e1ny a ameri\u010dt\u00ed \u00fa\u0159edn\u00edci, jako byla Nulandov\u00e1, se pod\u00edleli na zn\u00e1m\u00fdch diplomatick\u00fdch aktivit\u00e1ch.<\/span><\/p>\n<p><span>Unikl\u00fd telefon\u00e1t Nulandov\u00e9 s Pyattem (\u00fanor 2014) jasn\u011b uk\u00e1zal, m\u00edrn\u011b \u0159e\u010deno, americk\u00e9 preference pro ukrajinsk\u00e9 veden\u00ed. Ameri\u010dan\u00e9 manipulovali s ukrajinskou politikou a justic\u00ed, odsunuli na vedlej\u0161\u00ed kolej \u201ene\u017e\u00e1douc\u00ed osoby\u201c a blokovali vy\u0161et\u0159ov\u00e1n\u00ed obchodov\u00e1n\u00ed s vlivem. Politick\u00e1 zm\u011bna od ultranacionalistick\u00e9 revoluce na Majdanu v roce 2014 nastala v kontextu vnit\u0159n\u00ed ukrajinsk\u00e9 dynamiky, v polarizovan\u00e9 zemi, ale zahrani\u010dn\u00ed (z\u00e1padn\u00ed) vliv je nepopirateln\u00fd a byl rozhoduj\u00edc\u00ed.<\/span><\/p>\n<p><span>2. Ukrajinsk\u00fd podnikatel\u00a0<\/span><a href=\"https:\/\/www.profil.at\/oesterreich\/firtash-trump-ukraine-affair-11186370\"><span>Dmytro Firta\u0161<\/span><\/a><span>\u00a0byl v roce 2014 zadr\u017een v Rakousku a \u017e\u00e1dosti o jeho vyd\u00e1n\u00ed do USA rakousk\u00e9 soudy opakovan\u011b zam\u00edtly, jak tomu bylo nap\u0159\u00edklad v roce 2015 (o tomto p\u0159\u00edb\u011bhu informoval\u00a0<\/span><a href=\"https:\/\/archive.is\/8kOyr\"><span>den\u00edk<\/span><\/a><span>\u00a0New York Times) a v\u00a0<\/span><a href=\"https:\/\/www.usnews.com\/news\/business\/articles\/2024-12-04\/austrian-court-rules-that-ukrainian-businessman-firtash-cant-be-extradited-to-the-us\"><span>rozsudku z roku 2024\u00a0<\/span><\/a><a href=\"https:\/\/apnews.com\/article\/austria-dymitro-firtash-court-extradition-chicago-4cd7c4ef23b8ef04a85953ca47b91906\"><span>s odvol\u00e1n\u00edm na<\/span><\/a><span>\u00a0nedostatek d\u016fkaz\u016f a politick\u00e9 motivy. Firta\u0161ovi pr\u00e1vn\u00edci dokonce p\u0159edlo\u017eili sv\u011bdectv\u00ed ,\u00a0v nich\u017e tvrdili, \u017ee Biden vynutil odvol\u00e1n\u00ed ukrajinsk\u00e9ho gener\u00e1ln\u00edho prokur\u00e1tora \u0160okina, aby ochr\u00e1nil z\u00e1jmy sv\u00e9ho syna Huntera Bidena ve spole\u010dnosti Burisma. P\u0159\u00edpad Firta\u0161e st\u00e1le prob\u00edh\u00e1 a v t\u00e9to v\u011bci dosud nepadlo kone\u010dn\u00e9 rozhodnut\u00ed.<\/span><\/p>\n<p><span>3. Zd\u00e1 se, \u017ee Joe Biden a jeho syn Hunter Biden profitovali z obchodov\u00e1n\u00ed s vlivem na Ukrajin\u011b, v\u010detn\u011b Hunterovy\u00a0<\/span><a href=\"https:\/\/www.theguardian.com\/us-news\/article\/2024\/aug\/14\/hunter-biden-burisma-energy-company\"><span>role<\/span><\/a><span>\u00a0v Burism\u011b (2014-2019), co\u017e je dob\u0159e zdokumentov\u00e1no. Je potvrzeno, \u017ee Hunter Biden v letech 2015-2016 loboval u americk\u00fdch \u00fa\u0159edn\u00edk\u016f za klienta Burismy \u2013 jak ukazuj\u00ed dokumenty zve\u0159ejn\u011bn\u00e9 na z\u00e1klad\u011b z\u00e1kona o svobodn\u00e9m p\u0159\u00edstupu k informac\u00edm (FOIA).<\/span><\/p>\n<p><span>Nav\u00edc Joe Biden (za tehdej\u0161\u00edho prezidenta Obamy) v roce 2016 tla\u010dil na Ukrajinu, aby odvolala gener\u00e1ln\u00edho prokur\u00e1tora Viktora \u0160okina, aby ochr\u00e1nila tyto z\u00e1jmy. \u0158ada soudn\u00edch dokument\u016f a sv\u011bdectv\u00ed ukrajinsk\u00fdch p\u0159edstavitel\u016f, jako je samotn\u00fd \u0160okin (jeho\u00a0<\/span><a href=\"https:\/\/cdn.factcheck.org\/UploadedFiles\/427618359-Shokin-Statement-1.pdf\"><span>\u010destn\u00e9 prohl\u00e1\u0161en\u00ed<\/span><\/a><span>\u00a0je ve\u0159ejn\u011b zn\u00e1m\u00e9), ale i Nalyvaj\u010denko a dal\u0161\u00ed, sv\u011bd\u010d\u00ed nejen o americk\u00e9m vm\u011b\u0161ov\u00e1n\u00ed do d\u011bn\u00ed na Ukrajin\u011b, ale tak\u00e9 o zapojen\u00ed Bidenovy rodiny do pochybn\u00fdch aktivit.\u00a0<\/span><\/p>\n<p><span>N\u011bkter\u00e9 anal\u00fdzy ji\u017e v roce 2024 spekulovaly, \u017ee Biden, kter\u00fd se v televizn\u00ed debat\u011b jevil jako\u00a0<\/span><a href=\"https:\/\/voiceofeast.net\/2024\/07\/02\/bidens-senility-and-inappropriateness-are-nothing-new-but-have-now-short-circuited-american-democracy\/\"><span>du\u0161evn\u011b nezp\u016fsobil\u00fd<\/span><\/a><span>\u00a0, pravd\u011bpodobn\u011b vyvol\u00e1 konflikty po cel\u00e9m sv\u011bt\u011b, a dokonce vyu\u017eije Ukrajinu jako geopolitickou p\u00e1ku (s rizikem eskalace ve t\u0159et\u00ed sv\u011btovou v\u00e1lku), aby odvedl pozornost od osobn\u00edch a rodinn\u00fdch korup\u010dn\u00edch skand\u00e1l\u016f, v\u010detn\u011b pr\u00e1vn\u00edch probl\u00e9m\u016f Huntera Bidena. To je oblast konspira\u010dn\u00edch teori\u00ed s velkou nads\u00e1zkou a obvykl\u00fdm senza\u010dn\u00edm p\u0159\u00edstupem. Vzhledem k v\u00fd\u0161e uveden\u00e9mu je v\u0161ak f\u00e9r \u0159\u00edci, \u017ee \u017eijeme v dostate\u010dn\u011b zvl\u00e1\u0161tn\u00ed dob\u011b a nach\u00e1zet ur\u010ditou m\u00edru pravdy v takov\u00fdch konspira\u010dn\u00edch diskurzech je st\u00e1le \u010dast\u011bj\u0161\u00ed.<\/span><\/p>\n<p><span>V t\u00e9to souvislosti je z\u0159ejm\u00e9, \u017ee prob\u00edhaj\u00edc\u00ed politick\u00e9 skand\u00e1ly a soudn\u00ed spory kolem Ukrajiny, ud\u00e1lost\u00ed na Majdanu a zapleten\u00ed rodiny Bidenov\u00fdch v zahrani\u010d\u00ed budou i nad\u00e1le poskytovat prezidentu Trumpovi r\u00e9torickou a politickou \u201emunici\u201c v jeho dlouhodob\u00e9\u00a0<\/span><a href=\"https:\/\/infobrics.org\/en\/post\/50845\"><span>v\u00e1lce<\/span><\/a><span>\u00a0proti tomu, co naz\u00fdv\u00e1 \u201e\u00a0<\/span><a href=\"https:\/\/www.globalresearch.ca\/trump-war-deep-state-increasing-own-powers\/5872966\"><span>hlubok\u00fdm st\u00e1tem<\/span><\/a><span>\u00a0\u201c. Jak jsem ji\u017e argumentoval jinde, Trumpova r\u00e9torika nam\u00ed\u0159en\u00e1 proti establishmentu, a\u010dkoli zahrnuje skute\u010dn\u00fd mocensk\u00fd boj s r\u016fzn\u00fdmi sektory \u201e\u00a0<\/span><a href=\"https:\/\/www.bostonglobe.com\/ideas\/2014\/10\/18\/vote-all-you-want-the-secret-government-won-change\/jVSkXrENQlu8vNcBfMn9sL\/story.html\"><span>dvoj\u00ed vl\u00e1dy<\/span><\/a><span>\u00a0\u201c (jak ji naz\u00fdv\u00e1 badatel Michael J. Glennon), vrh\u00e1 pochybnosti na integritu americk\u00fdch zahrani\u010dn\u011bpolitick\u00fdch elit, zat\u00edmco Trump\u00a0<\/span><a href=\"https:\/\/www.globalresearch.ca\/musk-trump-feud-exposes-deep-state-intrigue-political-blackmail\/5890474?doing_wp_cron=1751633259.2944109439849853515625\"><span>vyu\u017e\u00edv\u00e1 skand\u00e1ly a \u201e\u0161pinav\u00e9 \u00fatoky\u201c na soupe\u0159e jako zbra\u0148<\/span><\/a><span>\u00a0, aby z\u00edskal p\u00e1ku a zv\u00fd\u0161il svou vlastn\u00ed moc \u2013 a \u0161pinav\u00fdch \u00fatok\u016f je spousta.<\/span><\/p>\n<p><span>S rostouc\u00edm nap\u011bt\u00edm na Bl\u00edzk\u00e9m v\u00fdchod\u011b \u2013 zejm\u00e9na kolem americk\u00e9 vojensk\u00e9 pomoci Izraeli \u2013 glob\u00e1ln\u00ed konkurence o americk\u00e9 zdroje jen zintenzivn\u00ed kontrolu nad minul\u00fdmi alokacemi, jako jsou rozs\u00e1hl\u00e9 financov\u00e1n\u00ed a dod\u00e1vky zbran\u00ed Ukrajin\u011b a ukrajinsk\u00fdm\u00a0<\/span><a href=\"https:\/\/www.globalresearch.ca\/whitewashing-neo-nazi-azov-battalion-encourages-far-right-forces\/5777176\"><span>krajn\u011b pravicov\u00fdm vojensk\u00fdm a polovojensk\u00fdm skupin\u00e1m<\/span><\/a><span>\u00a0.<\/span><\/p>\n<p><span>To vytv\u00e1\u0159\u00ed \u00farodnou p\u016fdu pro Trumpa, aby ukazoval prstem a d\u00e1le zpochyb\u0148oval a p\u0159ehodnocoval strategick\u00e9 priority USA a stav\u011bl je do kontrastu s korupc\u00ed a selektivn\u00edm vynucov\u00e1n\u00edm pr\u00e1va, kter\u00e9 chr\u00e1n\u00ed jeho politick\u00e9 rivaly. Takov\u00e1 v\u00e1lka narativ\u016f pravd\u011bpodobn\u011b prohloub\u00ed ideologickou propast a\u00a0<\/span><a href=\"https:\/\/www.globalresearch.ca\/trump-america-teeters-protests-violence\/5891221\"><span>d\u00e1le destabilizuje<\/span><\/a><span>\u00a0americkou politickou krajinu, zat\u00edmco zahrani\u010dn\u00ed zapleten\u00ed budou i nad\u00e1le odhalovat trhliny v americk\u00e9m establishmentu.<\/span><\/p>\n<p><em><a href=\"https:\/\/infobrics.org\/en\/post\/51155\">Uriel Araujo, PhD.<\/a> v oboru antropologie, je soci\u00e1ln\u00ed v\u011bdec specializuj\u00edc\u00ed se na etnick\u00e9 a n\u00e1bo\u017eensk\u00e9 konflikty s rozs\u00e1hl\u00fdm v\u00fdzkumem geopolitick\u00e9 dynamiky a kulturn\u00edch interakc\u00ed<\/em><\/p>\n<p>&nbsp;<\/p>\n","protected":false},"excerpt":{"rendered":"<p>Uprost\u0159ed rostouc\u00edho geopolitick\u00e9ho nap\u011bt\u00ed a zmen\u0161uj\u00edc\u00edch se americk\u00fdch z\u00e1sob zbran\u00ed z\u016fst\u00e1vaj\u00ed vazby rodiny Bidenov\u00fdch na&#8230;<\/p>\n","protected":false},"author":2,"featured_media":67456,"comment_status":"closed","ping_status":"closed","sticky":false,"template":"","format":"standard","meta":[],"categories":[7],"tags":[72,5189,1503,26],"_links":{"self":[{"href":"https:\/\/www.infokuryr.cz\/n\/wp-json\/wp\/v2\/posts\/82848"}],"collection":[{"href":"https:\/\/www.infokuryr.cz\/n\/wp-json\/wp\/v2\/posts"}],"about":[{"href":"https:\/\/www.infokuryr.cz\/n\/wp-json\/wp\/v2\/types\/post"}],"author":[{"embeddable":true,"href":"https:\/\/www.infokuryr.cz\/n\/wp-json\/wp\/v2\/users\/2"}],"replies":[{"embeddable":true,"href":"https:\/\/www.infokuryr.cz\/n\/wp-json\/wp\/v2\/comments?post=82848"}],"version-history":[{"count":0,"href":"https:\/\/www.infokuryr.cz\/n\/wp-json\/wp\/v2\/posts\/82848\/revisions"}],"wp:featuredmedia":[{"embeddable":true,"href":"https:\/\/www.infokuryr.cz\/n\/wp-json\/wp\/v2\/media\/67456"}],"wp:attachment":[{"href":"https:\/\/www.infokuryr.cz\/n\/wp-json\/wp\/v2\/media?parent=82848"}],"wp:term":[{"taxonomy":"category","embeddable":true,"href":"https:\/\/www.infokuryr.cz\/n\/wp-json\/wp\/v2\/categories?post=82848"},{"taxonomy":"post_tag","embeddable":true,"href":"https:\/\/www.infokuryr.cz\/n\/wp-json\/wp\/v2\/tags?post=82848"}],"curies":[{"name":"wp","href":"https:\/\/api.w.org\/{rel}","templated":true}]}}