{"id":82827,"date":"2025-07-05T00:24:39","date_gmt":"2025-07-04T22:24:39","guid":{"rendered":"https:\/\/www.infokuryr.cz\/n\/?p=82827"},"modified":"2025-07-04T18:09:36","modified_gmt":"2025-07-04T16:09:36","slug":"overovatele-faktu-jsou-zmateni-a-uz-nedokazou-rozlisit-je-klimaticka-propaganda-stale-skutecna-nebo-je-to-uz-satira","status":"publish","type":"post","link":"https:\/\/www.infokuryr.cz\/n\/2025\/07\/05\/overovatele-faktu-jsou-zmateni-a-uz-nedokazou-rozlisit-je-klimaticka-propaganda-stale-skutecna-nebo-je-to-uz-satira\/","title":{"rendered":"\u201eOv\u011b\u0159ovatel\u00e9 fakt\u016f\u201c jsou zmaten\u00ed a u\u017e nedok\u00e1\u017eou rozli\u0161it: Je klimatick\u00e1 propaganda st\u00e1le skute\u010dn\u00e1, nebo je to u\u017e satira?"},"content":{"rendered":"<div id=\"fb-root\"><\/div>\n<h3><strong><span>Kdy\u017e realita p\u0159ed\u010d\u00ed satiru \u2013 Jak st\u00e1tn\u00ed a natovsk\u00e1 m\u00e9dia dotla\u010duj\u00ed klimatickou propagandu do bodu grotesknosti<\/span><\/strong><\/h3>\n<p><strong><span>Zpr\u00e1va o hork\u00e9m po\u010das\u00ed. Teploty jako v pekle. Moder\u00e1tor zpr\u00e1v p\u0159ed ohnivou mapou.<\/span><\/strong><span>\u00a0Co by je\u0161t\u011b p\u0159ed p\u00e1r lety bylo pova\u017eov\u00e1no za internetov\u00fd mem, je dnes hlavn\u00edm zpravodajsk\u00fdm po\u0159adem ve\u0159ejnopr\u00e1vn\u00edho vys\u00edl\u00e1n\u00ed. A to nejd\u011bsiv\u011bj\u0161\u00ed:\u00a0<\/span><strong><span>ov\u011b\u0159ovatel\u00e9 fakt\u016f si nyn\u00ed mus\u00ed v\u00e1\u017en\u011b kl\u00e1st ot\u00e1zku, zda jsou takov\u00e9 sn\u00edmky skute\u010dn\u00e9, nebo generovan\u00e9 um\u011blou inteligenc\u00ed.<\/span><\/strong><\/p>\n<p><span>P\u0159esn\u011b to dokazuje ned\u00e1vn\u00fd p\u0159\u00edpad. U\u017eivatel zve\u0159ejnil sn\u00edmek obrazovky meteorologick\u00e9 mapy z Tagesschau, kter\u00e1 zobrazuje N\u011bmecko v ohniv\u011b \u010derven\u00fdch t\u00f3nech \u2013 doprov\u00e1zen\u00fd\u00a0<\/span><strong><span>ironick\u00fdm koment\u00e1\u0159em o \u201eklimatick\u00e9 propagand\u011b\u201c.\u00a0<\/span><\/strong><strong><span>T\u00fdm agentury Reuters Fact-Check<\/span><\/strong><span>\u00a0ho okam\u017eit\u011b kontaktoval\u00a0a zdvo\u0159ile se zeptal, zda byl obr\u00e1zek zmanipulovan\u00fd \u2013 a zda se do toho mohla zapojit i um\u011bl\u00e1 inteligence.<\/span><\/p>\n<div class=\"wp-block-image\">\n<figure class=\"aligncenter size-large\"><img decoding=\"async\" loading=\"lazy\" class=\"wp-image-480286 aligncenter\" src=\"https:\/\/i0.wp.com\/uncutnews.ch\/wp-content\/uploads\/2025\/07\/Gu7-YwuXgAETh_v.jpeg?resize=800%2C629&amp;ssl=1\" sizes=\"(max-width: 800px) 100vw, 800px\" srcset=\"https:\/\/i0.wp.com\/uncutnews.ch\/wp-content\/uploads\/2025\/07\/Gu7-YwuXgAETh_v.jpeg?resize=1024%2C805&amp;ssl=1 1024w, https:\/\/i0.wp.com\/uncutnews.ch\/wp-content\/uploads\/2025\/07\/Gu7-YwuXgAETh_v.jpeg?resize=300%2C236&amp;ssl=1 300w, https:\/\/i0.wp.com\/uncutnews.ch\/wp-content\/uploads\/2025\/07\/Gu7-YwuXgAETh_v.jpeg?resize=768%2C604&amp;ssl=1 768w, https:\/\/i0.wp.com\/uncutnews.ch\/wp-content\/uploads\/2025\/07\/Gu7-YwuXgAETh_v.jpeg?w=1462&amp;ssl=1 1462w\" alt=\"\" width=\"739\" height=\"581\" data-recalc-dims=\"1\" \/><figcaption class=\"wp-element-caption\"><span>Obr\u00e1zek byl samoz\u0159ejm\u011b upraven\u00fd, ale propagandistick\u00e1 m\u00e9dia v posledn\u00ed dob\u011b svou klimatickou hysterii natolik p\u0159ehnala, \u017ee u\u017e nen\u00ed mo\u017en\u00e9 rozeznat, co je zmanipulovan\u00e9 a co realita.<\/span><\/figcaption><\/figure>\n<\/div>\n<p><span>Ale to, co se zde jev\u00ed jako sc\u00e9na z medi\u00e1ln\u00ed satiry, odhaluje mnohem hlub\u0161\u00ed probl\u00e9m:\u00a0<\/span><strong><span>estetika st\u00e1tem financovan\u00fdch m\u00e9di\u00ed se stala tak dramatickou, p\u0159ehnanou a vizu\u00e1ln\u011b nabitou, \u017ee ji lze sotva rozli\u0161it od p\u0159ehnan\u00e9 satiry.<\/span><\/strong><\/p>\n<h3 class=\"wp-block-heading\"><span>Kdy\u017e se propaganda stane normou<\/span><\/h3>\n<p><span>Meteorologick\u00e1 mapa z Tagesschau nen\u00ed ojedin\u011bl\u00fd incident. Po l\u00e9ta byl pozorov\u00e1n v\u00fdrazn\u00fd posun ve zp\u016fsobu, jak\u00fdm jsou zobrazov\u00e1ny pov\u011btrnostn\u00ed, klimatick\u00e9 a environment\u00e1ln\u00ed katastrofy \u2013 a to jak v n\u011bmeck\u00fdch a \u0161v\u00fdcarsk\u00fdch st\u00e1tn\u00edch m\u00e9di\u00edch, tak u mezin\u00e1rodn\u00edch partner\u016f, jako je\u00a0<\/span><strong><span>BBC<\/span><\/strong><span>\u00a0, francouzsk\u00e1\u00a0<\/span><strong><span>France Info<\/span><\/strong><span>\u00a0a americk\u00e1 m\u00e9dia s\u00a0<\/span><strong><span>pro-NATO agendou<\/span><\/strong><span>\u00a0.<\/span><\/p>\n<p><span>D\u0159\u00edve bylo 30 stup\u0148\u016f Celsia na map\u011b \u017elut\u00e9 slunce. Dnes je to krvav\u011b rud\u00e1 pohotovost.<\/span><br \/>\n<span>Vizu\u00e1ln\u00ed dramatizace st\u00e1le v\u00edce nahrazuje objektivn\u00ed klasifikaci.<\/span><\/p>\n<p><span>Tento v\u00fdvoj nen\u00ed n\u00e1hoda, ale sp\u00ed\u0161e politick\u00fd sc\u00e9n\u00e1\u0159. V medi\u00e1ln\u00ed krajin\u011b, kter\u00e1 se pova\u017euje za \u201eodpov\u011bdnou autoritu\u201c \u2013 zejm\u00e9na v kontextu\u00a0<\/span><strong><span>klimatick\u00fdch c\u00edl\u016f EU<\/span><\/strong><span>\u00a0,\u00a0<\/span><strong><span>Zelen\u00e9 dohody<\/span><\/strong><span>\u00a0,\u00a0<\/span><strong><span>Agendy 2030<\/span><\/strong><span>\u00a0a\u00a0<\/span><strong><span>linie transatlantick\u00e9 jednoty<\/span><\/strong><span>\u00a0\u2013 je toto klima povy\u0161ov\u00e1no na mor\u00e1ln\u00ed ultima ratio.<\/span><br \/>\n<span>Kritika tohoto? Okam\u017eit\u011b ozna\u010dena za \u201epop\u00edr\u00e1n\u00ed\u201c, \u201edezinformace\u201c nebo \u201einfiltraci pravicov\u00fdch radik\u00e1l\u016f\u201c.<\/span><\/p>\n<h3 class=\"wp-block-heading\"><span>St\u00e1tn\u00ed m\u00e9dia a m\u00e9dia NATO: dvojit\u00e1 spir\u00e1la strachu<\/span><\/h3>\n<p><span>Ve\u0159ejnopr\u00e1vn\u00ed vys\u00edlac\u00ed spole\u010dnosti v N\u011bmecku (ARD, ZDF, Deutschlandfunk, ale tak\u00e9 ve \u0160v\u00fdcarsku a Rakousku) se ji\u017e nepova\u017euj\u00ed prim\u00e1rn\u011b za neutr\u00e1ln\u00ed poskytovatele informac\u00ed, ale za akt\u00e9ry v \u201eboji proti klimatick\u00fdm zm\u011bn\u00e1m\u201c \u2013 s odpov\u00eddaj\u00edc\u00edmi stylistick\u00fdmi prost\u0159edky:<\/span><\/p>\n<ul>\n<li><span>Ohniv\u00e9 \u010derven\u00e9 karty<\/span><\/li>\n<li><span>sugestivn\u00ed v\u00fdrazy jako \u201eklimatick\u00e1 krize\u201c nebo \u201etepeln\u00e1 smrt\u201c<\/span><\/li>\n<li><span>neust\u00e1l\u00e9 mor\u00e1ln\u00ed apely na \u201ekone\u010dn\u00e9 jedn\u00e1n\u00ed\u201c<\/span><\/li>\n<\/ul>\n<p><span>Z\u00e1rove\u0148 m\u00e9dia p\u0159\u00e1telsk\u00e1 k NATO, jako jsou BBC, CNN nebo France24 atd., p\u0159ij\u00edmaj\u00ed podobn\u00e9 obrazy a narativy \u2013 \u010dasto podpo\u0159en\u00e9 \u201ekontrolami fakt\u016f\u201c, kter\u00e9 ji\u017e nekontroluj\u00ed,\u00a0<\/span><strong><span>zda je n\u011bco pravdiv\u00e9<\/span><\/strong><span>\u00a0, ale zda to odporuje ofici\u00e1ln\u00edmu narativu.<\/span><\/p>\n<p><span>V\u00fdsledek:<\/span><br \/>\n<strong><span>Ti, kdo kritizuj\u00ed p\u0159eh\u00e1n\u011bn\u00ed, u\u017e nejsou br\u00e1ni v\u00e1\u017en\u011b \u2013 m\u00edsto toho jsou zkoum\u00e1ni.<\/span><\/strong><br \/>\n<strong><span>A ti, kdo zve\u0159ej\u0148uj\u00ed p\u0159ehnan\u00e9 obr\u00e1zky, jsou ov\u011b\u0159ovateli fakt\u016f t\u00e1z\u00e1ni, zda nezfal\u0161ovali realitu \u2013 p\u0159esto\u017ee ji sami vys\u00edlatel\u00e9 vytvo\u0159ili u\u017e d\u00e1vno.<\/span><\/strong><\/p>\n<h3 class=\"wp-block-heading\"><span>Obr\u00e1cen\u00ed pravdy<\/span><\/h3>\n<p><span>P\u0159\u00edpad tepeln\u00e9 mapy Tagesschau je symbolem epoch\u00e1ln\u00edho\u00a0<\/span><strong><span>posunu ve vn\u00edm\u00e1n\u00ed m\u00e9di\u00ed<\/span><\/strong><span>\u00a0:<\/span><br \/>\n<span>U\u017e se nev\u011b\u0159\u00ed l\u017e\u00edm, ale realit\u011b.<\/span><br \/>\n<span>Pravda byla tak \u010dasto politicky zabarven\u00e1, dramatizovan\u00e1 a zneu\u017e\u00edvan\u00e1 k propagandistick\u00fdm \u00fa\u010del\u016fm, \u017ee\u00a0<\/span><strong><span>u\u017e nen\u00ed v\u011brohodn\u00e1<\/span><\/strong><span>\u00a0\u2013 i kdy\u017e je pravdiv\u00e1.<\/span><\/p>\n<p><span>Kdy\u017e obr\u00e1zek po\u010das\u00ed vypad\u00e1 jako mem vygenerovan\u00fd um\u011blou inteligenc\u00ed \u2013 a pak se uk\u00e1\u017ee, \u017ee je to\u00a0<\/span><strong><span>skute\u010dn\u00e9 vys\u00edl\u00e1n\u00ed ARD<\/span><\/strong><span>\u00a0\u2013 to\u00a0<\/span><strong><span>nen\u00ed selh\u00e1n\u00ed satiry<\/span><\/strong><span>\u00a0, ale\u00a0<\/span><strong><span>triumf inscenace<\/span><\/strong><span>\u00a0.<\/span><\/p>\n<h3 class=\"wp-block-heading\"><span>Z\u00e1v\u011br<\/span><\/h3>\n<p><span>\u017dijeme v dob\u011b, kdy\u00a0<\/span><strong><span>inscenace ze strany st\u00e1tn\u00edch m\u00e9di\u00ed<\/span><\/strong><span>\u00a0dos\u00e1hla \u00farovn\u011b karikatury.<\/span><br \/>\n<span>Hranice mezi propagandou a zpravodajstv\u00edm se rozmazala.<\/span><br \/>\n<span>A kdy\u017e ani ov\u011b\u0159ovatel\u00e9 fakt\u016f u\u017e nev\u011bd\u00ed, co je pravda, kone\u010dn\u011b nastala krize d\u016fv\u011bryhodnosti.<\/span><\/p>\n<p><span style=\"font-size: 14pt;\"><strong>Nov\u00e1 realita je:<\/strong><\/span><br \/>\n<span>Probl\u00e9mem nen\u00ed satira \u2013<\/span><br \/>\n<span>ale \u017ee se realita stala satirou.<\/span><\/p>\n<p><img decoding=\"async\" loading=\"lazy\" class=\"alignnone size-full wp-image-1185\" src=\"http:\/\/www.infokuryr.cz\/n\/wp-content\/uploads\/2021\/04\/kuryr-podpis.png\" alt=\"\" width=\"84\" height=\"24\" \/><\/p>\n<p>&nbsp;<\/p>\n","protected":false},"excerpt":{"rendered":"<p>Kdy\u017e realita p\u0159ed\u010d\u00ed satiru \u2013 Jak st\u00e1tn\u00ed a natovsk\u00e1 m\u00e9dia dotla\u010duj\u00ed klimatickou propagandu do bodu&#8230;<\/p>\n","protected":false},"author":2,"featured_media":34665,"comment_status":"closed","ping_status":"closed","sticky":false,"template":"","format":"standard","meta":[],"categories":[7],"tags":[1061,873,158,9435,3584],"_links":{"self":[{"href":"https:\/\/www.infokuryr.cz\/n\/wp-json\/wp\/v2\/posts\/82827"}],"collection":[{"href":"https:\/\/www.infokuryr.cz\/n\/wp-json\/wp\/v2\/posts"}],"about":[{"href":"https:\/\/www.infokuryr.cz\/n\/wp-json\/wp\/v2\/types\/post"}],"author":[{"embeddable":true,"href":"https:\/\/www.infokuryr.cz\/n\/wp-json\/wp\/v2\/users\/2"}],"replies":[{"embeddable":true,"href":"https:\/\/www.infokuryr.cz\/n\/wp-json\/wp\/v2\/comments?post=82827"}],"version-history":[{"count":0,"href":"https:\/\/www.infokuryr.cz\/n\/wp-json\/wp\/v2\/posts\/82827\/revisions"}],"wp:featuredmedia":[{"embeddable":true,"href":"https:\/\/www.infokuryr.cz\/n\/wp-json\/wp\/v2\/media\/34665"}],"wp:attachment":[{"href":"https:\/\/www.infokuryr.cz\/n\/wp-json\/wp\/v2\/media?parent=82827"}],"wp:term":[{"taxonomy":"category","embeddable":true,"href":"https:\/\/www.infokuryr.cz\/n\/wp-json\/wp\/v2\/categories?post=82827"},{"taxonomy":"post_tag","embeddable":true,"href":"https:\/\/www.infokuryr.cz\/n\/wp-json\/wp\/v2\/tags?post=82827"}],"curies":[{"name":"wp","href":"https:\/\/api.w.org\/{rel}","templated":true}]}}