{"id":82792,"date":"2025-07-04T04:40:57","date_gmt":"2025-07-04T02:40:57","guid":{"rendered":"https:\/\/www.infokuryr.cz\/n\/?p=82792"},"modified":"2025-07-04T04:40:57","modified_gmt":"2025-07-04T02:40:57","slug":"britsky-premier-starmer-by-mohl-byt-na-odchodu","status":"publish","type":"post","link":"https:\/\/www.infokuryr.cz\/n\/2025\/07\/04\/britsky-premier-starmer-by-mohl-byt-na-odchodu\/","title":{"rendered":"Britsk\u00fd premi\u00e9r Starmer by mohl b\u00fdt na odchodu"},"content":{"rendered":"<div id=\"fb-root\"><\/div>\n<h3>Labouristick\u00e1 strana je demoralizovan\u00e1 a \u201ezouf\u00e1\u201c pouh\u00fd rok po p\u0159evzet\u00ed moci, uvedl server Sky News<\/h3>\n<p><span>Britsk\u00fd premi\u00e9r Keir Starmer by mohl b\u00fdt odvol\u00e1n do kv\u011btna p\u0159\u00ed\u0161t\u00edho roku, pokud si jeho Labouristick\u00e1 strana bude i nad\u00e1le v\u00e9st \u0161patn\u011b, informovala televize Sky News.<\/span><\/p>\n<p><span>Labourist\u00e9 v kv\u011btnov\u00fdch komun\u00e1ln\u00edch volb\u00e1ch ztratili p\u016fdu pod nohama ve prosp\u011bch strany Reform UK pot\u00e9, co vl\u00e1dnouc\u00ed strana zaznamenala prudk\u00fd pokles podpory ve\u0159ejnosti.<\/span><\/p>\n<p><span>Premi\u00e9r by mohl p\u0159ij\u00edt o svou funkci, pokud labourist\u00e9 v p\u0159\u00ed\u0161t\u00edm hlasov\u00e1n\u00ed ve Walesu, Skotsku a Lond\u00fdn\u011b neusp\u011bli, informovala ve \u010dtvrtek Sky News s odvol\u00e1n\u00edm na dva vysoce postaven\u00e9 labouristick\u00e9 poslance.<\/span><\/p>\n<p><em><span>\u201eSly\u0161\u00edm od ministr\u016f ve vl\u00e1d\u011b, \u017ee Starmer by mohl muset b\u011bhem n\u011bkolika m\u011bs\u00edc\u016f odej\u00edt,\u201c<\/span><\/em><span>\u00a0\u0159ekl z\u00e1stupce politick\u00e9ho redaktora den\u00edku Sam Coates a popsal\u00a0<\/span><em><span>\u201ene\u0161t\u011bst\u00ed a zoufalstv\u00ed\u201c<\/span><\/em><span>\u00a0v Labouristick\u00e9 stran\u011b.<\/span><\/p>\n<p><span>Den p\u0159edt\u00edm byl kontroverzn\u00ed n\u00e1vrh z\u00e1kona o soci\u00e1ln\u00edch d\u00e1vk\u00e1ch, kter\u00fd navrhla vl\u00e1da, schv\u00e1len v oslaben\u00e9 podob\u011b pot\u00e9, co se \u0159ada labouristick\u00fdch poslanc\u016f vzbou\u0159ila proti navrhovan\u00fdm \u0161krt\u016fm v soci\u00e1ln\u00edch d\u00e1vk\u00e1ch.<\/span><\/p>\n<p><span>Tato nejnov\u011bj\u0161\u00ed zm\u011bna podkopala autoritu premi\u00e9ra po s\u00e9rii podobn\u00fdch obrat\u016f v \u010dervnu, napsala ve st\u0159edu BBC.<\/span><\/p>\n<p><span>Minul\u00fd m\u011bs\u00edc Starmer podlehl tlaku a na\u0159\u00eddil celost\u00e1tn\u00ed vy\u0161et\u0159ov\u00e1n\u00ed policejn\u00edho postupu v souvislosti s masivn\u00edm skand\u00e1lem sexu\u00e1ln\u00edho zneu\u017e\u00edv\u00e1n\u00ed p\u00e1kist\u00e1nsk\u00fdmi gangy, kter\u00e9 se zab\u00fdvaj\u00ed groomingem. Jen n\u011bkolik m\u011bs\u00edc\u016f p\u0159edt\u00edm jeho administrativa trvala na tom, \u017ee p\u0159edchoz\u00ed sedmilet\u00e9 vy\u0161et\u0159ov\u00e1n\u00ed desetilet\u00ed systematick\u00e9ho zn\u00e1sil\u0148ov\u00e1n\u00ed mlad\u00fdch, zraniteln\u00fdch d\u00edvek ve Spojen\u00e9m kr\u00e1lovstv\u00ed bylo dostate\u010dn\u00e9.<\/span><\/p>\n<p><span>Labourist\u00e9 byli pod rostouc\u00edm tlakem ve\u0159ejnosti, aby od t\u00e9to z\u00e1le\u017eitosti ustoupili, pot\u00e9, co se doutnaj\u00edc\u00ed skand\u00e1l za\u010d\u00e1tkem leto\u0161n\u00edho roku znovu dostal do centra pozornosti technologick\u00fd magn\u00e1t Elon Musk.<\/span><\/p>\n<p><span>Starmerova popularita u ve\u0159ejnosti prudce klesla, kdy\u017e 73 % dosp\u011bl\u00fdch ve Spojen\u00e9m kr\u00e1lovstv\u00ed bylo s jeho v\u00fdkonem nespokojeno, napsal ve \u010dtvrtek den\u00edk Independent s odvol\u00e1n\u00edm na pr\u016fzkum agentury Ipsos, kter\u00fd byl dokon\u010den v \u010dervnu. Pr\u016fzkum nazna\u010duje, \u017ee s jeho p\u016fsoben\u00edm byla spokojena m\u00e9n\u011b ne\u017e p\u011btina respondent\u016f.<\/span><\/p>\n<p><span>Podle agentury Ipsos se jedn\u00e1 o nejni\u017e\u0161\u00ed sk\u00f3re, jak\u00e9 kdy pr\u016fzkumn\u00e1 spole\u010dnost zaznamenala za v\u00fdkon premi\u00e9ra v prvn\u00edm roce ve funkci.<\/span><\/p>\n<p><img decoding=\"async\" loading=\"lazy\" class=\"alignnone size-full wp-image-1185\" src=\"http:\/\/www.infokuryr.cz\/n\/wp-content\/uploads\/2021\/04\/kuryr-podpis.png\" alt=\"\" width=\"84\" height=\"24\" \/><\/p>\n<p>&nbsp;<\/p>\n<p>&nbsp;<\/p>\n","protected":false},"excerpt":{"rendered":"<p>Labouristick\u00e1 strana je demoralizovan\u00e1 a \u201ezouf\u00e1\u201c pouh\u00fd rok po p\u0159evzet\u00ed moci, uvedl server Sky News&#8230;<\/p>\n","protected":false},"author":2,"featured_media":82793,"comment_status":"closed","ping_status":"closed","sticky":false,"template":"","format":"standard","meta":[],"categories":[7],"tags":[61,540,621],"_links":{"self":[{"href":"https:\/\/www.infokuryr.cz\/n\/wp-json\/wp\/v2\/posts\/82792"}],"collection":[{"href":"https:\/\/www.infokuryr.cz\/n\/wp-json\/wp\/v2\/posts"}],"about":[{"href":"https:\/\/www.infokuryr.cz\/n\/wp-json\/wp\/v2\/types\/post"}],"author":[{"embeddable":true,"href":"https:\/\/www.infokuryr.cz\/n\/wp-json\/wp\/v2\/users\/2"}],"replies":[{"embeddable":true,"href":"https:\/\/www.infokuryr.cz\/n\/wp-json\/wp\/v2\/comments?post=82792"}],"version-history":[{"count":0,"href":"https:\/\/www.infokuryr.cz\/n\/wp-json\/wp\/v2\/posts\/82792\/revisions"}],"wp:featuredmedia":[{"embeddable":true,"href":"https:\/\/www.infokuryr.cz\/n\/wp-json\/wp\/v2\/media\/82793"}],"wp:attachment":[{"href":"https:\/\/www.infokuryr.cz\/n\/wp-json\/wp\/v2\/media?parent=82792"}],"wp:term":[{"taxonomy":"category","embeddable":true,"href":"https:\/\/www.infokuryr.cz\/n\/wp-json\/wp\/v2\/categories?post=82792"},{"taxonomy":"post_tag","embeddable":true,"href":"https:\/\/www.infokuryr.cz\/n\/wp-json\/wp\/v2\/tags?post=82792"}],"curies":[{"name":"wp","href":"https:\/\/api.w.org\/{rel}","templated":true}]}}