{"id":82790,"date":"2025-07-04T04:38:38","date_gmt":"2025-07-04T02:38:38","guid":{"rendered":"https:\/\/www.infokuryr.cz\/n\/?p=82790"},"modified":"2025-07-04T04:38:38","modified_gmt":"2025-07-04T02:38:38","slug":"evropska-komise-chce-od-roku-2027-uvalit-emisni-povolenky-i-na-domacnosti-paliva-a-energie","status":"publish","type":"post","link":"https:\/\/www.infokuryr.cz\/n\/2025\/07\/04\/evropska-komise-chce-od-roku-2027-uvalit-emisni-povolenky-i-na-domacnosti-paliva-a-energie\/","title":{"rendered":"Evropsk\u00e1 komise chce od roku 2027 uvalit emisn\u00ed povolenky i na dom\u00e1cnosti, paliva a energie!"},"content":{"rendered":"<div id=\"fb-root\"><\/div>\n<h4>Evropsk\u00e1 komise chce od roku 2027 uvalit emisn\u00ed povolenky i na dom\u00e1cnosti, paliva a energie! V\u00edme, pro\u010d Brusel tak moc usiluje o omezen\u00ed produkce sklen\u00edkov\u00fdch plyn\u016f, p\u0159esto\u017ee EU se pod\u00edl\u00ed na sv\u011btov\u00fdch emis\u00edch jen 8% a eliminace produkce CO2 a NOx v Evrop\u011b nebude m\u00edt na klima planety jako celku naprosto \u017e\u00e1dn\u00fd vliv!<\/h4>\n<p>Situace opravdu dramaticky eskaluje, a to na front\u011b, o kter\u00e9 prakticky netu\u0161\u00edte. Nejde o frontu na Ukrajin\u011b, ani o chystanou frontu v \u00cdr\u00e1nu, ale o frontu boje za klimatickou neutralitu. Evropsk\u00e1 komise toti\u017e ve st\u0159edu p\u0159edstavila\u00a0<strong>[<a href=\"https:\/\/href.li\/?https:\/\/commission.europa.eu\/news-and-media\/news\/eu-climate-law-new-way-reach-2040-targets-2025-07-02_en\" target=\"_blank\" rel=\"nofollow noopener\">1<\/a>]<\/strong>\u00a0\u00fapln\u011b nov\u00fd a p\u0159epracovan\u00fd pl\u00e1n na dosa\u017een\u00ed emisn\u00ed neutrality v roce 2050.<\/p>\n<p>Jeliko\u017e ale zem\u011b EU na sni\u017eov\u00e1n\u00ed emis\u00ed p\u0159istupuj\u00ed laxn\u011b, proto\u017ee rok 2050 je je\u0161t\u011b daleko, tak se\u00a0<strong>Evropsk\u00e1 komise rozhodla v\u0161echny zem\u011b popohnat a u\u017e na rok 2040 navrhuje vyhl\u00e1sit z\u00e1vazek, \u017ee cel\u00e1 EU sn\u00ed\u017e\u00ed produkci emis\u00ed o 90% ve srovn\u00e1n\u00ed s rokem 1990<\/strong>. To znamen\u00e1, \u017ee u\u017e za 15 let by vlastn\u011b cel\u00e1 EU, a\u017e na v\u00fdjimky, nem\u011bla v\u016fbec pou\u017e\u00edvat \u017e\u00e1dn\u00e9 fosiln\u00ed zdroje!<\/p>\n<figure id=\"attachment_1735\" class=\"wp-caption aligncenter\" style=\"width: 699px;\"><a href=\"https:\/\/aeronet.news\/wp-content\/uploads\/brusselseu.jpg\"><img decoding=\"async\" loading=\"lazy\" class=\"wp-image-1735 \" src=\"https:\/\/aeronet.news\/wp-content\/uploads\/brusselseu-1024x764.jpg\" sizes=\"(max-width: 700px) 100vw, 700px\" srcset=\"https:\/\/aeronet.news\/wp-content\/uploads\/brusselseu-1024x764.jpg 1024w, https:\/\/aeronet.news\/wp-content\/uploads\/brusselseu-300x224.jpg 300w, https:\/\/aeronet.news\/wp-content\/uploads\/brusselseu-700x522.jpg 700w, https:\/\/aeronet.news\/wp-content\/uploads\/brusselseu.jpg 1200w\" alt=\"\" width=\"699\" height=\"521\" \/><\/a><figcaption class=\"wp-caption-text\">Evropsk\u00e1 unie \u2013 Brusel<\/figcaption><\/figure>\n<p>A to ani k vyt\u00e1p\u011bn\u00ed dom\u016f, byt\u016f a budov, ani k pohonu automobil\u016f. V\u0161echno by m\u011blo b\u00fdt bezemisn\u00ed, a to znamen\u00e1 poh\u00e1n\u011bn\u00e9 a vyt\u00e1p\u011bn\u00e9 z obnoviteln\u00fdch zdroj\u016f. Jen\u017ee\u2026 m\u00e1 to jeden h\u00e1\u010dek. V\u011bt\u0161ina z toho nebude realizovateln\u00e1, a to z fyzik\u00e1ln\u00edch d\u016fvod\u016f. A nemyslete si, \u017ee v Evropsk\u00e9 komisi to nev\u011bd\u00ed. Pr\u00e1v\u011b naopak, v\u011bd\u00ed to moc dob\u0159e.<\/p>\n<p>V\u011bd\u00ed dokonce i to, \u017ee cel\u00e1\u00a0<strong>EU se pod\u00edl\u00ed na sv\u011btov\u00fdch planet\u00e1rn\u00edch emis\u00edch jen z 8%<\/strong>\u00a0a vzhledem k tomu, \u017ee u\u017e dnes jsou tov\u00e1rny, ale i automobily zna\u010dn\u011b bezemisn\u00ed, nebo jen s mal\u00fdmi elisemi, tak t\u011bch 8% zkr\u00e1tka u\u017e moc sni\u017eovat nejde. A pokud m\u00e1te konceptu\u00e1ln\u00ed gramotnost, zept\u00e1te se sami sebe \u2013 pro\u010d proboha EU kv\u016fli n\u011bjak\u00fdm 8% sv\u011btov\u00fdch emis\u00ed implementuje takov\u00e9 stra\u0161n\u00e9 sm\u011brnice pro 400+ milion\u016f obyvatel EU?<\/p>\n<h3>Boj proti emis\u00edm v EU je od za\u010d\u00e1tku do konce jeden velk\u00fd podvod!<\/h3>\n<p>Spojen\u00e9 st\u00e1ty, Rusko, \u010c\u00edna a Indie se na programu Net Zero do roku 2050 nepod\u00edl\u00ed.\u00a0<strong>Spojen\u00e9 st\u00e1ty americk\u00e9, \u010c\u00edna, Rusko a Indie dohromady produkuj\u00ed p\u0159ibli\u017en\u011b 65,8% sv\u011btov\u00fdch emis\u00ed oxidu uhli\u010dit\u00e9ho (CO2).<\/strong>\u00a0\u010c\u00edna se na celkov\u00fdch sv\u011btov\u00fdch emis\u00edch\u00a0<strong>v\u00edce ne\u017e\u00a0180 zem\u00ed sv\u011bta<\/strong>\u00a0pod\u00edl\u00ed 32,9%, USA 12,6 %, Indie 7% a Rusko 4,75% emis\u00ed. \u017d\u00e1dn\u00e1 z t\u011bch zem\u00ed se p\u0159itom nesna\u017e\u00ed dosahovat sni\u017eov\u00e1n\u00ed emis\u00ed, ani neuvaluje na sv\u00e9 podniky, firmy, dom\u00e1cnosti a ob\u010dany \u017e\u00e1dn\u00e9 emisn\u00ed povolenky.<\/p>\n<p>Tak\u017ee, pro\u010d kv\u016fli zatracen\u00fdm 8% emis\u00ed n\u00e1m Evropsk\u00e1 komise komplikuje a hlavn\u011b zdra\u017euje \u017eivot? Odpov\u011b\u010f je \u0161okuj\u00edc\u00ed, \u0161\u00edlen\u00e1, asi na ni nejste p\u0159ipraveni, ale je t\u0159eba s touto informac\u00ed j\u00edt ven. Podle na\u0161eho bruselsk\u00e9ho zdroje jde o fisk\u00e1ln\u00ed n\u00e1stroj na financov\u00e1n\u00ed chystan\u00e9 v\u00e1lky s Ruskem okolo roku 2030!<\/p>\n<figure id=\"attachment_63974\" class=\"wp-caption aligncenter\" style=\"width: 696px;\"><a href=\"https:\/\/aeronet.news\/wp-content\/uploads\/TrumpRutteSummitNATO.jpg\"><img decoding=\"async\" loading=\"lazy\" class=\"wp-image-63974 \" src=\"https:\/\/aeronet.news\/wp-content\/uploads\/TrumpRutteSummitNATO-1024x576.jpg\" sizes=\"(max-width: 700px) 100vw, 700px\" srcset=\"https:\/\/aeronet.news\/wp-content\/uploads\/TrumpRutteSummitNATO-1024x576.jpg 1024w, https:\/\/aeronet.news\/wp-content\/uploads\/TrumpRutteSummitNATO-300x169.jpg 300w, https:\/\/aeronet.news\/wp-content\/uploads\/TrumpRutteSummitNATO-768x432.jpg 768w, https:\/\/aeronet.news\/wp-content\/uploads\/TrumpRutteSummitNATO-700x394.jpg 700w, https:\/\/aeronet.news\/wp-content\/uploads\/TrumpRutteSummitNATO-635x357.jpg 635w, https:\/\/aeronet.news\/wp-content\/uploads\/TrumpRutteSummitNATO-859x483.jpg 859w, https:\/\/aeronet.news\/wp-content\/uploads\/TrumpRutteSummitNATO.jpg 1280w\" alt=\"\" width=\"696\" height=\"392\" \/><\/a><figcaption class=\"wp-caption-text\">Donald Trump a gener\u00e1ln\u00ed tajemn\u00edk NATO Mark Rutte b\u011bhem summitu NATO v Haagu<\/figcaption><\/figure>\n<p>Evropsk\u00e1 komise ten pl\u00e1n na 90% sn\u00ed\u017een\u00ed emis\u00ed do roku 2040 p\u0159edstavila ne n\u00e1hodou p\u0159esn\u011b t\u00fdden po skon\u010den\u00ed summitu NATO v Haagu, kde Donald Trump \u0159ekl, \u017ee odte\u010f je to va\u0161e starost, tedy v\u00e1lka na Ukrajin\u011b s Ruskem, a odte\u010f se mus\u00ed EU postarat o zdroje financov\u00e1n\u00ed na p\u0159\u00edpravu t\u00e9to v\u00e1lky, kter\u00e1 podle gener\u00e1l\u016f NATO a podle n\u00e1\u010deln\u00edka gen\u0161t\u00e1bu Bundeswehru\u00a0<strong>[<a href=\"https:\/\/aeronet.news\/nacelnik-generalniho-stabu-bundeswehru-ocekava-valku-nato-s-ruskem-nejpozdeji-v-roce-2029-a-cela-evropa-se-pry-musi-vyzbrojit-generalni-tajemnik-nato-k-tomu-dodal-ze-aliance-je-pry-silnejsi\/\">2<\/a>]<\/strong>\u00a0m\u00e1 vypuknout n\u011bkdy okolo roku 2030.<\/p>\n<p>C\u00edlem toho ambici\u00f3zn\u00edho pl\u00e1nu EU komise je zkr\u00e1tka uvalit obrovsk\u00e9 povolenky na dom\u00e1cnosti a obyvatelstvo, kter\u00e9 i v roce 2027, kdy to m\u00e1 za\u010d\u00edt, bude i nad\u00e1le topit uhl\u00edm, d\u0159evem, plynem a obecn\u011b fosiln\u00edmi palivy, proto\u017ee v cel\u00e9 EU nebude dostatek elekt\u0159iny, aby des\u00edtky milion\u016f dom\u00e1cnost\u00ed mohly topit elekt\u0159inou. C\u00edlem tohoto a ve st\u0159edu odhalen\u00e9ho pl\u00e1nu nen\u00ed \u017e\u00e1dn\u00e1 sprost\u00e1 ochrana klimatu, ani snaha zachr\u00e1nit sv\u011bt t\u00edm, \u017ee EU sv\u00fdmi 8% sv\u011btov\u00fdch emis\u00ed sn\u00ed\u017een\u00fdmi o dal\u0161\u00ed procento nebo dv\u011b dos\u00e1hne z\u00e1chrany planety p\u0159ed oteplen\u00edm. Bo\u017ee, to n\u00e1s maj\u00ed za idioty?<\/p>\n<h3>C\u00edlem Evropsk\u00e9 komise je donutit dom\u00e1cnosti a ob\u010dany, aby za\u010dali kupovat emisn\u00ed povolenky!<\/h3>\n<p>Je to oby\u010dejn\u00fd nosat\u00fd podvod, kter\u00fd funguje tak primitivn\u011b a naivn\u011b, a\u017e je to sm\u011b\u0161n\u00e9, ale p\u0159esto v\u011bt\u0161ina\u00a0<em>tupellos<\/em>\u00a0to nevid\u00ed. Funguje to takto:\u00a0<strong>Nejprve stanov\u00edme limity na emise, kter\u00e9 lidi nebudou moci splnit a dos\u00e1hnout, ale to nevad\u00ed, proto\u017ee jim nab\u00eddneme k n\u00e1kupu povolenky na emise.<\/strong>\u00a0U\u017e nejenom firmy a korporace jako tomu je dosud, ale od roku 2027 i dom\u00e1cnosti, ob\u010dan\u00e9 a jednotlivci budou muset nakupovat emisn\u00ed povolenky.<\/p>\n<p>Prost\u011b aby mohli nad\u00e1le provozovat sv\u00e9m emisn\u00ed pot\u0159eby a spot\u0159eby, jako je t\u0159eba vyt\u00e1p\u011bn\u00ed domu \u010di bytu fosiln\u00edm palivem, tedy uhl\u00edm, d\u0159evem, anebo plynem. A h\u00e1dejte, co potom EU ud\u011bl\u00e1 s t\u011bmi obrovsk\u00fdmi v\u00fdnosy z povolenek? Rozhodnut\u00edm komise se v\u00fdnosy z povolenek p\u0159esm\u011bruj\u00ed a zafinancuj\u00ed se z nich zbrojovky a p\u0159\u00edprava na v\u00e1lku s Ruskem! Ob\u010dan\u00e9 zem\u00ed EU skrze emisn\u00ed povolenky si sami zaplat\u00ed zbrojen\u00ed a p\u0159\u00edpravu v\u00e1lky s Rusem! A to je cel\u00e9!<\/p>\n<figure id=\"attachment_52589\" class=\"wp-caption aligncenter\" style=\"width: 713px;\"><a href=\"https:\/\/aeronet.news\/wp-content\/uploads\/elektricky-primotop-spirala.jpg\"><img decoding=\"async\" loading=\"lazy\" class=\"wp-image-52589 \" src=\"https:\/\/aeronet.news\/wp-content\/uploads\/elektricky-primotop-spirala.jpg\" sizes=\"(max-width: 720px) 100vw, 720px\" srcset=\"https:\/\/aeronet.news\/wp-content\/uploads\/elektricky-primotop-spirala.jpg 720w, https:\/\/aeronet.news\/wp-content\/uploads\/elektricky-primotop-spirala-300x200.jpg 300w, https:\/\/aeronet.news\/wp-content\/uploads\/elektricky-primotop-spirala-700x468.jpg 700w, https:\/\/aeronet.news\/wp-content\/uploads\/elektricky-primotop-spirala-534x357.jpg 534w\" alt=\"\" width=\"713\" height=\"476\" \/><\/a><figcaption class=\"wp-caption-text\">Topen\u00ed se stane luxusem<\/figcaption><\/figure>\n<p>Ty\u00a0<em>sv*n\u011b<\/em>\u00a0v EU komisi to podle na\u0161eho bruselsk\u00e9ho zdroje projednaly ji\u017e p\u0159ed summitem NATO koncem \u010dervna, kdy\u017e se hledaly zdroje na pokra\u010dov\u00e1n\u00ed v\u00e1lky na Ukrajin\u011b. A jeden z n\u00e1vrh\u016f pr\u00e1v\u011b doporu\u010dil, aby se posunul c\u00edl z programu\u00a0<em>Net Zero<\/em>\u00a0z roku 2050 na 90% z\u00e1vazku ji\u017e v roce 2040.\u00a0<strong>To je \u0161ibeni\u010dn\u00ed term\u00edn, tak\u017ee zem\u011b EU budou muset ji\u017e od roku 2027 za\u010d\u00edt masivn\u011b prod\u00e1vat obyvatelstvu povolenky, aby se jejich prodejem zem\u011b EU k tomu z\u00e1vazku v roce 2040 dostaly.<\/strong><\/p>\n<p>Bez masivn\u00edho prodeje povolenek za 15 let, kter\u00e9 zb\u00fdvaj\u00ed, se t\u011bch 90% \u00fa\u010detn\u00edho sn\u00ed\u017een\u00ed emis\u00ed dos\u00e1hnout ned\u00e1. Ano, to je d\u016fle\u017eit\u00e9 zd\u016fraznit. Jedn\u00e1 se o \u201c<em>\u00fa\u010detn\u00ed<\/em>\u201d sn\u00ed\u017een\u00ed emis\u00ed o 90% do roku 2040, proto\u017ee ty emise se d\u00e1l budou produkovat, ale pouze \u00fa\u010detn\u011b se odpo\u010d\u00edtaj\u00ed t\u00edm, \u017ee si producenti emis\u00ed budou zakupovat povolenky na emise. A to je co?<\/p>\n<h3>Katolick\u00e1 c\u00edrkev kdysi prod\u00e1vala odpustky na \u00fa\u010detn\u00ed odpu\u0161t\u011bn\u00ed h\u0159\u00edchu, dnes EU prod\u00e1v\u00e1 povolenky na \u00fa\u010detn\u00ed odpu\u0161t\u011bn\u00ed eko-emis\u00ed<\/h3>\n<p>No, to p\u0159ece nen\u00ed nic nov\u00e9ho. To u\u017e Evropa p\u0159ed n\u011bkolika stalet\u00edmi sv\u00e9ho \u010dasu za\u017eila. Tehdy se tomu \u0159\u00edkalo\u00a0<strong>\u201c<em>odpustky<\/em>\u201c<\/strong>\u00a0a de facto se jednalo o povolenky na p\u00e1ch\u00e1n\u00ed smrteln\u00fdch h\u0159\u00edch\u016f. Kdo se cht\u011bl z h\u0159\u00edch\u016f vykoupit, zakoupil si odpustek. Nosat\u00fd syst\u00e9m ale tuto praxi katolick\u00e9 c\u00edrkve z pozdn\u00edho st\u0159edov\u011bku a z po\u010d\u00e1tku novov\u011bku o n\u011bco vylep\u0161il, a to t\u00edm, \u017ee n\u00e1kupy odpustk\u016f, tedy pardon, emisn\u00edch povolenek, budou od roku 2027 povinn\u00e9 a nikoliv dobrovoln\u00e9.<\/p>\n<p>Tohle katolick\u00e1 c\u00edrkev tehdy nedomyslela, mohla vyd\u011blat majlant.\u00a0<strong>Tak\u017ee od roku 2027 \u00fa\u010detn\u011b se za\u010dnou sni\u017eovat emise CO2 naproti povolenk\u00e1m, kter\u00e9 si budeme kupovat \u00fapln\u011b v\u0161ichni.<\/strong>\u00a0Tedy, ne p\u0159\u00edmo kupovat, ale platit zprost\u0159edkovan\u011b v cen\u011b paliv a energi\u00ed. A to proto, aby to placen\u00ed nikdo nemohl obch\u00e1zet a vyh\u00fdbat se placen\u00ed. Prost\u011b ty povolenky budou zapo\u010dteny v cen\u011b benz\u00ednu, nafty, elekt\u0159iny, ale i n\u00e1jm\u016f byt\u016f, zbo\u017e\u00ed a slu\u017eeb, proto\u017ee emisn\u00ed povolenky se samoz\u0159ejm\u011b odraz\u00ed do cel\u00e9ho ekonomick\u00e9ho cyklu ve spole\u010dnosti.<\/p>\n<figure id=\"attachment_51097\" class=\"wp-caption aligncenter\" style=\"width: 712px;\"><a href=\"https:\/\/aeronet.news\/wp-content\/uploads\/RublesGasPipes.jpg\"><img decoding=\"async\" loading=\"lazy\" class=\"wp-image-51097 \" src=\"https:\/\/aeronet.news\/wp-content\/uploads\/RublesGasPipes-1024x576.jpg\" sizes=\"(max-width: 700px) 100vw, 700px\" srcset=\"https:\/\/aeronet.news\/wp-content\/uploads\/RublesGasPipes-1024x576.jpg 1024w, https:\/\/aeronet.news\/wp-content\/uploads\/RublesGasPipes-300x169.jpg 300w, https:\/\/aeronet.news\/wp-content\/uploads\/RublesGasPipes-768x432.jpg 768w, https:\/\/aeronet.news\/wp-content\/uploads\/RublesGasPipes-700x394.jpg 700w, https:\/\/aeronet.news\/wp-content\/uploads\/RublesGasPipes-635x357.jpg 635w, https:\/\/aeronet.news\/wp-content\/uploads\/RublesGasPipes-859x483.jpg 859w, https:\/\/aeronet.news\/wp-content\/uploads\/RublesGasPipes.jpg 1280w\" alt=\"\" width=\"712\" height=\"401\" \/><\/a><figcaption class=\"wp-caption-text\">Za plyn se nedoplat\u00edme. A ten rusk\u00fd chce EU dokonce zak\u00e1zat<\/figcaption><\/figure>\n<p>Tak\u017ee, \u017e\u00e1dn\u00e9 emise se sni\u017eovat nebudou, koneckonc\u016f t\u011bch 8% pod\u00edlu na sv\u011btov\u00fdch emis\u00edch nelze prakticky ani detekovat na stavu planety, ale \u00fa\u010detn\u011b pomoc\u00ed prodeje likvida\u010dn\u00edch eko-odpustk\u016f v podob\u011b povolenek se dos\u00e1hne ji\u017e v roce 2040 kr\u00e1sn\u00e9ho 90% sn\u00ed\u017een\u00ed emis\u00ed v porovn\u00e1n\u00ed s rokem 1990.\u00a0Odhaduje se, \u017ee pro \u010ceskou republiku by mohly v\u00fdnosy z prodeje povolenek EU ETS, v\u010detn\u011b EU ETS2 od roku 2027, \u010dinit 36-73 miliard korun ro\u010dn\u011b, uv\u00e1d\u00ed Ministerstvo \u017eivotn\u00edho prost\u0159ed\u00ed \u010cR.<\/p>\n<p>Ofici\u00e1ln\u011b se v\u00fdnosy z emisn\u00edch povolenek odv\u00e1d\u00ed do st\u00e1tn\u00edho rozpo\u010dtu ka\u017ed\u00e9 \u010dlensk\u00e9 zem\u011b EU a maj\u00ed se pou\u017e\u00edt na sni\u017eov\u00e1n\u00ed emis\u00ed. Ov\u0161em p\u0159esm\u011brov\u00e1n\u00ed t\u011bchto vybran\u00fdch pen\u011bz na jin\u00e9 \u00fa\u010dely je v pravomoci Evropsk\u00e9 komise, kter\u00e1 to provede ve chv\u00edli, kdy to bude pot\u0159eba. Tedy ve spr\u00e1vn\u00fd \u010das. A u\u017e to jednou ud\u011blala.<\/p>\n<h3>P\u0159ed m\u011bs\u00edcem EU komise p\u0159esm\u011brovala Covid-19 vakc\u00ednov\u00fd eurofond na zbrojen\u00ed. To sam\u00e9 se podle na\u0161eho bruselsk\u00e9ho zdroje chyst\u00e1 v bl\u00edzk\u00e9 dob\u011b s v\u00fdnosy z povolenek<\/h3>\n<p>Komise to ud\u011bl\u00e1 stejn\u011b, jako to ud\u011blala se pen\u011bzi vy\u010dlen\u011bn\u00fdmi na pandemii Covid-19. V\u00fdkonn\u00fd org\u00e1n EU ozn\u00e1mil \u010dlensk\u00fdm zem\u00edm, \u017ee mohou pou\u017e\u00edt stovky miliard eur na pomoc p\u0159i epidemii Covid-19 na financov\u00e1n\u00ed obrann\u00fdch projekt\u016f, co\u017e odr\u00e1\u017e\u00ed radik\u00e1ln\u00ed zm\u011bnu priorit od dob pandemie. Evropsk\u00e1 komise p\u0159ed m\u011bs\u00edcem 4. \u010dervna potvrdila\u00a0<strong>[<a href=\"https:\/\/href.li\/?https:\/\/www.politico.eu\/article\/change-spending-plans-or-risk-losing-billions-brussels-warns-eu-countries\/\" target=\"_blank\" rel=\"nofollow noopener\">3<\/a>]<\/strong>, \u017ee zem\u011b EU maj\u00ed do srpna 2026 splnit dohodnut\u00e9 c\u00edle ohledn\u011b spu\u0161t\u011bn\u00ed zbrojen\u00ed.<\/p>\n<p>A to proto, aby mohly z\u00edskat a\u017e 335 miliard eur z fondu Resilience and Recovery Facility (RRF) \u2013 a uvedla Ursula von der Leyen, \u017ee\u00a0<strong>nyn\u00ed budou moci b\u00fdt financov\u00e1ny projekty souvisej\u00edc\u00ed s obranou.<\/strong>\u00a0Komise tak umo\u017enila p\u0159esm\u011brovat pen\u00edze z fondu p\u016fvodn\u011b ur\u010den\u00e9ho na n\u00e1kupy vakc\u00edn a na pomoc firm\u00e1m po pandemick\u00e9 krizi na zbrojn\u00ed programy na p\u0159\u00edpravu v\u00e1lky s Ruskem. Tohle sam\u00e9 provede v ur\u010ditou chv\u00edli komise i s vybran\u00fdmi pen\u011bzi z emisn\u00edch povolenek. To je z\u00e1sadn\u00ed informace, kterou n\u00e1m posunul n\u00e1\u0161 zdroj z Bruselu.<\/p>\n<figure id=\"attachment_49012\" class=\"wp-caption aligncenter\" style=\"width: 714px;\"><a href=\"https:\/\/aeronet.news\/wp-content\/uploads\/UrsulaVonDerLeyenSpeech.jpg\"><img decoding=\"async\" loading=\"lazy\" class=\"wp-image-49012 \" src=\"https:\/\/aeronet.news\/wp-content\/uploads\/UrsulaVonDerLeyenSpeech-1024x576.jpg\" sizes=\"(max-width: 700px) 100vw, 700px\" srcset=\"https:\/\/aeronet.news\/wp-content\/uploads\/UrsulaVonDerLeyenSpeech-1024x576.jpg 1024w, https:\/\/aeronet.news\/wp-content\/uploads\/UrsulaVonDerLeyenSpeech-300x169.jpg 300w, https:\/\/aeronet.news\/wp-content\/uploads\/UrsulaVonDerLeyenSpeech-768x432.jpg 768w, https:\/\/aeronet.news\/wp-content\/uploads\/UrsulaVonDerLeyenSpeech-700x394.jpg 700w, https:\/\/aeronet.news\/wp-content\/uploads\/UrsulaVonDerLeyenSpeech-635x357.jpg 635w, https:\/\/aeronet.news\/wp-content\/uploads\/UrsulaVonDerLeyenSpeech-859x483.jpg 859w, https:\/\/aeronet.news\/wp-content\/uploads\/UrsulaVonDerLeyenSpeech.jpg 1280w\" alt=\"\" width=\"714\" height=\"402\" \/><\/a><figcaption class=\"wp-caption-text\">P\u0159ed p\u00e1r lety burcovala do vytvo\u0159en\u00ed fondu na n\u00e1kupy vakc\u00edn, aby zachr\u00e1nily Evropu p\u0159ed virem. Te\u010f ten fond p\u0159esm\u011brovala na zbrojen\u00ed, aby zbrojen\u00ed zachr\u00e1nilo Evropu p\u0159ed Ruskem<\/figcaption><\/figure>\n<p>Komise prost\u011b vyd\u00e1 prohl\u00e1\u0161en\u00ed, \u017ee odte\u010f mohou \u010dlensk\u00e9 zem\u011b v\u00fdnosy z prodeje povolenek pou\u017e\u00edt na obranu a na zbrojen\u00ed, jako komise u\u017e ozn\u00e1mila, \u017ee mohou pou\u017e\u00edt pen\u00edze z covidov\u00e9ho fondu. A to budou n\u011bjak\u00e9 v\u00fdvary. Podle na\u0161eho bruselsk\u00e9ho zdroje z\u00edskal tento pl\u00e1n na financov\u00e1n\u00ed zbrojen\u00ed podporu od v\u011bt\u0161iny \u010dlen\u016f EU. Tak\u017ee, je to venku.<\/p>\n<p>Cht\u011bj\u00ed v\u00e1lku s Ruskem, to v\u00edme dlouho. A te\u010f u\u017e i v\u00edme, kde vezmu pen\u00edze na zbrojen\u00ed. Nic se nezm\u011bnilo. Jan Hus kritizoval prodeje odpustk\u016f ze strany c\u00edrkve a byl za to nakonec up\u00e1len, \u017ee na tu svi\u0148\u00e1rnu p\u0159i sv\u00fdch k\u00e1z\u00e1n\u00edch upozor\u0148oval. My dnes upozor\u0148ujeme na svi\u0148\u00e1rnu prodeje odpustk\u016f za topen\u00ed a vydechov\u00e1n\u00ed CO2, aby m\u011bl Brusel pen\u00edze na zbrojen\u00ed. Nic se nezm\u011bnilo.<\/p>\n<h3>A pecka na z\u00e1v\u011br \u2013 Povolenky se prod\u00e1vaj\u00ed na Lipsk\u00e9 burze stejn\u011b jako \u010desk\u00e1 elekt\u0159ina. To bude drahota!<\/h3>\n<p>Pen\u00edze se z lid\u00ed vytahuj\u00ed po\u0159\u00e1d stejn\u00fdmi a podobn\u00fdmi triky.\u00a0<strong>Nejprve vyvol\u00e1te v lidech pocit viny a h\u0159\u00edchu, ale nab\u00eddnete jim vykoupen\u00ed. A kdyby n\u00e1hodou jste se necht\u011bli vykoupit, tak v\u00e1m to na\u0159\u00edd\u00ed sm\u011brnic\u00ed z Brusele!\u00a0<em>Mazel tov!<\/em><\/strong>\u00a0Z toho marasmu se jde dostat jen vystoupen\u00edm z EU. Ale referendum o vystoupen\u00ed z tohoto apar\u00e1tu m\u00e1 jen p\u00e1r stran. A to jsou SPD, KS\u010cM, Sta\u010dilo, N\u00e1rodn\u00ed Demokracie a Aliance N\u00e1rodn\u00edch Sil.<\/p>\n<p>Jist\u011b existuj\u00ed i dal\u0161\u00ed mimoparlamentn\u00ed strany, kter\u00e9 vystoupen\u00ed z EU mohou m\u00edt v programu.\u00a0Nov\u00e9 klimatick\u00e9 c\u00edle, kter\u00e9 navrhuje Evropsk\u00e1 komise, toti\u017e zdra\u017e\u00ed v p\u0159\u00edpad\u011b schv\u00e1len\u00ed topen\u00ed i dopravu. Nejv\u00fdrazn\u011bji se projev\u00ed na cen\u00e1ch tepla z kotl\u016f na uhl\u00ed, jeho\u017e ceny by mohly vzr\u016fst a\u017e o 30 procent.<\/p>\n<figure id=\"attachment_64055\" class=\"wp-caption aligncenter\" style=\"width: 715px;\"><a href=\"https:\/\/aeronet.news\/wp-content\/uploads\/eex_Lipsko.jpg\"><img decoding=\"async\" loading=\"lazy\" class=\"wp-image-64055 \" src=\"https:\/\/aeronet.news\/wp-content\/uploads\/eex_Lipsko-1024x685.jpg\" sizes=\"(max-width: 700px) 100vw, 700px\" srcset=\"https:\/\/aeronet.news\/wp-content\/uploads\/eex_Lipsko-1024x685.jpg 1024w, https:\/\/aeronet.news\/wp-content\/uploads\/eex_Lipsko-300x201.jpg 300w, https:\/\/aeronet.news\/wp-content\/uploads\/eex_Lipsko-768x514.jpg 768w, https:\/\/aeronet.news\/wp-content\/uploads\/eex_Lipsko-700x468.jpg 700w, https:\/\/aeronet.news\/wp-content\/uploads\/eex_Lipsko-534x357.jpg 534w, https:\/\/aeronet.news\/wp-content\/uploads\/eex_Lipsko-722x483.jpg 722w, https:\/\/aeronet.news\/wp-content\/uploads\/eex_Lipsko.jpg 1280w\" alt=\"\" width=\"715\" height=\"478\" \/><\/a><figcaption class=\"wp-caption-text\">S\u00eddlo burzy EEX v Lipsku<\/figcaption><\/figure>\n<p><strong>Ov\u0161em v tom nejsou zapo\u010dteny v\u00fdkyvy cen v povolenk\u00e1ch, proto\u017ee ETS\/ETS2 povolenky se prod\u00e1vaj\u00ed na Evropsk\u00e9 Energetick\u00e9 Burze (EEX) v Lipsku a\u00a0cenu ur\u010duje trh a spekulace.<\/strong>\u00a0Pokud bude vysok\u00e1 popt\u00e1vka po povolenk\u00e1ch, n\u00e1klady na provoz emisn\u00edch zdroj\u016f mohou b\u00fdt mnohem vy\u0161\u0161\u00ed. Prost\u011b n\u00e1rody\u00a0<em>goyim<\/em>\u00a0jsou sd\u00edr\u00e1ny z k\u016f\u017ee, ale to zjevn\u011b nesta\u010d\u00ed. Te\u010f cht\u011bj\u00ed lidi sd\u00edrat i za to, \u017ee si zatop\u00ed, nebo \u017ee si dojedou n\u011bkam autem.<\/p>\n<p>A ani to nesta\u010d\u00ed. Z tr\u017eby za prodeje emisn\u00edch odpustk\u016f se brzy zafinancuje v\u00e1lka s Ruskem. Eurofond na vakc\u00edny ji\u017e byl p\u0159esm\u011brov\u00e1n na zbrojen\u00ed, te\u010f jen \u010dekat, kdy p\u0159esm\u011bruj\u00ed fond s povolenkami. Trump prost\u011b dal ruce pry\u010d od smradlav\u00e9 Evropy a jej\u00ed spr\u00e1vci si st\u0159ihnou s rusk\u00fdm medv\u011bdem u\u017e brzy nov\u00fd tanec, na kter\u00fd nachystaj\u00ed 400+ milion\u016f obyvatel EU. A nejhor\u0161\u00ed je, \u017ee to zbrojen\u00ed nechaj\u00ed nejprve zaplatit vlastn\u00ed ob\u010dany, kter\u00e9 potom do t\u00e9 v\u00e1lky po\u0161lou padnout. To je na tom v podstat\u011b to nejmorbidn\u011bj\u0161\u00ed. Nosat\u00e9 pr\u00e1vo Lond\u00fdnsk\u00fdch kancel\u00e1\u0159\u00ed!<\/p>\n<p><a href=\"https:\/\/aeronet.news\/evropska-komise-chce-od-roku-2027-uvalit-emisni-povolenky-i-na-domacnosti-paliva-a-energie-vime-proc-brusel-tak-moc-usiluje-o-omezeni-produkce-sklenikovych-plynu-prestoze-eu-se-podili\/\">-VK-<\/a><\/p>\n<p>&nbsp;<\/p>\n","protected":false},"excerpt":{"rendered":"<p>Evropsk\u00e1 komise chce od roku 2027 uvalit emisn\u00ed povolenky i na dom\u00e1cnosti, paliva a energie!&#8230;<\/p>\n","protected":false},"author":2,"featured_media":82791,"comment_status":"closed","ping_status":"closed","sticky":false,"template":"","format":"standard","meta":[],"categories":[6],"tags":[1042,1490,41,4845],"_links":{"self":[{"href":"https:\/\/www.infokuryr.cz\/n\/wp-json\/wp\/v2\/posts\/82790"}],"collection":[{"href":"https:\/\/www.infokuryr.cz\/n\/wp-json\/wp\/v2\/posts"}],"about":[{"href":"https:\/\/www.infokuryr.cz\/n\/wp-json\/wp\/v2\/types\/post"}],"author":[{"embeddable":true,"href":"https:\/\/www.infokuryr.cz\/n\/wp-json\/wp\/v2\/users\/2"}],"replies":[{"embeddable":true,"href":"https:\/\/www.infokuryr.cz\/n\/wp-json\/wp\/v2\/comments?post=82790"}],"version-history":[{"count":0,"href":"https:\/\/www.infokuryr.cz\/n\/wp-json\/wp\/v2\/posts\/82790\/revisions"}],"wp:featuredmedia":[{"embeddable":true,"href":"https:\/\/www.infokuryr.cz\/n\/wp-json\/wp\/v2\/media\/82791"}],"wp:attachment":[{"href":"https:\/\/www.infokuryr.cz\/n\/wp-json\/wp\/v2\/media?parent=82790"}],"wp:term":[{"taxonomy":"category","embeddable":true,"href":"https:\/\/www.infokuryr.cz\/n\/wp-json\/wp\/v2\/categories?post=82790"},{"taxonomy":"post_tag","embeddable":true,"href":"https:\/\/www.infokuryr.cz\/n\/wp-json\/wp\/v2\/tags?post=82790"}],"curies":[{"name":"wp","href":"https:\/\/api.w.org\/{rel}","templated":true}]}}