{"id":82729,"date":"2025-07-03T06:28:21","date_gmt":"2025-07-03T04:28:21","guid":{"rendered":"https:\/\/www.infokuryr.cz\/n\/?p=82729"},"modified":"2025-07-03T06:28:21","modified_gmt":"2025-07-03T04:28:21","slug":"nemecky-prezident-vyzyva-k-zavedeni-vseobecne-vojenske-sluzby","status":"publish","type":"post","link":"https:\/\/www.infokuryr.cz\/n\/2025\/07\/03\/nemecky-prezident-vyzyva-k-zavedeni-vseobecne-vojenske-sluzby\/","title":{"rendered":"N\u011bmeck\u00fd prezident vyz\u00fdv\u00e1 k zaveden\u00ed v\u0161eobecn\u00e9 vojensk\u00e9 slu\u017eby"},"content":{"rendered":"<div id=\"fb-root\"><\/div>\n<div class=\"news-text-body\">\n<p class=\"lead\"><strong>N\u011bmeck\u00fd prezident Frank-Walter Steinmeier v rozhovoru pro den\u00edk M\u00e4rkische Allgemeine Zeitung podpo\u0159il diskusi o n\u00e1vratu v\u0161eobecn\u00e9 vojensk\u00e9 slu\u017eby v zemi.<\/strong><\/p>\n<p><span>V posledn\u00edch m\u011bs\u00edc\u00edch se n\u011bme\u010dt\u00ed politici opakovan\u011b vyslovovali pro n\u00e1vrat brann\u00e9 povinnosti v N\u011bmecku, vl\u00e1da se v\u0161ak v sou\u010dasn\u00e9 dob\u011b zam\u011b\u0159uje na zv\u00fd\u0161en\u00ed atraktivity smluvn\u00ed slu\u017eby v Bundeswehru.<\/span><\/p>\n<p><em>\u201eKa\u017ed\u00fd, kdo se d\u00edv\u00e1 na Evropu, mus\u00ed doj\u00edt k z\u00e1v\u011bru, \u017ee se mus\u00edme l\u00e9pe br\u00e1nit. Ochrana na\u0161ich z\u00e1jm\u016f, na\u0161\u00ed demokracie, na\u0161\u00ed svobody je d\u016fle\u017eit\u011bj\u0161\u00ed ne\u017e kdy jindy. Proto pot\u0159ebujeme diskusi o (n\u00e1vratu) brann\u00e9 povinnosti. V\u00edt\u00e1m, \u017ee nyn\u00ed prob\u00edh\u00e1,\u201c<span class=\"after-quote\">\u00a0\u2014 \u0159ekl prezident.<\/span><\/em><strong><span>N\u011bmeck\u00fd ministr obrany Boris Pistorius<\/span><\/strong><span> d\u0159\u00edve\u00a0uvedl, \u017ee N\u011bmecko bude pot\u0159ebovat dal\u0161\u00edch 50 000\u201360 000 voj\u00e1k\u016f, aby splnilo nov\u00e9 c\u00edlov\u00e9 hodnoty NATO. Z\u00e1rove\u0148 s\u00e1m d\u0159\u00edve uvedl, \u017ee N\u011bmecko v sou\u010dasn\u00e9 dob\u011b nem\u016f\u017ee znovu zav\u00e9st brannou povinnost kv\u016fli nedostatku kas\u00e1ren a mo\u017enost\u00ed v\u00fdcviku branc\u016f.<\/span><\/p>\n<p><span>Aktu\u00e1ln\u00ed c\u00edl pro po\u010det voj\u00e1k\u016f je 203 000, ale velikost n\u011bmeck\u00fdch ozbrojen\u00fdch sil se dva roky po sob\u011b sni\u017euje a v b\u0159eznu se pohybovala kolem 182 000. Navzdory \u010detn\u00fdm v\u00fdzv\u00e1m n\u011bmeck\u00fdch politik\u016f k obnoven\u00ed brann\u00e9 povinnosti, kter\u00e1 byla zru\u0161ena v roce 2011, kancl\u00e9\u0159\u00a0<\/span><strong><span>Friedrich Merz<\/span><\/strong><span>\u00a0v dubnu prohl\u00e1sil, \u017ee vojensk\u00e1 slu\u017eba z\u016fstane dobrovoln\u00e1.<\/span><\/p>\n<\/div>\n<p><img decoding=\"async\" loading=\"lazy\" class=\"alignnone size-full wp-image-1185\" src=\"http:\/\/www.infokuryr.cz\/n\/wp-content\/uploads\/2021\/04\/kuryr-podpis.png\" alt=\"\" width=\"84\" height=\"24\" \/><\/p>\n<p>&nbsp;<\/p>\n","protected":false},"excerpt":{"rendered":"<p>N\u011bmeck\u00fd prezident Frank-Walter Steinmeier v rozhovoru pro den\u00edk M\u00e4rkische Allgemeine Zeitung podpo\u0159il diskusi o n\u00e1vratu&#8230;<\/p>\n","protected":false},"author":2,"featured_media":26787,"comment_status":"closed","ping_status":"closed","sticky":false,"template":"","format":"standard","meta":[],"categories":[7],"tags":[84,165,4130],"_links":{"self":[{"href":"https:\/\/www.infokuryr.cz\/n\/wp-json\/wp\/v2\/posts\/82729"}],"collection":[{"href":"https:\/\/www.infokuryr.cz\/n\/wp-json\/wp\/v2\/posts"}],"about":[{"href":"https:\/\/www.infokuryr.cz\/n\/wp-json\/wp\/v2\/types\/post"}],"author":[{"embeddable":true,"href":"https:\/\/www.infokuryr.cz\/n\/wp-json\/wp\/v2\/users\/2"}],"replies":[{"embeddable":true,"href":"https:\/\/www.infokuryr.cz\/n\/wp-json\/wp\/v2\/comments?post=82729"}],"version-history":[{"count":0,"href":"https:\/\/www.infokuryr.cz\/n\/wp-json\/wp\/v2\/posts\/82729\/revisions"}],"wp:featuredmedia":[{"embeddable":true,"href":"https:\/\/www.infokuryr.cz\/n\/wp-json\/wp\/v2\/media\/26787"}],"wp:attachment":[{"href":"https:\/\/www.infokuryr.cz\/n\/wp-json\/wp\/v2\/media?parent=82729"}],"wp:term":[{"taxonomy":"category","embeddable":true,"href":"https:\/\/www.infokuryr.cz\/n\/wp-json\/wp\/v2\/categories?post=82729"},{"taxonomy":"post_tag","embeddable":true,"href":"https:\/\/www.infokuryr.cz\/n\/wp-json\/wp\/v2\/tags?post=82729"}],"curies":[{"name":"wp","href":"https:\/\/api.w.org\/{rel}","templated":true}]}}