{"id":8272,"date":"2022-02-13T05:29:28","date_gmt":"2022-02-13T04:29:28","guid":{"rendered":"http:\/\/www.infokuryr.cz\/n\/?p=8272"},"modified":"2022-02-13T05:29:28","modified_gmt":"2022-02-13T04:29:28","slug":"le-monde-usa-jsou-kolem-ukrajiny-cim-dal-alarmistictejsi","status":"publish","type":"post","link":"https:\/\/www.infokuryr.cz\/n\/2022\/02\/13\/le-monde-usa-jsou-kolem-ukrajiny-cim-dal-alarmistictejsi\/","title":{"rendered":"Le Monde: USA jsou kolem Ukrajiny \u010d\u00edm d\u00e1l alarmisti\u010dt\u011bj\u0161\u00ed"},"content":{"rendered":"<div id=\"fb-root\"><\/div>\n<p>Alespo\u0148 ti \u010ce\u0161i, kte\u0159\u00ed maj\u00ed za to, \u017ee pat\u0159\u00edme do Z\u00e1padn\u00ed Evropy a ne do USA nebo na V\u00fdchod, by se nem\u011bli nechat balamutit anglosask\u00fdmi kydy, kter\u00fdm tolik holduj\u00ed na\u0161e mnoh\u00e1 m\u00e9dia a mnoz\u00ed politici. Kdo jim ostatn\u011b dal pouvoir k Czexitu nedr\u017eet se EU a papou\u0161kovat pochybn\u00e9 kydy z USA a Brit\u00e1nie?<\/p>\n<p>Z\u00e1padoevropsk\u00e1 m\u00e9dia (ale i ukrajinsk\u00e1) hodila s \u00fasm\u011b\u0161kem prohl\u00e1\u0161en\u00ed americk\u00e9ho vl\u00e1dn\u00edho bezpe\u010dnostn\u00edho poradce Jaka Sullivana, \u017ee Rusko tedy u\u017e kone\u010dn\u011b a definitivn\u011b za\u00fato\u010d\u00ed ve st\u0159edu,\u00a0 do ko\u0161e. Nap\u0159. francouzsk\u00fd vlajkov\u00fd Le Monde to otitulkoval, \u017ee USA jsou kolem krize na Ukrajin\u011b st\u00e1le alarmisti\u010dt\u011bj\u0161\u00ed\u00a0(<strong><em>Les Etats-Unis toujours plus alarmistes sur la crise en Ukraine<\/em><\/strong>).<\/p>\n<p><a href=\"https:\/\/www.lemonde.fr\/international\/article\/2022\/02\/12\/les-etats-unis-toujours-plus-alarmistes-sur-la-crise-en-ukraine_6113368_3210.html\">ZDROJ<\/a><\/p>\n<p>&nbsp;<\/p>\n","protected":false},"excerpt":{"rendered":"<p>Alespo\u0148 ti \u010ce\u0161i, kte\u0159\u00ed maj\u00ed za to, \u017ee pat\u0159\u00edme do Z\u00e1padn\u00ed Evropy a ne do&#8230;<\/p>\n","protected":false},"author":2,"featured_media":1478,"comment_status":"closed","ping_status":"closed","sticky":false,"template":"","format":"standard","meta":[],"categories":[7],"tags":[158,1051,37,365],"_links":{"self":[{"href":"https:\/\/www.infokuryr.cz\/n\/wp-json\/wp\/v2\/posts\/8272"}],"collection":[{"href":"https:\/\/www.infokuryr.cz\/n\/wp-json\/wp\/v2\/posts"}],"about":[{"href":"https:\/\/www.infokuryr.cz\/n\/wp-json\/wp\/v2\/types\/post"}],"author":[{"embeddable":true,"href":"https:\/\/www.infokuryr.cz\/n\/wp-json\/wp\/v2\/users\/2"}],"replies":[{"embeddable":true,"href":"https:\/\/www.infokuryr.cz\/n\/wp-json\/wp\/v2\/comments?post=8272"}],"version-history":[{"count":0,"href":"https:\/\/www.infokuryr.cz\/n\/wp-json\/wp\/v2\/posts\/8272\/revisions"}],"wp:featuredmedia":[{"embeddable":true,"href":"https:\/\/www.infokuryr.cz\/n\/wp-json\/wp\/v2\/media\/1478"}],"wp:attachment":[{"href":"https:\/\/www.infokuryr.cz\/n\/wp-json\/wp\/v2\/media?parent=8272"}],"wp:term":[{"taxonomy":"category","embeddable":true,"href":"https:\/\/www.infokuryr.cz\/n\/wp-json\/wp\/v2\/categories?post=8272"},{"taxonomy":"post_tag","embeddable":true,"href":"https:\/\/www.infokuryr.cz\/n\/wp-json\/wp\/v2\/tags?post=8272"}],"curies":[{"name":"wp","href":"https:\/\/api.w.org\/{rel}","templated":true}]}}