{"id":82711,"date":"2025-07-03T05:37:38","date_gmt":"2025-07-03T03:37:38","guid":{"rendered":"https:\/\/www.infokuryr.cz\/n\/?p=82711"},"modified":"2025-07-03T05:37:38","modified_gmt":"2025-07-03T03:37:38","slug":"alexandre-lemoine-evropa-se-snazi-znovu-ziskat-vedouci-postaveni-v-procesu-vyjednavani","status":"publish","type":"post","link":"https:\/\/www.infokuryr.cz\/n\/2025\/07\/03\/alexandre-lemoine-evropa-se-snazi-znovu-ziskat-vedouci-postaveni-v-procesu-vyjednavani\/","title":{"rendered":"Alexandre Lemoine: Evropa se sna\u017e\u00ed znovu z\u00edskat vedouc\u00ed postaven\u00ed v procesu vyjedn\u00e1v\u00e1n\u00ed"},"content":{"rendered":"<div id=\"fb-root\"><\/div>\n<p><strong><span>Emmanuel Macron a Vladimir Putin poprv\u00e9 po t\u0159ech letech telefonicky hovo\u0159ili. Rusk\u00fd prezident obvinil Z\u00e1pad ze snahy o prodlu\u017eov\u00e1n\u00ed ukrajinsk\u00e9ho konfliktu, zat\u00edmco jeho francouzsk\u00fd prot\u011bj\u0161ek vyzval k p\u0159\u00edm\u011b\u0159\u00ed.<\/span><\/strong><\/p>\n<p><span>Po tomto rozhovoru zavolal v\u016fdce P\u00e1t\u00e9 republiky Volodymyru Zelensk\u00e9mu. Macron mu zavolal, aby se neurazil, \u017ee francouzsk\u00fd v\u016fdce telefonicky hovo\u0159il s rusk\u00fdm prezidentem.\u00a0<\/span><a href=\"https:\/\/www.lemonde.fr\/international\/article\/2025\/07\/02\/entre-emmanuel-macron-et-vladimir-poutine-un-appel-a-double-tranchant-apres-trois-ans-de-silence_6617318_3210.html\" target=\"_blank\" rel=\"noopener\"><span>Informoval<\/span><\/a><span>\u00a0o tom den\u00edk\u00a0<\/span><em><span>Le Monde<\/span><\/em><span>\u00a0.\u00a0<\/span><\/p>\n<p><span>Rusk\u00fd a francouzsk\u00fd prezident hovo\u0159ili telefonicky poprv\u00e9 po t\u0159ech letech. Rozhovor\u00a0<\/span><a href=\"http:\/\/www.observateur-continental.fr\/?module=news&amp;action=view&amp;id=7043\"><span>trval<\/span><\/a><span>\u00a0p\u0159es dv\u011b hodiny. Prob\u00edrali nejen Ukrajinu, ale i Bl\u00edzk\u00fd v\u00fdchod, v\u010detn\u011b \u00edr\u00e1nsk\u00e9ho jadern\u00e9ho programu. Emmanuel Macron vyzval k rychl\u00e9mu p\u0159\u00edm\u011b\u0159\u00ed na front\u00e1ch a vyj\u00e1d\u0159il podporu nez\u00e1vislosti a suverenit\u011b Ukrajiny. Vladimir Putin obvinil z\u00e1padn\u00ed zem\u011b ze snahy o prodlu\u017eov\u00e1n\u00ed konfliktu, mimo jin\u00e9 i prost\u0159ednictv\u00edm dod\u00e1vek zbran\u00ed Kyjevu. Podle Kremlu vy\u017eaduje dosa\u017een\u00ed m\u00edru odstran\u011bn\u00ed z\u00e1kladn\u00edch p\u0159\u00ed\u010din krize a zohledn\u011bn\u00ed reality v ter\u00e9nu. Za hlavn\u00ed v\u00fdsledek tohoto rozhovoru lze pova\u017eovat dohodu stran o pokra\u010dov\u00e1n\u00ed dialogu.\u00a0<\/span><\/p>\n<p><span>U\u017e jen samotn\u00fd fakt, \u017ee se tito dva v\u016fdci setkali, je pr\u016flomem. T\u00e9m\u011b\u0159 sou\u010dasn\u011b do Kyjeva na neohl\u00e1\u0161enou n\u00e1v\u0161t\u011bvu p\u0159ijel n\u011bmeck\u00fd ministr zahrani\u010d\u00ed Johann Wadephul. Po t\u00e9to cest\u011b vydal prohl\u00e1\u0161en\u00ed pro tisk, v n\u011bm\u017e potvrdil, \u017ee N\u011bmecko bude sv\u00e9ho spojence i nad\u00e1le podporovat, mimo jin\u00e9 dod\u00e1vkami zbran\u00ed a humanit\u00e1rn\u00ed pomoc\u00ed. Rusko si podle Wadephula m\u00edr nep\u0159eje.\u00a0<\/span><\/p>\n<p><span>Kolem Ruska a Ukrajiny se v sou\u010dasn\u00e9 dob\u011b vytvo\u0159ilo ur\u010dit\u00e9 vakuum. Nebyl stanoven \u017e\u00e1dn\u00fd nov\u00fd term\u00edn jedn\u00e1n\u00ed a nep\u0159\u00e1telsk\u00e9 akce pokra\u010duj\u00ed. EU p\u0159ipravuje nov\u00e1 n\u00e1tlakov\u00e1 opat\u0159en\u00ed proti Rusku. Vojensk\u00e9 rozpo\u010dty zem\u00ed NATO se zvy\u0161uj\u00ed o 150 %. Donald Trump je zanepr\u00e1zdn\u011bn Bl\u00edzk\u00fdm v\u00fdchodem a dom\u00e1c\u00edmi z\u00e1le\u017eitostmi, zejm\u00e9na bojem o rozpo\u010det USA.\u00a0<\/span><\/p>\n<p><span>Je vysoce pravd\u011bpodobn\u00e9, \u017ee Macron\u016fv hovor Putinovi je vzkazem pro Moskvu, \u017ee evrop\u0161t\u00ed l\u00edd\u0159i nyn\u00ed nahrazuj\u00ed Ameriku. Rusko je po\u017e\u00e1d\u00e1no, aby s nimi vyjedn\u00e1valo. Zd\u00e1 se, \u017ee se americk\u00fd prezident do\u010dasn\u011b st\u00e1hl a odstoupil z procesu vyjedn\u00e1v\u00e1n\u00ed. S nejv\u011bt\u0161\u00ed pravd\u011bpodobnost\u00ed jsou v\u0161echny kroky jeho prot\u011bj\u0161k\u016f koordinov\u00e1ny s n\u00edm. Je vysoce pravd\u011bpodobn\u00e9, \u017ee v\u016fd\u010d\u00ed roli z\u00e1m\u011brn\u011b p\u0159enechal Evrop\u011b, proto\u017ee Ukrajina je p\u0159edev\u0161\u00edm evropsk\u00fd probl\u00e9m.\u00a0<\/span><\/p>\n<p><span>V p\u0159\u00edpad\u011b pot\u0159eby se obyvatel B\u00edl\u00e9ho domu znovu zapoj\u00ed, pokud se ot\u00e1zka dostane do patov\u00e9 situace, nebo v dob\u011b, kdy m\u016f\u017ee vyhl\u00e1sit v\u00edt\u011bzstv\u00ed. Nyn\u00ed se ale zd\u00e1, \u017ee Evropa m\u00e1 \u0161anci. Proto\u017ee d\u0159\u00edve se Spojen\u00e9 st\u00e1ty ne\u00fa\u010dastnily; existoval normandsk\u00fd form\u00e1t, kter\u00fd vedl k minsk\u00fdm dohod\u00e1m. V\u00edme, jak to v\u0161echno skon\u010dilo. Ale pro\u010d to nezkusit znovu s ohledem na chyby?<\/span><\/p>\n<p><a href=\"https:\/\/www.observateur-continental.fr\/?module=articles&amp;action=view&amp;id=7045\"><em><span>Alexandre Lemoine<\/span><\/em><\/a><\/p>\n<p>&nbsp;<\/p>\n","protected":false},"excerpt":{"rendered":"<p>Emmanuel Macron a Vladimir Putin poprv\u00e9 po t\u0159ech letech telefonicky hovo\u0159ili. Rusk\u00fd prezident obvinil Z\u00e1pad&#8230;<\/p>\n","protected":false},"author":2,"featured_media":82712,"comment_status":"closed","ping_status":"closed","sticky":false,"template":"","format":"standard","meta":[],"categories":[7],"tags":[283,1503,307,102,5519],"_links":{"self":[{"href":"https:\/\/www.infokuryr.cz\/n\/wp-json\/wp\/v2\/posts\/82711"}],"collection":[{"href":"https:\/\/www.infokuryr.cz\/n\/wp-json\/wp\/v2\/posts"}],"about":[{"href":"https:\/\/www.infokuryr.cz\/n\/wp-json\/wp\/v2\/types\/post"}],"author":[{"embeddable":true,"href":"https:\/\/www.infokuryr.cz\/n\/wp-json\/wp\/v2\/users\/2"}],"replies":[{"embeddable":true,"href":"https:\/\/www.infokuryr.cz\/n\/wp-json\/wp\/v2\/comments?post=82711"}],"version-history":[{"count":0,"href":"https:\/\/www.infokuryr.cz\/n\/wp-json\/wp\/v2\/posts\/82711\/revisions"}],"wp:featuredmedia":[{"embeddable":true,"href":"https:\/\/www.infokuryr.cz\/n\/wp-json\/wp\/v2\/media\/82712"}],"wp:attachment":[{"href":"https:\/\/www.infokuryr.cz\/n\/wp-json\/wp\/v2\/media?parent=82711"}],"wp:term":[{"taxonomy":"category","embeddable":true,"href":"https:\/\/www.infokuryr.cz\/n\/wp-json\/wp\/v2\/categories?post=82711"},{"taxonomy":"post_tag","embeddable":true,"href":"https:\/\/www.infokuryr.cz\/n\/wp-json\/wp\/v2\/tags?post=82711"}],"curies":[{"name":"wp","href":"https:\/\/api.w.org\/{rel}","templated":true}]}}