{"id":8269,"date":"2022-02-13T05:14:18","date_gmt":"2022-02-13T04:14:18","guid":{"rendered":"http:\/\/www.infokuryr.cz\/n\/?p=8269"},"modified":"2022-02-13T05:14:18","modified_gmt":"2022-02-13T04:14:18","slug":"ct-kdo-vas-plati-za-propagandu-verejnopravni-televize-desi-cesko-ruskou-invazi","status":"publish","type":"post","link":"https:\/\/www.infokuryr.cz\/n\/2022\/02\/13\/ct-kdo-vas-plati-za-propagandu-verejnopravni-televize-desi-cesko-ruskou-invazi\/","title":{"rendered":"\u201e\u010cT, kdo V\u00e1s plat\u00ed za propagandu?\u201c Ve\u0159ejnopr\u00e1vn\u00ed televize d\u011bs\u00ed \u010cesko \u201eruskou invaz\u00ed\u201c"},"content":{"rendered":"<div id=\"fb-root\"><\/div>\n<p><strong>Rusk\u00e1 invaze na Ukrajinu m\u016f\u017ee nastat co nevid\u011bt, zn\u011bj\u00ed zpr\u00e1vy \u010cesk\u00e9 televize. Podle \u0159ady diskutuj\u00edc\u00edch na Facebooku je ale pravda n\u011bkde jinde. Mnoz\u00ed si toti\u017e mysl\u00ed, \u017ee za sou\u010dasnou kriz\u00ed stoj\u00ed Spojen\u00e9 st\u00e1ty.<\/strong><\/p>\n<p>\u201eRusk\u00fd<strong>\u00a0\u00fatok na Ukrajinu<\/strong>\u00a0by mohl za\u010d\u00edt kdykoli v nadch\u00e1zej\u00edc\u00edch dnech, pravd\u011bpodobn\u011b leteck\u00fdmi \u00fadery,\u201c stoj\u00ed hned v \u00favodu jedn\u00e9 z posledn\u00edch zpr\u00e1v na \u010cT24 o\u00a0situaci na Ukrajin\u011b. S t\u00edmto tvrzen\u00edm p\u0159i\u0161el v p\u00e1tek bezpe\u010dnostn\u00ed poradce B\u00edl\u00e9ho domu Jake Sullivan.<\/p>\n<p>Spojen\u00e9 st\u00e1ty ji\u017e vyzvaly sv\u00e9 ob\u010dany, kte\u0159\u00ed je\u0161t\u011b Ukrajinu neopustili, aby tak u\u010dinili do 24 a\u017e 48 hodin. Ke stejn\u00e9 v\u00fdzv\u011b se odhodlaly tak\u00e9 Nizozemsko, Japonsko, Loty\u0161sko a Velk\u00e1 Brit\u00e1nie.<\/p>\n<p>Rusko naopak z vyvol\u00e1v\u00e1n\u00ed nap\u011bt\u00ed obvi\u0148uje Spojen\u00e9 st\u00e1ty. Zpr\u00e1vy o \u00fadajn\u00e9\u00a0rusk\u00e9 invazi\u00a0na Ukrajinu ozna\u010duje Moskva za le\u017e.<\/p>\n<p>Medi\u00e1ln\u00ed panika zat\u00edm nep\u0159esv\u011bd\u010dila ani zna\u010dnou \u010d\u00e1st diskutuj\u00edc\u00edch na facebookov\u00e9m kan\u00e1lu \u010cT24.<\/p>\n<p><em>\u201eV\u017edy\u0165 to v\u0161ichni v\u011bd\u00ed, \u017ee Ukrajina je jen z\u00e1minka, aby am\u00edci mohli v\u00e1l\u010dit, v\u0161ude jinde u\u017e v\u0161echno ukradli a nic po nich nezbylo, jen je\u0161t\u011b Rusko m\u00e1 suroviny&#8230;\u201c vyj\u00e1d\u0159ila n\u00e1zor u\u017eivatelka.<\/em><\/p>\n<p><em>\u201eMysleli jste invaze USA a EU na hranice Ruska,\u201c uvedla dal\u0161\u00ed.<\/em><\/p>\n<p><em>\u201eV\u00edte, co mus\u00ed neust\u00e1le dopl\u0148ovat humanit\u00e1rn\u00ed mise USA? Munici!\u201c napsal u\u017eivatel.<\/em><\/p>\n<p><em>\u201e\u010cT, kdo V\u00e1s plat\u00ed za propagandu?\u201c zazn\u011bl dotaz.<\/em><\/p>\n<p><em>\u201e\u017de ti Am\u00edci p\u0159esn\u011b v\u011bd\u00ed den i hodinu \u00fatoku. Zaj\u00edmav\u00e9&#8230;\u201c dotazuje se dal\u0161\u00ed.<\/em><\/p>\n<p><em>\u201eJestli k n\u011b\u010demu dojde, tak vyprovokuje n\u011bjak\u00fd idiot bez IQ, ale Rusko to nebude! Douf\u00e1m, \u017ee rozum bude m\u00edt navrch!\u201c zazn\u011bl n\u00e1zor v koment\u00e1\u0159\u00edch.<\/em><\/p>\n<p><em>\u201e\u010cT 24 a ostatn\u00ed r\u00e1doby zpr\u00e1va\u0159e by m\u011bli soudit za roz\u0161i\u0159ov\u00e1n\u00ed popla\u0161n\u00fdch zpr\u00e1v a dezinformac\u00ed!!!\u201c oso\u010dilase u\u017eivatelka na novin\u00e1\u0159e.<\/em><\/p>\n<p>Do diskuze se zapojila i europoslankyn\u011b KS\u010cM Kate\u0159ina Kone\u010dn\u00e1.<\/p>\n<p><em>\u201eMysl\u00edm, \u017ee jakmile spat\u0159\u00ed voj\u00e1ka Lipavsk\u00e9ho, tak z Ukrajiny budou prchat v\u0161ichni\u2026 Ameri\u010dan\u00e9 opravdu z\u00e1sadn\u00edm zp\u016fsobem zklid\u0148uj\u00ed situaci. P\u0159esuny voj\u00e1k\u016f tomu hodn\u011b pom\u00e1haj\u00ed. Yankee, go home,\u201c vyzvala europoslankyn\u011b.<\/em><\/p>\n<p><strong>Nap\u011bt\u00ed na Ukrajin\u011b<\/strong><\/p>\n<p>Posledn\u00ed m\u011bs\u00edce Kyjev a z\u00e1padn\u00ed st\u00e1ty vyjad\u0159uj\u00ed znepokojen\u00ed nad \u00fadajn\u00fdm n\u00e1r\u016fstem \u201eagresivn\u00edch akc\u00ed\u201c Ruska v bl\u00edzkosti hranic Ukrajiny. Rusko takov\u00e1 obvin\u011bn\u00ed opakovan\u011b odm\u00edtlo a uvedlo, \u017ee jsou vyu\u017e\u00edv\u00e1na jako z\u00e1minka k rozm\u00edst\u011bn\u00ed dal\u0161\u00edho vojensk\u00e9ho materi\u00e1lu NATO v bl\u00edzkosti rusk\u00fdch hranic. Tiskov\u00fd mluv\u010d\u00ed prezidenta Rusk\u00e9 federace Dmitrij Peskov uvedl, \u017ee Rusko p\u0159esouv\u00e1 vojska na sv\u00e9m \u00fazem\u00ed a dle vlastn\u00edho uv\u00e1\u017een\u00ed, co\u017e nikoho neohro\u017euje a nikoho by to nem\u011blo znepokojovat.<\/p>\n<p>Jak ji\u017e d\u0159\u00edve \u0159ekl rusk\u00fd ministr zahrani\u010d\u00ed Sergej Lavrov, Rusko nevytv\u00e1\u0159\u00ed \u017e\u00e1dn\u00e9 z\u00e1minky pro konfliktn\u00ed situaci kolem Ukrajiny. Rusko podle n\u011bj nevylu\u010duje, \u017ee Z\u00e1padem vychvalovan\u00e1 hysterie kolem Ukrajiny m\u00e1 za c\u00edl pokr\u00fdt kyjevskou linii sabotov\u00e1n\u00ed minsk\u00fdch dohod o Donbasu. Kreml poznamenal, \u017ee informa\u010dn\u00ed hysterie USA a NATO o Ukrajin\u011b je velkoryse or\u00e1movan\u00e1 l\u017eemi a fejky.<\/p>\n<p>Mezit\u00edm na konci roku 2021 Rusko zve\u0159ejnilo n\u00e1vrhy smlouvy se Spojen\u00fdmi st\u00e1ty a dohody s NATO o bezpe\u010dnostn\u00edch z\u00e1ruk\u00e1ch. Zejm\u00e9na Moskva od sv\u00fdch z\u00e1padn\u00edch partner\u016f po\u017eaduje pr\u00e1vn\u00ed z\u00e1ruky odm\u00edtnut\u00ed dal\u0161\u00edho roz\u0161i\u0159ov\u00e1n\u00ed NATO na v\u00fdchod, p\u0159ipojen\u00ed Ukrajiny k alianci a z\u0159\u00edzen\u00ed vojensk\u00fdch z\u00e1kladen v postsov\u011btsk\u00fdch zem\u00edch. N\u00e1vrhy tak\u00e9 obsahuj\u00ed klauzuli o nerozm\u00edst\u011bn\u00ed \u00fato\u010dn\u00fdch zbran\u00ed NATO v bl\u00edzkosti hranic Ruska a sta\u017een\u00ed alian\u010dn\u00edch sil ve v\u00fdchodn\u00ed Evrop\u011b na pozice z roku 1997.<\/p>\n<p><a href=\"https:\/\/cz.sputniknews.com\/20220212\/ct-kdo-vas-plati-za-propagandu-verejnopravni-televize-desi-cesko-ruskou-invazi-17590734.html\">ZDROJ<\/a><\/p>\n<p>&nbsp;<\/p>\n","protected":false},"excerpt":{"rendered":"<p>Rusk\u00e1 invaze na Ukrajinu m\u016f\u017ee nastat co nevid\u011bt, zn\u011bj\u00ed zpr\u00e1vy \u010cesk\u00e9 televize. Podle \u0159ady diskutuj\u00edc\u00edch&#8230;<\/p>\n","protected":false},"author":2,"featured_media":699,"comment_status":"closed","ping_status":"closed","sticky":false,"template":"","format":"standard","meta":[],"categories":[6],"tags":[47,39,896,1051,22,26,37],"_links":{"self":[{"href":"https:\/\/www.infokuryr.cz\/n\/wp-json\/wp\/v2\/posts\/8269"}],"collection":[{"href":"https:\/\/www.infokuryr.cz\/n\/wp-json\/wp\/v2\/posts"}],"about":[{"href":"https:\/\/www.infokuryr.cz\/n\/wp-json\/wp\/v2\/types\/post"}],"author":[{"embeddable":true,"href":"https:\/\/www.infokuryr.cz\/n\/wp-json\/wp\/v2\/users\/2"}],"replies":[{"embeddable":true,"href":"https:\/\/www.infokuryr.cz\/n\/wp-json\/wp\/v2\/comments?post=8269"}],"version-history":[{"count":0,"href":"https:\/\/www.infokuryr.cz\/n\/wp-json\/wp\/v2\/posts\/8269\/revisions"}],"wp:featuredmedia":[{"embeddable":true,"href":"https:\/\/www.infokuryr.cz\/n\/wp-json\/wp\/v2\/media\/699"}],"wp:attachment":[{"href":"https:\/\/www.infokuryr.cz\/n\/wp-json\/wp\/v2\/media?parent=8269"}],"wp:term":[{"taxonomy":"category","embeddable":true,"href":"https:\/\/www.infokuryr.cz\/n\/wp-json\/wp\/v2\/categories?post=8269"},{"taxonomy":"post_tag","embeddable":true,"href":"https:\/\/www.infokuryr.cz\/n\/wp-json\/wp\/v2\/tags?post=8269"}],"curies":[{"name":"wp","href":"https:\/\/api.w.org\/{rel}","templated":true}]}}