{"id":82688,"date":"2025-07-03T00:25:03","date_gmt":"2025-07-02T22:25:03","guid":{"rendered":"https:\/\/www.infokuryr.cz\/n\/?p=82688"},"modified":"2025-07-02T15:33:22","modified_gmt":"2025-07-02T13:33:22","slug":"iran-podezriva-azerbajdzan-z-prime-podpory-izraelskych-uderu","status":"publish","type":"post","link":"https:\/\/www.infokuryr.cz\/n\/2025\/07\/03\/iran-podezriva-azerbajdzan-z-prime-podpory-izraelskych-uderu\/","title":{"rendered":"\u00cdr\u00e1n podez\u0159\u00edv\u00e1 \u00c1zerb\u00e1jd\u017e\u00e1n z p\u0159\u00edm\u00e9 podpory izraelsk\u00fdch \u00fader\u016f"},"content":{"rendered":"<div id=\"fb-root\"><\/div>\n<p><strong><span>Nap\u011bt\u00ed mezi \u00cdr\u00e1nem a \u00c1zerb\u00e1jd\u017e\u00e1nem nar\u016fst\u00e1 uprost\u0159ed podez\u0159en\u00ed v Teher\u00e1nu, \u017ee Baku umo\u017enilo izraelsk\u00e9 arm\u00e1d\u011b v jeho vzdu\u0161n\u00e9m prostoru prov\u00e1d\u011bt ned\u00e1vn\u00e9 \u00fadery na \u00edr\u00e1nsk\u00e9 \u00fazem\u00ed b\u011bhem ned\u00e1vn\u00e9 12denn\u00ed v\u00e1lky.<\/span><\/strong><\/p>\n<p><span>Izrael zah\u00e1jil v\u00e1lku 13. \u010dervna s t\u00edm, \u017ee jeho c\u00edlem je ochromit \u00edr\u00e1nsk\u00fd jadern\u00fd program. P\u0159\u00edm\u011b\u0159\u00ed bylo n\u00e1hle vyhl\u00e1\u0161eno 24. \u010dervna, pouh\u00e9 dva dny pot\u00e9, co se Spojen\u00e9 st\u00e1ty zapojily do v\u00e1lky \u00fatokem na t\u0159i kl\u00ed\u010dov\u00e1 jadern\u00e1 za\u0159\u00edzen\u00ed v Isl\u00e1msk\u00e9 republice.<\/span><\/p>\n<p><span>\u00cdr\u00e1nsk\u00fd velvyslanec v Arm\u00e9nii Mehdi Sobhani 28. \u010dervna prozradil, \u017ee Teher\u00e1n po\u017e\u00e1dal Baku o proveden\u00ed d\u016fkladn\u00e9ho vy\u0161et\u0159ov\u00e1n\u00ed, zda izraelsk\u00e9 drony b\u011bhem v\u00e1lky vnikly do \u00edr\u00e1nsk\u00e9ho vzdu\u0161n\u00e9ho prostoru z \u00c1zerb\u00e1jd\u017e\u00e1nu.<\/span><\/p>\n<p><em>\u201eNepotvrzujeme n\u011bkter\u00e9 informace a zpr\u00e1vy zve\u0159ejn\u011bn\u00e9 ur\u010dit\u00fdmi zdroji v tomto ohledu\u2026 Jakmile se vyjasn\u00ed v\u0161echny aspekty situace, rozhodneme se o na\u0161\u00ed reakci,\u201c \u0159ekl velvyslanec na tiskov\u00e9 konferenci v N\u00e1rodn\u00edm tiskov\u00e9m klubu v Jerevanu, uvedla tiskov\u00e1 agentura Fars.<\/em><\/p>\n<p><em>\u201eNedovolili jsme, aby bylo \u00edr\u00e1nsk\u00e9 \u00fazem\u00ed vyu\u017e\u00edv\u00e1no k takov\u00fdm \u00fa\u010del\u016fm. Pokud \u00c1zerb\u00e1jd\u017e\u00e1n takov\u00e9 povolen\u00ed ud\u011blil, mus\u00ed v souladu s mezin\u00e1rodn\u00edm pr\u00e1vem poskytnout vysv\u011btlen\u00ed,\u201c dodal.<\/em><\/p>\n<p><span>Sobhani uvedl, \u017ee \u00edr\u00e1nsk\u00e9 tajn\u00e9 slu\u017eby obdr\u017eely informace nazna\u010duj\u00edc\u00ed, \u017ee mal\u00fd po\u010det izraelsk\u00fdch dron\u016f p\u0159elet\u011bl do \u00cdr\u00e1nu ze sousedn\u00edch zem\u00ed.<\/span><\/p>\n<p><span>V d\u016fsledku toho, jak uvedl, \u00edr\u00e1nsk\u00fd prezident Mas\u00fad Peze\u0161kijan nastolil tuto ot\u00e1zku v telefon\u00e1tu se sv\u00fdm \u00e1zerb\u00e1jd\u017e\u00e1nsk\u00fdm prot\u011bj\u0161kem Ilhamem Alijevem a po\u017e\u00e1dal o seri\u00f3zn\u00ed vy\u0161et\u0159ov\u00e1n\u00ed.<\/span><\/p>\n<p><span>\u00c1zerb\u00e1jd\u017e\u00e1n podle Sobhaniho ujistil \u00cdr\u00e1n, \u017ee nedovol\u00ed, aby jeho \u00fazem\u00ed bylo pou\u017eito proti n\u011bmu, a zd\u016fraznil, \u017ee Teher\u00e1n pot\u0159ebuje p\u0159ed odpov\u011bd\u00ed obdr\u017eet p\u0159esn\u00e9 informace.<\/span><\/p>\n<div id=\"attachment_224416\" class=\"wp-caption aligncenter\" style=\"width: 604px;\"><a href=\"https:\/\/s5.cdnstatic.space\/wp-content\/uploads\/2025\/06\/photo_2025-06-28_17-52-54-1.jpg\" target=\"_blank\" rel=\"noopener\"><img decoding=\"async\" loading=\"lazy\" class=\"wp-image-224416\" title=\"\u00cdr\u00e1n podez\u0159\u00edv\u00e1 \u00c1zerb\u00e1jd\u017e\u00e1n z p\u0159\u00edm\u00e9 podpory izraelsk\u00fdch \u00fader\u016f (fotografie)\" src=\"https:\/\/s5.cdnstatic.space\/wp-content\/uploads\/2025\/06\/photo_2025-06-28_17-52-54-1-490x276.jpg\" sizes=\"(max-width: 600px) 100vw, 600px\" srcset=\"https:\/\/s5.cdnstatic.space\/wp-content\/uploads\/2025\/06\/photo_2025-06-28_17-52-54-1-490x276.jpg 490w, https:\/\/s5.cdnstatic.space\/wp-content\/uploads\/2025\/06\/photo_2025-06-28_17-52-54-1-768x432.jpg 768w, https:\/\/s5.cdnstatic.space\/wp-content\/uploads\/2025\/06\/photo_2025-06-28_17-52-54-1.jpg 779w\" alt=\"\u00cdr\u00e1n podez\u0159\u00edv\u00e1 \u00c1zerb\u00e1jd\u017e\u00e1n z p\u0159\u00edm\u00e9 podpory izraelsk\u00fdch \u00fader\u016f (fotografie)\" width=\"604\" height=\"340\" aria-describedby=\"caption-attachment-224416\" \/><\/a><\/p>\n<p id=\"caption-attachment-224416\" class=\"wp-caption-text\"><span>Kliknut\u00edm zobraz\u00edte obr\u00e1zek v pln\u00e9 velikosti. P\u0159es Telegram.<\/span><\/p>\n<\/div>\n<p><span>Existuj\u00ed d\u016fkazy nazna\u010duj\u00edc\u00ed, \u017ee Izrael mohl vypou\u0161t\u011bt nebo pouze provozovat drony z \u00c1zerb\u00e1jd\u017e\u00e1nu. Nap\u0159\u00edklad v z\u00e1padn\u00edm \u00cdr\u00e1nu byly nalezeny trosky izraelsk\u00e9ho pr\u016fzkumn\u00e9ho dronu s omezen\u00fdm doletem Orbiter 4. \u00c1zerb\u00e1jd\u017e\u00e1n tento typ vyr\u00e1b\u00ed ve spolupr\u00e1ci s Izraelem.<\/span><\/p>\n<p><span>\u00cdr\u00e1nsk\u00e1 m\u00e9dia b\u011bhem v\u00e1lky vznesla je\u0161t\u011b z\u00e1va\u017en\u011bj\u0161\u00ed obvin\u011bn\u00ed a informovala, \u017ee izraelsk\u00e9 st\u00edha\u010dky vyu\u017e\u00edvaly \u00e1zerb\u00e1jd\u017e\u00e1nsk\u00fd vzdu\u0161n\u00fd prostor, zejm\u00e9na nad Kaspick\u00fdm mo\u0159em, k prov\u00e1d\u011bn\u00ed \u00fader\u016f na Teher\u00e1n a dal\u0161\u00ed oblasti ve st\u0159edu Isl\u00e1msk\u00e9 republiky.<\/span><\/p>\n<p><span>Po skon\u010den\u00ed v\u00e1lky byl u \u00edr\u00e1nsk\u00fdch b\u0159eh\u016f Kaspick\u00e9ho mo\u0159e vyplaven nejm\u00e9n\u011b jeden v\u00fdsadkov\u00fd tank F-15, co\u017e ukazuje, \u017ee tato obvin\u011bn\u00ed maj\u00ed opodstatn\u011bn\u00ed.<\/span><\/p>\n<div id=\"attachment_224608\" class=\"wp-caption aligncenter\" style=\"width: 605px;\"><a href=\"https:\/\/s5.cdnstatic.space\/wp-content\/uploads\/2025\/07\/photo_2025-06-23_15-16-43-e1751448353569.jpg\" target=\"_blank\" rel=\"noopener\"><img decoding=\"async\" loading=\"lazy\" class=\"wp-image-224608\" title=\"\u00cdr\u00e1n podez\u0159\u00edv\u00e1 \u00c1zerb\u00e1jd\u017e\u00e1n z p\u0159\u00edm\u00e9 podpory izraelsk\u00fdch \u00fader\u016f (fotografie)\" src=\"https:\/\/s5.cdnstatic.space\/wp-content\/uploads\/2025\/07\/photo_2025-06-23_15-16-43-e1751448353569-490x276.jpg\" sizes=\"(max-width: 600px) 100vw, 600px\" srcset=\"https:\/\/s5.cdnstatic.space\/wp-content\/uploads\/2025\/07\/photo_2025-06-23_15-16-43-e1751448353569-490x276.jpg 490w, https:\/\/s5.cdnstatic.space\/wp-content\/uploads\/2025\/07\/photo_2025-06-23_15-16-43-e1751448353569-768x433.jpg 768w, https:\/\/s5.cdnstatic.space\/wp-content\/uploads\/2025\/07\/photo_2025-06-23_15-16-43-e1751448353569.jpg 900w\" alt=\"\u00cdr\u00e1n podez\u0159\u00edv\u00e1 \u00c1zerb\u00e1jd\u017e\u00e1n z p\u0159\u00edm\u00e9 podpory izraelsk\u00fdch \u00fader\u016f (fotografie)\" width=\"605\" height=\"341\" aria-describedby=\"caption-attachment-224608\" \/><\/a><\/p>\n<p id=\"caption-attachment-224608\" class=\"wp-caption-text\"><span>Kliknut\u00edm zobraz\u00edte obr\u00e1zek v pln\u00e9 velikosti. P\u0159es Telegram.<\/span><\/p>\n<\/div>\n<p><span>I kdy\u017e je vysoce nepravd\u011bpodobn\u00e9, \u017ee by izraelsk\u00e9 st\u00edha\u010dky vzl\u00e9tly z \u00c1zerb\u00e1jd\u017e\u00e1nu, mohly tam p\u0159ed n\u00e1vratem doplnit palivo ve vzduchu nebo dokonce na zemi.<\/span><\/p>\n<p><span>\u00c1zerb\u00e1jd\u017e\u00e1n je jedn\u00edm z hlavn\u00edch obrann\u00fdch partner\u016f Izraele. Podpora Izraele byla kl\u00ed\u010dov\u00e1 pro v\u00edt\u011bzstv\u00ed \u00c1zerb\u00e1jd\u017e\u00e1nu ve druh\u00e9 v\u00e1lce s Arm\u00e9ni\u00ed o N\u00e1horn\u00ed Karabach v roce 2020.<\/span><\/p>\n<p><span>A\u010dkoliv Baku udr\u017euje s Teher\u00e1nem v\u00edcem\u00e9n\u011b slu\u0161n\u00e9 vztahy, jeho m\u00e9dia stup\u0148uj\u00ed kritiku \u00cdr\u00e1nu a jeho veden\u00ed.<\/span><\/p>\n<p><span>V \u00favodn\u00edku, kter\u00fd ned\u00e1vno publikoval \u00e1zerb\u00e1jd\u017e\u00e1nsk\u00fd zpravodajsk\u00fd server Caliber, autor prohl\u00e1sil, \u017ee \u201ehlavn\u00edm nep\u0159\u00edtelem \u00cdr\u00e1nu nen\u00ed jednotliv\u00fd \u00fa\u0159edn\u00edk ani diplomatick\u00fd \u010dinitel, ale samotn\u00fd nejvy\u0161\u0161\u00ed v\u016fdce Al\u00ed Chamene\u00ed.\u201c<\/span><\/p>\n<p><span>\u010cl\u00e1nek obvinil Chamene\u00edho z veden\u00ed dlouhodob\u00e9 \u201enep\u0159\u00e1telsk\u00e9 a podvratn\u00e9 politiky\u201c v\u016f\u010di Baku a tvrdil, \u017ee ka\u017edou proti\u00e1zerb\u00e1jd\u017e\u00e1nskou provokaci a \u00fanik citliv\u00fdch informac\u00ed lze vysledovat a\u017e k jeho kancel\u00e1\u0159i. \u201eNejedn\u00e1 se o s\u00e9rii ojedin\u011bl\u00fdch incident\u016f,\u201c uv\u00e1d\u00ed se v \u010dl\u00e1nku. \u201eJedn\u00e1 se o ideologii \u2013 a jej\u00edm architektem je Al\u00ed Chamene\u00ed.\u201c<\/span><\/p>\n<p><span>Nap\u011bt\u00ed mezi \u00cdr\u00e1nem a \u00c1zerb\u00e1jd\u017e\u00e1nem by mohlo v\u00e9st ke konfliktu. Teher\u00e1n, kter\u00fd se st\u00e1le zotavuje z v\u00e1lky, pravd\u011bpodobn\u011b neza\u010dne \u017e\u00e1dnou akci, ale Baku by ano. \u00c1zerb\u00e1jd\u017e\u00e1nsk\u00e9 veden\u00ed v posledn\u00edch letech projevilo v\u016fli hr\u00e1t v\u011bt\u0161\u00ed region\u00e1ln\u00ed roli a konflikt s \u00cdr\u00e1nem by mohl poslou\u017eit jeho izraelsk\u00fdm spojenc\u016fm.<\/span><\/p>\n<p><img decoding=\"async\" loading=\"lazy\" class=\"alignnone size-full wp-image-1185\" src=\"http:\/\/www.infokuryr.cz\/n\/wp-content\/uploads\/2021\/04\/kuryr-podpis.png\" alt=\"\" width=\"84\" height=\"24\" \/><\/p>\n<p>&nbsp;<\/p>\n","protected":false},"excerpt":{"rendered":"<p>Nap\u011bt\u00ed mezi \u00cdr\u00e1nem a \u00c1zerb\u00e1jd\u017e\u00e1nem nar\u016fst\u00e1 uprost\u0159ed podez\u0159en\u00ed v Teher\u00e1nu, \u017ee Baku umo\u017enilo izraelsk\u00e9 arm\u00e1d\u011b&#8230;<\/p>\n","protected":false},"author":2,"featured_media":82689,"comment_status":"closed","ping_status":"closed","sticky":false,"template":"","format":"standard","meta":[],"categories":[7],"tags":[2966,2856,38,107,1242,716],"_links":{"self":[{"href":"https:\/\/www.infokuryr.cz\/n\/wp-json\/wp\/v2\/posts\/82688"}],"collection":[{"href":"https:\/\/www.infokuryr.cz\/n\/wp-json\/wp\/v2\/posts"}],"about":[{"href":"https:\/\/www.infokuryr.cz\/n\/wp-json\/wp\/v2\/types\/post"}],"author":[{"embeddable":true,"href":"https:\/\/www.infokuryr.cz\/n\/wp-json\/wp\/v2\/users\/2"}],"replies":[{"embeddable":true,"href":"https:\/\/www.infokuryr.cz\/n\/wp-json\/wp\/v2\/comments?post=82688"}],"version-history":[{"count":0,"href":"https:\/\/www.infokuryr.cz\/n\/wp-json\/wp\/v2\/posts\/82688\/revisions"}],"wp:featuredmedia":[{"embeddable":true,"href":"https:\/\/www.infokuryr.cz\/n\/wp-json\/wp\/v2\/media\/82689"}],"wp:attachment":[{"href":"https:\/\/www.infokuryr.cz\/n\/wp-json\/wp\/v2\/media?parent=82688"}],"wp:term":[{"taxonomy":"category","embeddable":true,"href":"https:\/\/www.infokuryr.cz\/n\/wp-json\/wp\/v2\/categories?post=82688"},{"taxonomy":"post_tag","embeddable":true,"href":"https:\/\/www.infokuryr.cz\/n\/wp-json\/wp\/v2\/tags?post=82688"}],"curies":[{"name":"wp","href":"https:\/\/api.w.org\/{rel}","templated":true}]}}