{"id":82668,"date":"2025-07-03T00:14:15","date_gmt":"2025-07-02T22:14:15","guid":{"rendered":"https:\/\/www.infokuryr.cz\/n\/?p=82668"},"modified":"2025-07-02T14:58:30","modified_gmt":"2025-07-02T12:58:30","slug":"who-zrizuje-monitorovaci-centrum-v-berline-varovani-pred-globalni-agenturou-pro-zdravotnicke-informace","status":"publish","type":"post","link":"https:\/\/www.infokuryr.cz\/n\/2025\/07\/03\/who-zrizuje-monitorovaci-centrum-v-berline-varovani-pred-globalni-agenturou-pro-zdravotnicke-informace\/","title":{"rendered":"WHO z\u0159izuje monitorovac\u00ed centrum v Berl\u00edn\u011b \u2013 varov\u00e1n\u00ed p\u0159ed glob\u00e1ln\u00ed \u201eagenturou pro zdravotnick\u00e9 informace\u201c"},"content":{"rendered":"<div id=\"fb-root\"><\/div>\n<p><strong><span>Berl\u00edn<\/span><\/strong><span>\u00a0\u2013 V\u00a0<\/span><a href=\"https:\/\/rtde.org\/international\/249541-geheimdienst-der-weltgesundheitsorganisation-in-berlin-eingerichtet\/\" target=\"_blank\" rel=\"noreferrer noopener\" data-type=\"link\" data-id=\"https:\/\/rtde.org\/international\/249541-geheimdienst-der-weltgesundheitsorganisation-in-berlin-eingerichtet\/\"><span>\u010dl\u00e1nku<\/span><\/a><span>\u00a0z 1. \u010dervence 2025 varuje zpravodajsk\u00fd port\u00e1l\u00a0<\/span><strong><span>RTDE<\/span><\/strong><span>\u00a0p\u0159ed tich\u00fdm n\u00e1r\u016fstem moci Sv\u011btov\u00e9 zdravotnick\u00e9 organizace (WHO). Konkr\u00e9tn\u011b se jedn\u00e1 o z\u0159\u00edzen\u00ed glob\u00e1ln\u00edho datov\u00e9ho centra v Berl\u00edn\u011b, kter\u00e9 by podle RT mohlo v budoucnu fungovat jako jak\u00e1si\u00a0<\/span><strong><span>\u201etajn\u00e1 slu\u017eba WHO\u201c<\/span><\/strong><span>\u00a0.<\/span><\/p>\n<p><span>Z\u00e1kladem tohoto v\u00fdvoje jsou\u00a0<\/span><strong><span>nov\u00e9 Mezin\u00e1rodn\u00ed zdravotnick\u00e9 p\u0159edpisy (IHR)<\/span><\/strong><span>\u00a0, kter\u00e9 \u2013 pokud proti nim n\u011bkter\u00fd z \u010dlensk\u00fdch st\u00e1t\u016f nevznesou n\u00e1mitky \u2013 vstoup\u00ed v platnost 19. \u010dervence 2025. Podle RTDE by tato pravidla dala WHO rozs\u00e1hl\u00e9 pravomoci, nap\u0159\u00edklad vyhla\u0161ovat nejen pandemie, ale i stavy nouze v oblasti zdrav\u00ed souvisej\u00edc\u00ed s\u00a0<\/span><strong><span>klimatem, migrac\u00ed nebo ozbrojen\u00fdmi konflikty<\/span><\/strong><span>\u00a0.<\/span><\/p>\n<h3 class=\"wp-block-heading\"><span>Co se d\u011bje v Berl\u00edn\u011b<\/span><\/h3>\n<p><span>J\u00e1drem nov\u00e9ho sledovac\u00edho apar\u00e1tu je\u00a0<\/span><strong><span>\u201eCentrum WHO pro pandemick\u00e9 a epidemick\u00e9 informace<\/span><\/strong><span>\u00a0\u201c, kter\u00e9 se ji\u017e stav\u00ed v Berl\u00edn\u011b. RTDE popisuje centrum jako budouc\u00ed glob\u00e1ln\u00ed\u00a0<\/span><strong><span>rozhran\u00ed pro sb\u011br, anal\u00fdzu a sd\u00edlen\u00ed citliv\u00fdch zdravotn\u00edch dat<\/span><\/strong><span>\u00a0z cel\u00e9ho sv\u011bta. Um\u011bl\u00e1 inteligence bude vyu\u017e\u00edv\u00e1na k v\u010dasn\u00e9 detekci potenci\u00e1ln\u00edch hrozeb a p\u0159ed\u00e1v\u00e1n\u00ed hl\u00e1\u0161en\u00ed n\u00e1rodn\u00edm org\u00e1n\u016fm.<\/span><\/p>\n<p><span>Kritici citovan\u00ed RT hovo\u0159\u00ed o\u00a0<\/span><strong><span>centralizovan\u00e9 struktu\u0159e dohledu<\/span><\/strong><span>\u00a0s nejasn\u00fdm mand\u00e1tem, omezen\u00fdm demokratick\u00fdm dohledem a v\u00fdznamn\u00fdm vlivem nadn\u00e1rodn\u00edch akt\u00e9r\u016f. Varuj\u00ed, \u017ee\u00a0<\/span><strong><span>suverenita a soukrom\u00ed<\/span><\/strong><span>\u00a0n\u00e1rodn\u00edch vl\u00e1d a ob\u010dan\u016f jsou st\u00e1le v\u00edce podkop\u00e1v\u00e1ny.<\/span><\/p>\n<h3 class=\"wp-block-heading\"><span>Kl\u00ed\u010dov\u00e9 body kritiky podle RTDE<\/span><\/h3>\n<ul>\n<li><strong><span>Glob\u00e1ln\u00ed sb\u011br dat:<\/span><\/strong><span>\u00a0Podle RT by \u010dlensk\u00e9 st\u00e1ty m\u011bly b\u00fdt povinny p\u0159ed\u00e1vat WHO komplexn\u00ed epidemiologick\u00e9, biometrick\u00e9 a socioekonomick\u00e9 \u00fadaje \u2013 a to i v p\u0159\u00edpadech pouh\u00e9ho podez\u0159en\u00ed.<\/span><\/li>\n<li><strong><span>Roz\u0161\u00ed\u0159en\u00ed pravomoc\u00ed v nouzov\u00fdch situac\u00edch:<\/span><\/strong><span>\u00a0WHO by v budoucnu mohla zas\u00e1hnout i v p\u0159\u00edpad\u011b \u201epotenci\u00e1ln\u00edch\u201c zdravotn\u00edch hrozeb \u2013 ani\u017e by musela vyhl\u00e1sit pandemii v klasick\u00e9m slova smyslu.<\/span><\/li>\n<li><strong><span>P\u0159enos v\u00fdkonn\u00fdch pravomoc\u00ed:<\/span><\/strong><span>\u00a0Podle RT m\u00e1 z\u0159\u00edzen\u00ed n\u00e1rodn\u00edch kontaktn\u00edch m\u00edst WHO zajistit p\u0159\u00edm\u00e9 vym\u00e1h\u00e1n\u00ed pokyn\u016f WHO \u2013 krok, kter\u00fd kritici\u00a0interpretuj\u00ed jako\u00a0<\/span><strong><span>oslaben\u00ed volen\u00fdch vl\u00e1d .<\/span><\/strong><\/li>\n<\/ul>\n<h3 class=\"wp-block-heading\"><span>Z\u00e1v\u011br: Je WHO na cest\u011b st\u00e1t se glob\u00e1ln\u00ed vl\u00e1dou v oblasti zdrav\u00ed?<\/span><\/h3>\n<p><span>RTDE zasazuje tento v\u00fdvoj do \u0161ir\u0161\u00edho geopolitick\u00e9ho kontextu: V dob\u011b rostouc\u00ed mezin\u00e1rodn\u00ed nestability by se berl\u00ednsk\u00e9 centrum WHO mohlo st\u00e1t\u00a0<\/span><strong><span>\u00fast\u0159edn\u00edm n\u00e1strojem pro \u0159\u00edzen\u00ed glob\u00e1ln\u00edch zdravotn\u00edch opat\u0159en\u00ed<\/span><\/strong><span>\u00a0\u2013 s potenci\u00e1ln\u011b dalekos\u00e1hl\u00fdmi z\u00e1sahy do n\u00e1rodn\u00ed suverenity.<\/span><\/p>\n<p><span>Zda WHO s nov\u00fdm centrem skute\u010dn\u011b buduje \u201eslu\u017ebu zdravotn\u00edho zpravodajstv\u00ed\u201c, nebo se jednodu\u0161e sna\u017e\u00ed zlep\u0161it v\u010dasnou detekci pandemie, z\u016fst\u00e1v\u00e1 kontroverzn\u00ed. Jasn\u00e9 v\u0161ak je, \u017ee budouc\u00ed role berl\u00ednsk\u00e9ho centra WHO bude\u00a0<\/span><strong><span>kl\u00ed\u010dov\u00e1 pro mocenskou strukturu glob\u00e1ln\u00ed spr\u00e1vy zdrav\u00ed<\/span><\/strong><span>\u00a0\u2013 a vyvol\u00e1v\u00e1 hlubok\u00e9 ot\u00e1zky ohledn\u011b dohledu, transparentnosti a ob\u010dansk\u00fdch pr\u00e1v.<\/span><\/p>\n<p><img decoding=\"async\" loading=\"lazy\" class=\"alignnone size-full wp-image-1185\" src=\"http:\/\/www.infokuryr.cz\/n\/wp-content\/uploads\/2021\/04\/kuryr-podpis.png\" alt=\"\" width=\"84\" height=\"24\" \/><\/p>\n<p>&nbsp;<\/p>\n","protected":false},"excerpt":{"rendered":"<p>Berl\u00edn\u00a0\u2013 V\u00a0\u010dl\u00e1nku\u00a0z 1. \u010dervence 2025 varuje zpravodajsk\u00fd port\u00e1l\u00a0RTDE\u00a0p\u0159ed tich\u00fdm n\u00e1r\u016fstem moci Sv\u011btov\u00e9 zdravotnick\u00e9 organizace (WHO)&#8230;.<\/p>\n","protected":false},"author":2,"featured_media":82669,"comment_status":"closed","ping_status":"closed","sticky":false,"template":"","format":"standard","meta":[],"categories":[7],"tags":[233,2916,81],"_links":{"self":[{"href":"https:\/\/www.infokuryr.cz\/n\/wp-json\/wp\/v2\/posts\/82668"}],"collection":[{"href":"https:\/\/www.infokuryr.cz\/n\/wp-json\/wp\/v2\/posts"}],"about":[{"href":"https:\/\/www.infokuryr.cz\/n\/wp-json\/wp\/v2\/types\/post"}],"author":[{"embeddable":true,"href":"https:\/\/www.infokuryr.cz\/n\/wp-json\/wp\/v2\/users\/2"}],"replies":[{"embeddable":true,"href":"https:\/\/www.infokuryr.cz\/n\/wp-json\/wp\/v2\/comments?post=82668"}],"version-history":[{"count":0,"href":"https:\/\/www.infokuryr.cz\/n\/wp-json\/wp\/v2\/posts\/82668\/revisions"}],"wp:featuredmedia":[{"embeddable":true,"href":"https:\/\/www.infokuryr.cz\/n\/wp-json\/wp\/v2\/media\/82669"}],"wp:attachment":[{"href":"https:\/\/www.infokuryr.cz\/n\/wp-json\/wp\/v2\/media?parent=82668"}],"wp:term":[{"taxonomy":"category","embeddable":true,"href":"https:\/\/www.infokuryr.cz\/n\/wp-json\/wp\/v2\/categories?post=82668"},{"taxonomy":"post_tag","embeddable":true,"href":"https:\/\/www.infokuryr.cz\/n\/wp-json\/wp\/v2\/tags?post=82668"}],"curies":[{"name":"wp","href":"https:\/\/api.w.org\/{rel}","templated":true}]}}