{"id":82665,"date":"2025-07-03T00:12:56","date_gmt":"2025-07-02T22:12:56","guid":{"rendered":"https:\/\/www.infokuryr.cz\/n\/?p=82665"},"modified":"2025-07-02T14:48:07","modified_gmt":"2025-07-02T12:48:07","slug":"spanelsky-zakon-rodicum-hrozi-vezeni-pokud-se-postavi-proti-zmene-pohlavi-svych-deti","status":"publish","type":"post","link":"https:\/\/www.infokuryr.cz\/n\/2025\/07\/03\/spanelsky-zakon-rodicum-hrozi-vezeni-pokud-se-postavi-proti-zmene-pohlavi-svych-deti\/","title":{"rendered":"\u0160pan\u011blsk\u00fd z\u00e1kon: Rodi\u010d\u016fm hroz\u00ed v\u011bzen\u00ed, pokud se postav\u00ed proti zm\u011bn\u011b pohlav\u00ed sv\u00fdch d\u011bt\u00ed"},"content":{"rendered":"<div id=\"fb-root\"><\/div>\n<div class=\"elementor-element elementor-element-1fb4c2c elementor-widget elementor-widget-theme-post-content\" data-id=\"1fb4c2c\" data-element_type=\"widget\" data-widget_type=\"theme-post-content.default\">\n<div class=\"elementor-widget-container\">\n<p><a href=\"https:\/\/europeanconservative.com\/articles\/news\/oppose-your-kids-gender-transition-spain-wants-you-behind-bars\" target=\"_blank\" rel=\"noreferrer noopener\" data-type=\"link\" data-id=\"https:\/\/europeanconservative.com\/articles\/news\/oppose-your-kids-gender-transition-spain-wants-you-behind-bars\"><span>Ve \u0160pan\u011blsku vyvol\u00e1v\u00e1<\/span><\/a><span>\u00a0nov\u00fd n\u00e1vrh z\u00e1kona masivn\u00ed protesty\u00a0: Rodi\u010de, kte\u0159\u00ed se stav\u00ed proti zm\u011bn\u011b pohlav\u00ed sv\u00fdch nezletil\u00fdch d\u011bt\u00ed, by v budoucnu mohli b\u00fdt potrest\u00e1ni a\u017e dv\u011bma lety v\u011bzen\u00ed. Informuje o tom \u010dasopis\u00a0<\/span><em><span>The European Conservative<\/span><\/em><span>\u00a0s odvol\u00e1n\u00edm na aktu\u00e1ln\u00ed zn\u011bn\u00ed n\u00e1vrhu z\u00e1kona. St\u00edh\u00e1ni by mohli b\u00fdt i l\u00e9ka\u0159i, psychologov\u00e9 nebo u\u010ditel\u00e9, kte\u0159\u00ed vyjad\u0159uj\u00ed \u201eodpor\u201c v\u016f\u010di takov\u00fdm opat\u0159en\u00edm.<\/span><\/p>\n<h3 class=\"wp-block-heading\"><span>Hrozba trestu za \u201eodpor v\u016f\u010di transformaci\u201c<\/span><\/h3>\n<p><span>N\u00e1vrh stanov\u00ed, \u017ee jak\u00e9koli \u201ezabra\u0148ov\u00e1n\u00ed nebo ma\u0159en\u00ed\u201c l\u00e9ka\u0159sk\u00e9 operace zm\u011bny pohlav\u00ed lze pova\u017eovat za \u201edom\u00e1c\u00ed n\u00e1sil\u00ed\u201c nebo \u201epsychick\u00e9 zneu\u017e\u00edv\u00e1n\u00ed\u201c. To p\u0159edstavuje novou f\u00e1zi ideologick\u00e9 legislativy, v n\u00ed\u017e je rodi\u010dovsk\u00e1 p\u00e9\u010de interpretov\u00e1na jako trestn\u00e9 chov\u00e1n\u00ed, pokud neodpov\u00edd\u00e1 hodnot\u00e1m po\u017eadovan\u00fdm st\u00e1tem.<\/span><\/p>\n<p><span>Toto opat\u0159en\u00ed je sou\u010d\u00e1st\u00ed s\u00e9rie politick\u00fdch ud\u00e1lost\u00ed zam\u011b\u0159en\u00fdch na hlubokou transformaci spole\u010densk\u00e9ho \u0159\u00e1du. Rodina \u2013 po stalet\u00ed p\u00e1te\u0159 evropsk\u00e9 kultury \u2013 je st\u00e1le v\u00edce zbavov\u00e1na pr\u00e1v a st\u00e1tn\u00ed instituce si n\u00e1rokuj\u00ed svrchovanost nad identitou a \u017eivotn\u00edmi rozhodnut\u00edmi d\u011bt\u00ed a mlad\u00fdch lid\u00ed.<\/span><\/p>\n<h3 class=\"wp-block-heading\"><span>St\u00e1t versus rodi\u010de: Kulturn\u00ed v\u00e1lka vrchol\u00ed<\/span><\/h3>\n<p><span>Kritici hovo\u0159\u00ed o autorit\u00e1\u0159sk\u00e9m \u00fatoku na autonomii rodiny. Zat\u00edmco st\u00e1t je st\u00e1le v\u00edce zahlcov\u00e1n z\u00e1kladn\u00edmi \u00fakoly, jako je vzd\u011bl\u00e1v\u00e1n\u00ed, bezpe\u010dnost a zdravotn\u00ed p\u00e9\u010de, nyn\u00ed si n\u00e1rokuje svrchovanost nad nejnitern\u011bj\u0161\u00edmi ot\u00e1zkami v\u00fdvoje d\u00edt\u011bte \u2013 proti v\u016fli rodi\u010d\u016f. Ka\u017ed\u00fd, kdo se \u0159\u00edd\u00ed sv\u00fdm sv\u011bdom\u00edm a chr\u00e1n\u00ed sv\u00e9 d\u00edt\u011b, mus\u00ed o\u010dek\u00e1vat represe.<\/span><\/p>\n<p><span>Je pozoruhodn\u00e9, \u017ee z\u00e1konod\u00e1rce nechce kriminalizovat diskriminaci nebo n\u00e1sil\u00ed \u2013 oboj\u00ed by ji\u017e d\u00e1vno spadalo pod st\u00e1vaj\u00edc\u00ed z\u00e1kon \u2013 ale kriminalizuje samotn\u00fd\u00a0<\/span><em><span>n\u00e1zor<\/span><\/em><span>\u00a0nebo\u00a0<\/span><em><span>pedagogick\u00fd postoj<\/span><\/em><span>\u00a0. Zd\u00e1 se, \u017ee pouh\u00e1 snaha zabr\u00e1nit d\u00edt\u011bti v p\u0159ed\u010dasn\u00fdch a nevratn\u00fdch l\u00e9ka\u0159sk\u00fdch z\u00e1saz\u00edch sta\u010d\u00ed k tomu, aby bylo trestn\u011b st\u00edh\u00e1no.<\/span><\/p>\n<h3 class=\"wp-block-heading\"><span>Agenda rozd\u011blen\u00ed<\/span><\/h3>\n<p><span>N\u00e1vrh z\u00e1kona bezprobl\u00e9mov\u011b zapad\u00e1 do politick\u00e9 agendy, jej\u00edm\u017e c\u00edlem je rozd\u011blit spole\u010dnost: mezi rodi\u010de a d\u011bti, mezi u\u010ditele a rodiny, mezi individu\u00e1ln\u00ed odpov\u011bdnost\u00ed a st\u00e1tn\u00edm paternalismem. Zaveden\u00ed takov\u00fdch z\u00e1kon\u016f neslou\u017e\u00ed k ochran\u011b d\u011bt\u00ed, ale sp\u00ed\u0161e k ideologick\u00e9 kontrole.<\/span><\/p>\n<p><span>Pojmy jako \u201epr\u00e1vn\u00ed st\u00e1t\u201c nebo \u201eochrana zraniteln\u00fdch skupin\u201c vytv\u00e1\u0159ej\u00ed klima, v n\u011bm\u017e je kriticky sm\u00fd\u0161lej\u00edc\u00ed st\u0159edn\u00ed t\u0159\u00edda st\u00e1le v\u00edce uml\u010dov\u00e1na a kriminalizov\u00e1na. Ka\u017ed\u00fd, kdo klade ot\u00e1zky nebo v\u011bci zva\u017euje, je pova\u017eov\u00e1n za hrozbu.<\/span><\/p>\n<h3 class=\"wp-block-heading\"><span>Z\u00e1v\u011br: \u010cerven\u00e1 \u010d\u00e1ra byla p\u0159ekro\u010dena<\/span><\/h3>\n<p><span>To, co se odehr\u00e1v\u00e1 ve \u0160pan\u011blsku, je varovn\u00fdm sign\u00e1lem pro celou Evropu. St\u00e1t, kter\u00fd tvrd\u00ed, \u017ee chr\u00e1n\u00ed d\u011bti, je ve skute\u010dnosti odtrh\u00e1v\u00e1 od rodi\u010d\u016f a vyko\u0159is\u0165uje je ve jm\u00e9nu \u201eprogresivn\u00ed\u201c identitn\u00ed politiky. Pokud spole\u010dnost tento v\u00fdvoj akceptuje, v s\u00e1zce je v\u00edce ne\u017e jen jeden z\u00e1kon. Nejde o nic men\u0161\u00edho ne\u017e o obranu p\u0159irozen\u00e9ho pouta mezi rodi\u010dem a d\u00edt\u011btem \u2013 a tedy i samotn\u00e9 svobody.<\/span><\/p>\n<\/div>\n<\/div>\n<div class=\"elementor-element elementor-element-8c57238 quelle dc-has-condition dc-condition-empty elementor-widget elementor-widget-heading\" data-id=\"8c57238\" data-element_type=\"widget\" data-widget_type=\"heading.default\">\n<div class=\"elementor-widget-container\">\n<h3 class=\"elementor-heading-title elementor-size-default\"><span style=\"font-size: 10pt;\"><a href=\"https:\/\/europeanconservative.com\/articles\/news\/oppose-your-kids-gender-transition-spain-wants-you-behind-bars\/?utm_source=chatgpt.com\" target=\"_blank\" rel=\"nofollow noopener\">Zdroj<\/a><\/span><\/h3>\n<p>&nbsp;<\/p>\n<\/div>\n<\/div>\n","protected":false},"excerpt":{"rendered":"<p>Ve \u0160pan\u011blsku vyvol\u00e1v\u00e1\u00a0nov\u00fd n\u00e1vrh z\u00e1kona masivn\u00ed protesty\u00a0: Rodi\u010de, kte\u0159\u00ed se stav\u00ed proti zm\u011bn\u011b pohlav\u00ed sv\u00fdch&#8230;<\/p>\n","protected":false},"author":2,"featured_media":1237,"comment_status":"closed","ping_status":"closed","sticky":false,"template":"","format":"standard","meta":[],"categories":[7],"tags":[245,1107,440,609],"_links":{"self":[{"href":"https:\/\/www.infokuryr.cz\/n\/wp-json\/wp\/v2\/posts\/82665"}],"collection":[{"href":"https:\/\/www.infokuryr.cz\/n\/wp-json\/wp\/v2\/posts"}],"about":[{"href":"https:\/\/www.infokuryr.cz\/n\/wp-json\/wp\/v2\/types\/post"}],"author":[{"embeddable":true,"href":"https:\/\/www.infokuryr.cz\/n\/wp-json\/wp\/v2\/users\/2"}],"replies":[{"embeddable":true,"href":"https:\/\/www.infokuryr.cz\/n\/wp-json\/wp\/v2\/comments?post=82665"}],"version-history":[{"count":0,"href":"https:\/\/www.infokuryr.cz\/n\/wp-json\/wp\/v2\/posts\/82665\/revisions"}],"wp:featuredmedia":[{"embeddable":true,"href":"https:\/\/www.infokuryr.cz\/n\/wp-json\/wp\/v2\/media\/1237"}],"wp:attachment":[{"href":"https:\/\/www.infokuryr.cz\/n\/wp-json\/wp\/v2\/media?parent=82665"}],"wp:term":[{"taxonomy":"category","embeddable":true,"href":"https:\/\/www.infokuryr.cz\/n\/wp-json\/wp\/v2\/categories?post=82665"},{"taxonomy":"post_tag","embeddable":true,"href":"https:\/\/www.infokuryr.cz\/n\/wp-json\/wp\/v2\/tags?post=82665"}],"curies":[{"name":"wp","href":"https:\/\/api.w.org\/{rel}","templated":true}]}}