{"id":82538,"date":"2025-07-01T00:19:32","date_gmt":"2025-06-30T22:19:32","guid":{"rendered":"https:\/\/www.infokuryr.cz\/n\/?p=82538"},"modified":"2025-06-30T18:34:42","modified_gmt":"2025-06-30T16:34:42","slug":"ondrej-prokop-prezidentova-kudla-do-zad-vlade-zpochybnil-stanjurovu-verzi-bitcoinu-rekordni-dluhy","status":"publish","type":"post","link":"https:\/\/www.infokuryr.cz\/n\/2025\/07\/01\/ondrej-prokop-prezidentova-kudla-do-zad-vlade-zpochybnil-stanjurovu-verzi-bitcoinu-rekordni-dluhy\/","title":{"rendered":"Ond\u0159ej Prokop: Prezidentova kudla do zad vl\u00e1d\u011b. Zpochybnil Stanjurovu verzi bitcoinu. Rekordn\u00ed dluhy"},"content":{"rendered":"<div id=\"fb-root\"><\/div>\n<p>Prezident Pavel vrazil Fialov\u011b vl\u00e1d\u011b kudlu do zad kv\u016fli bitcoinu. Zpochybnil Stanjurovu verzi p\u0159\u00edb\u011bhu a dle n\u011bj &#8222;nen\u00ed pochyb, \u017ee Ministerstvo financ\u00ed muselo v\u011bd\u011bt o z\u00e1m\u011bru p\u0159ijmout bitcoiny od Ji\u0159ikovsk\u00e9ho, odsouzen\u00e9ho za obchod s drogami&#8220;, jak uvedly Seznam Zpr\u00e1vy. P\u0159esto ministr Stanjura st\u00e1le tvrd\u00ed, \u017ee nic netu\u0161il. M\u016fj n\u00e1zor? Klasick\u00e1 ODS &#8211; bude se dr\u017eet sv\u00fdch bohat\u011b placen\u00fdch k\u0159esel, dokud to jen p\u016fjde!<\/p>\n<p>\ud83d\udc49 Na rozd\u00edl od prezidenta je ministr Raku\u0161an k Stanjurovi v\u00fdrazn\u011b sm\u00ed\u0159liv\u011bj\u0161\u00ed. \u0158ekl sice, \u017ee &#8222;bitcoinov\u00e1 kauza je neuv\u011b\u0159iteln\u00e1&#8220;, ale pr\u00fd &#8222;Stanjuru lustrovat nebude&#8220;. No je\u0161t\u011b, aby ho lustroval. To by toti\u017e pak ODS mohla cht\u00edt na opl\u00e1tku lustrovat Raku\u0161ana a Dozimetr, kter\u00fd te\u010f p\u016fjde k soudu.<\/p>\n<p>\ud83d\udc49 Fiala se pochlubil, \u017ee &#8222;\u010cesko je p\u0159ipraveno d\u00e1t na arm\u00e1du p\u011bt procent HDP&#8220;. Na to n\u00e1sledn\u011b nav\u00e1zal ministr financ\u00ed, podle kter\u00e9ho p\u0159\u00ed\u0161t\u00ed rok stoupne je\u0161t\u011b v\u00edce dluh \u010cesk\u00e9 republiky o rekordn\u00edch 280 miliard K\u010d. Vzpom\u00edn\u00e1te je\u0161t\u011b, co p\u011btikoalice slibovala p\u0159ed volbami? Jak oddlu\u017e\u00ed st\u00e1t a zkrot\u00ed ve\u0159ejn\u00e9 finance? Dnes p\u016fsob\u00ed u\u017e jen jako nem\u00edstn\u00fd vtip.<\/p>\n<p>\ud83d\udc49 Emisn\u00ed povolenky zdra\u017e\u00ed topen\u00ed a benzin o des\u00edtky tis\u00edc K\u010d ro\u010dn\u011b. Pod\u011bkujte Green Dealu. Co je ale nejv\u011bt\u0161\u00ed absurdnost? Fiala te\u010f tvrd\u00ed, \u017ee se pokus\u00ed emisn\u00ed povolenky zastavit a \u017ee lid\u00e9 nesm\u00ed dopl\u00e1cet na nesmysln\u00e9 ambice.. A p\u0159itom to byl pr\u00e1v\u011b on, kdo emisn\u00ed povolenky v EU schv\u00e1lil a prosadil za \u010desk\u00e9ho p\u0159edsednictv\u00ed.<\/p>\n<p>\ud83d\udc49 Trestn\u00ed ozn\u00e1men\u00ed na Barto\u0161ovu digitalizaci stavebn\u00edho \u0159\u00edzen\u00ed! Zn\u00e1m\u00fd moder\u00e1tor Michal P\u016fr ho podal pot\u00e9, co audity odhalily, jak Pir\u00e1ti v\u011bdom\u011b poru\u0161ili \u0159adu p\u0159edpis\u016f i z\u00e1kon\u016f ale hlavn\u011b rozd\u00e1vali ve\u0159ejn\u00e9 zak\u00e1zky bez sout\u011b\u017ee, co\u017e potvrdil i \u00da\u0159ad pro ochranu hospod\u00e1\u0159sk\u00e9 sout\u011b\u017ee a nov\u011b tak\u00e9 Nejvy\u0161\u0161\u00ed spr\u00e1vn\u00ed soud.<\/p>\n<p>\ud83d\udc49 Praha je v dopravn\u00edm pekle. Zden\u011bk H\u0159ib rozkopal Plze\u0148skou ulici a z\u00e1rove\u0148 uzav\u0159el jej\u00ed obj\u00edzdn\u00e9 trasy a okoln\u00ed ulice. \u0160\u00edlenost, kter\u00e1 zasko\u010dila i m\u00edstn\u00edho starostu, ale kter\u00e1 je pro Pir\u00e1ty v na\u0161em m\u011bst\u011b u\u017e docela typick\u00e1. H\u0159ib se tv\u00e1\u0159\u00ed, \u017ee je v\u0161e v po\u0159\u00e1dku.<\/p>\n<p>\ud83d\udc49 T\u00edm to ale nekon\u010d\u00ed. Kv\u016fli rozkopan\u00fdm kolej\u00edm uv\u00edzlo o v\u00edkendu 83 klimatizovan\u00fdch tramvaj\u00ed v depu, tak\u017ee po Praze jezdily p\u0159ev\u00e1\u017en\u011b neklimatizovan\u00e9 stroje. V parn\u00fdch letn\u00edch dnech je to v\u00e1\u017en\u011b &#8222;pot\u011b\u0161uj\u00edc\u00ed z\u00e1\u017eitek&#8220;. Pod Pir\u00e1ty a ODS n\u00e1s u\u017e ale nic nep\u0159ekvap\u00ed.<\/p>\n<p>\ud83d\udc49 Elektrokolob\u011b\u017eky budou d\u00e1l p\u0159ek\u00e1\u017eet v ulic\u00edch, proto\u017ee se rozh\u00e1dan\u00e1 p\u011btikoalice v Praze nen\u00ed schopn\u00e1 domluvit a jejich z\u00e1kaz nebyl schv\u00e1len. \u010clov\u011bk by si myslel, \u017ee alespo\u0148 o t\u011bch men\u0161\u00edch v\u011bcech spolu dok\u00e1\u017eou konstruktivn\u011b mluvit, ale bohu\u017eel.<\/p>\n<p>\ud83d\udc49 Dal\u0161\u00ed \u0161lendri\u00e1n Pir\u00e1tsk\u00e9 strany. Do Dopravn\u00edho podniku nakupuj\u00ed ty nejlevn\u011bj\u0161\u00ed tureck\u00e9 vozy bez ohledu na kvalitu &#8211; a u toho je\u0161t\u011b H\u0159ib pomlouv\u00e1 v\u00fdrobce z \u010ceska. Jsou to p\u0159itom pr\u00e1v\u011b tyto tureck\u00e9 trolejbusy, se kter\u00fdmi jsou v jin\u00fdch zem\u00edch probl\u00e9my.<\/p>\n<p>\ud83d\udc49 Lidem doch\u00e1z\u00ed trp\u011blivost a protestovali proti Airbnb a probl\u00e9my s n\u00edm a masov\u00fdm turismem spojen\u00fdmi. N\u00e1\u0161 Patrik Nacher u\u017e roky usilovn\u011b bojuje za schv\u00e1len\u00ed regulac\u00ed kr\u00e1tkodob\u00fdch pron\u00e1jm\u016f, p\u0159esto mu Sn\u011bmovna ani jednou neumo\u017enila n\u00e1vrh za\u0159adit do programu.<\/p>\n<p>To v\u0161e a mnohem v\u00edc se dozv\u00edte ve 139. d\u00edlu m\u00e9ho politick\u00e9ho podcastu. D\u011bkuji v\u00e1m p\u0159edem za zhl\u00e9dnut\u00ed a pros\u00edm o dal\u0161\u00ed sd\u00edlen\u00ed, a\u0165 se pravdu dozv\u00ed co nejv\u00edc lid\u00ed! T\u011b\u0161\u00edm se na dotazy i koment\u00e1\u0159e!<\/p>\n<p><iframe loading=\"lazy\" title=\"Prezidentova kudla do zad vl\u00e1d\u011b. Zpochybnil jejich verzi bitcoinu. Rekordn\u00ed dluhy. | \u010cau Praho #139\" width=\"640\" height=\"360\" src=\"https:\/\/www.youtube.com\/embed\/qiP7MRvVgus?feature=oembed\" frameborder=\"0\" allow=\"accelerometer; autoplay; clipboard-write; encrypted-media; gyroscope; picture-in-picture; web-share\" referrerpolicy=\"strict-origin-when-cross-origin\" allowfullscreen><\/iframe><\/p>\n<p><span style=\"font-size: 14pt;\"><strong>Ing. Ond\u0159ej Prokop<\/strong><\/span><\/p>\n<p>&nbsp;<\/p>\n<p>&nbsp;<\/p>\n","protected":false},"excerpt":{"rendered":"<p>Prezident Pavel vrazil Fialov\u011b vl\u00e1d\u011b kudlu do zad kv\u016fli bitcoinu. Zpochybnil Stanjurovu verzi p\u0159\u00edb\u011bhu a&#8230;<\/p>\n","protected":false},"author":2,"featured_media":67844,"comment_status":"closed","ping_status":"closed","sticky":false,"template":"","format":"standard","meta":[],"categories":[6],"tags":[1503,1173,9405,889,99],"_links":{"self":[{"href":"https:\/\/www.infokuryr.cz\/n\/wp-json\/wp\/v2\/posts\/82538"}],"collection":[{"href":"https:\/\/www.infokuryr.cz\/n\/wp-json\/wp\/v2\/posts"}],"about":[{"href":"https:\/\/www.infokuryr.cz\/n\/wp-json\/wp\/v2\/types\/post"}],"author":[{"embeddable":true,"href":"https:\/\/www.infokuryr.cz\/n\/wp-json\/wp\/v2\/users\/2"}],"replies":[{"embeddable":true,"href":"https:\/\/www.infokuryr.cz\/n\/wp-json\/wp\/v2\/comments?post=82538"}],"version-history":[{"count":0,"href":"https:\/\/www.infokuryr.cz\/n\/wp-json\/wp\/v2\/posts\/82538\/revisions"}],"wp:featuredmedia":[{"embeddable":true,"href":"https:\/\/www.infokuryr.cz\/n\/wp-json\/wp\/v2\/media\/67844"}],"wp:attachment":[{"href":"https:\/\/www.infokuryr.cz\/n\/wp-json\/wp\/v2\/media?parent=82538"}],"wp:term":[{"taxonomy":"category","embeddable":true,"href":"https:\/\/www.infokuryr.cz\/n\/wp-json\/wp\/v2\/categories?post=82538"},{"taxonomy":"post_tag","embeddable":true,"href":"https:\/\/www.infokuryr.cz\/n\/wp-json\/wp\/v2\/tags?post=82538"}],"curies":[{"name":"wp","href":"https:\/\/api.w.org\/{rel}","templated":true}]}}