{"id":82536,"date":"2025-07-01T00:16:58","date_gmt":"2025-06-30T22:16:58","guid":{"rendered":"https:\/\/www.infokuryr.cz\/n\/?p=82536"},"modified":"2025-06-30T13:09:17","modified_gmt":"2025-06-30T11:09:17","slug":"jiri-paroubek-tezke-je-spojovani-levice","status":"publish","type":"post","link":"https:\/\/www.infokuryr.cz\/n\/2025\/07\/01\/jiri-paroubek-tezke-je-spojovani-levice\/","title":{"rendered":"Ji\u0159\u00ed Paroubek: T\u011b\u017ek\u00e9 je spojov\u00e1n\u00ed levice&#8230;"},"content":{"rendered":"<div id=\"fb-root\"><\/div>\n<p><strong>\u010cesk\u00e1 pravice, jakkoliv je ne\u00fasp\u011b\u0161n\u00e1 ve sv\u00e9m vl\u00e1dnut\u00ed a tu a tam nech\u00e1v\u00e1 za sebou stra\u0161liv\u00e9 korup\u010dn\u00ed kauzy, m\u00e1 jednu obrovskou p\u0159ednost. \u017d\u00e1dn\u00fd z programov\u00fdch postul\u00e1t\u016f nen\u00ed pro ni tak svat\u00fd, aby nemohl b\u00fdt potla\u010den, pokud by zabra\u0148oval spojenectv\u00ed pravicov\u00fdch stran v p\u0159edvolebn\u00ed koalici. Neb\u00fdt tohoto spojenectv\u00ed v t\u00e9to koalici, pod n\u00e1zvem Spolu, politicky by ji\u017e d\u00e1vno dod\u00fdchala TOP 09 i Lidovci. Trend integrace na pravici je z\u0159ejm\u00fd a je nezadr\u017eiteln\u00fd.<\/strong><\/p>\n<p style=\"font-weight: 400;\">Programov\u00e9 rozd\u00edly mezi stranami br\u00e1n\u00ed sice vl\u00e1d\u011b vznikl\u00e9 na principu spolupr\u00e1ce v\u0161ech proti Babi\u0161ovi v\u00a0efektivn\u00ed exekutivn\u00ed spolupr\u00e1ci, ale jsou ve vl\u00e1d\u011b. Vl\u00e1da p\u011btikoalice, pot\u00e9 \u010dty\u0159koalice byla tak ochromena ve sv\u00e9m v\u00fdkonu od sam\u00e9ho po\u010d\u00e1tku. A v\u00a0k\u0159e\u010di prostoupen\u00e9 tu a tam n\u011bjakou korup\u010dn\u00ed af\u00e9rou (bitcoiny, Dozimetr ad.), dovl\u00e1dne pravice p\u0159esto a\u017e do konce \u0159\u00e1dn\u00e9ho funk\u010dn\u00edho obdob\u00ed. Je to smutn\u00e9 p\u0159edstaven\u00ed, ale to, \u017ee mohla toto p\u0159edstaven\u00ed pravice v\u016fbec uspo\u0159\u00e1dat, je zp\u016fsobeno mj. schopnost\u00ed jejich l\u00eddr\u016f potla\u010dit sv\u00e9 ego a tak\u00e9 \u010dasto v\u00fdrazn\u00e9 programov\u00e9 rozd\u00edly mezi stranami\u2026<\/p>\n<p style=\"font-weight: 400;\">Na levici nic takov\u00e9ho nen\u00ed. Socdem J. Mal\u00e1\u010dov\u00e9 se vydalo neuv\u011b\u0159itelnou cestou podb\u00edzen\u00ed se velk\u00fdm (hnut\u00ed ANO) i men\u0161\u00edm \u201ekluk\u016fm\u201c (P\u0159\u00edsaha a Sta\u010dilo!). Tyto n\u00e1mluvy byly bu\u010f ne\u00fasp\u011b\u0161n\u00e9 a v\u00a0p\u0159\u00edpad\u011b koalice Sta\u010dilo!\u00a0 maj\u00ed zat\u00edm pro Socdem velmi poni\u017euj\u00edc\u00ed charakter.<\/p>\n<h3 style=\"font-weight: 400;\"><strong>Integrace levice je spr\u00e1vn\u00e1 cesta<\/strong><\/h3>\n<p style=\"font-weight: 400;\">Tedy, spr\u00e1vn\u00e1 za p\u0159edpokladu, \u017ee bude na rovnopr\u00e1vn\u00e9m z\u00e1klad\u011b a \u017ee si strany uchovaj\u00ed svou politickou a organiza\u010dn\u00ed samostatnost.<\/p>\n<p style=\"font-weight: 400;\">I takticky je spojen\u00ed stran levice spr\u00e1vnou v\u011bc\u00ed. I kdy\u017e nelze po\u010d\u00edtat s\u00a0t\u00edm, \u017ee kone\u010dn\u00fd volebn\u00ed v\u00fdsledek bude prost\u00fdm sou\u010dtem jejich volebn\u00edch preferenc\u00ed. V\u00a0tomto p\u0159\u00edpad\u011b koalice Sta\u010dilo! a Socdem, tedy n\u011bkde kolem 6 %. Spojen\u00ed v\u0161ak zvy\u0161uje\u00a0 nad\u011bji, \u017ee v nov\u00e9 sn\u011bmovn\u011b budou zasedat poslanci zastupuj\u00edc\u00ed levici.<\/p>\n<h3 style=\"font-weight: 400;\"><strong>Co tomu br\u00e1n\u00ed?<\/strong><\/h3>\n<p style=\"font-weight: 400;\">P\u0159ek\u00e1\u017eky jsou na obou stran\u00e1ch. Jak na stran\u011b Socdem, tak na stran\u011b Sta\u010dilo!. Pokud jde o Socdem, tak nerovnopr\u00e1vnost p\u0159ipravovan\u00e9ho koali\u010dn\u00edho spojen\u00ed mezi ob\u011bma stranami zp\u016fsobuje, \u017ee prakticky v\u00a0p\u0159\u00edm\u00e9m p\u0159enosu a b\u011bhem n\u011bkolika dn\u00ed doch\u00e1z\u00ed k\u00a0rozpadu Socdem. A nen\u00ed to jen prost\u00fd rozpad politick\u00e9 strany, tedy strany, kter\u00e1 je\u00a0 147 let star\u00e1.\u00a0 Z\u00a0t\u00e9to strany odch\u00e1zej\u00ed na jedn\u00e9 stran\u011b kvalitn\u00ed lid\u00e9, kte\u0159\u00ed jsou do budoucna nenahraditeln\u00ed (nap\u0159. sou\u010dasn\u00fd radn\u00ed Hradeck\u00e9ho kraje \u0160t\u011bp\u00e1n, dlouholet\u00fd funkcion\u00e1\u0159 strany Ry\u0161av\u00fd a cel\u00e1 plej\u00e1da dal\u0161\u00edch). K\u00a0t\u011bmto odchod\u016fm doch\u00e1z\u00ed jednak z\u00a0ideov\u00fdch d\u016fvod\u016f, ale nelze nevid\u011bt tak\u00e9 jin\u00fd d\u016fvod, kter\u00fdm je to, \u017ee se tito lid\u00e9 nevid\u00ed na kandid\u00e1tk\u00e1ch. \u017de tam prost\u011b pro n\u011b nen\u00ed prostor a t\u00edm zdaleka nemysl\u00edm jenom voliteln\u00e1 m\u00edsta. T\u011bch p\u0159i o\u010dek\u00e1vateln\u00e9m volebn\u00edm v\u00fdsledku \u2013 lze o\u010dek\u00e1vat v\u00a0ide\u00e1ln\u00edm stavu 5 \u2013 6 % &#8211; bude tak do deseti. A ka\u017ed\u00fd um\u00ed po\u010d\u00edtat. Politick\u00e1 strana nen\u00ed prost\u011b spolek skaut\u016f, ale lid\u00ed, kte\u0159\u00ed cht\u011bj\u00ed prosazovat sv\u00e9 n\u00e1zory, ideje v politick\u00e9 sout\u011b\u017ei. A projevem politick\u00e9 sout\u011b\u017ee jsou v\u00a0prvn\u00ed \u0159ad\u011b volby.<\/p>\n<p style=\"font-weight: 400;\">Na druh\u00e9 stran\u011b se Socdem zbav\u00ed definitivn\u011b mnoha arcikari\u00e9rist\u016f typu Pocheho, Netolick\u00e9ho, Dienstbiera, Dol\u00ednka a dal\u0161\u00edch es. Tito lid\u00e9 u\u017e d\u00e1vno pochopili, \u017ee Socdem nem\u00e1 pro n\u011b \u017e\u00e1dnou p\u0159idanou hodnotu v\u00a0dal\u0161\u00edch halafanc\u00edch, na kter\u00e9 byli v\u00a0dob\u011b sv\u00e9 politick\u00e9 \u201esl\u00e1vy\u201c zvykl\u00ed. Prost\u011b vyu\u017eili situace, svedli to na komunisty a hotovo. A te\u010f budou, pokud v\u016fbec dojde k\u00a0akceptaci J. Mal\u00e1\u010dov\u00e9 a L. Zaor\u00e1lka na voliteln\u00e1 m\u00edsta kandid\u00e1tek koalice Sta\u010dilo!, ost\u0159elovat a\u017e do voleb tuto koalici tak, aby ji co nejv\u00edce oslabili. Spojen\u00ed dvou levicov\u00fdch stran m\u00e1 tedy v\u00a0tomto p\u0159\u00edpad\u011b velkou slabinu. Za J. Mal\u00e1\u010dovou toti\u017e nestoj\u00ed strana, ale jen jej\u00ed osobn\u00ed z\u00e1jem.<\/p>\n<p style=\"font-weight: 400;\">Samoz\u0159ejm\u011b, \u017ee lid\u00e9, kte\u0159\u00ed d\u0159\u00edve pracovali pro M. Zemana (mohl bych je jmenovat), te\u010f pracuj\u00ed ve prosp\u011bch koalice Sta\u010dilo!. A samoz\u0159ejm\u011b to jsou oni, kdo dojedn\u00e1val tuto zat\u00edm nepoda\u0159enou f\u00fazi.<\/p>\n<p style=\"font-weight: 400;\">Tak\u00e9 u komunist\u016f, respektive u t\u011bch, kte\u0159\u00ed se ke komunistick\u00e9 stran\u011b z\u00a0kari\u00e9rn\u00edch \u010di jin\u00fdch d\u016fvod\u016f p\u0159idali (nap\u0159. Vidl\u00e1k \u010di Turo\u0148ov\u00e1) vznik\u00e1 odpor ve vztahu k\u00a0t\u00e9to f\u00fazi. Ten odpor je t\u011b\u017eko pochopiteln\u00fd racion\u00e1ln\u011b. Proto\u017ee hnut\u00ed Sta\u010dilo! ztratilo politickou dynamiku a dnes se ji\u017e, podle agentury STEM, \u00a0s\u00a0p\u0159edvolebn\u00edmi preferencemi dostalo pod \u00farove\u0148 5 %. Podle seri\u00f3zn\u00ed agentury Kantar by se Sta\u010dilo! nad 5 % ani nikdy za posledn\u00ed p\u016flrok nedostalo.<\/p>\n<p style=\"font-weight: 400;\">Tak\u017ee, pokud by Vidl\u00e1k a spol. uva\u017eovali alespo\u0148 trochu strategicky a bez osobn\u00edch animozit a rekriminac\u00ed, museli by jak\u00fdkoliv p\u0159\u00edr\u016fstek volebn\u00edch preferenc\u00ed Sta\u010dilo! p\u0159iv\u00edtat. Ale oni je\u0161t\u011b p\u0159ikl\u00e1daj\u00ed pod kotel, a to zcela nepochopiteln\u011b. Poni\u017euj\u00ed budouc\u00edho partnera. A mistry v\u00a0tom jsou zejm\u00e9na b\u00fdval\u00ed \u010dlenov\u00e9 soci\u00e1ln\u00ed demokracie. Tak \u0159e\u010den\u00fd Vidl\u00e1k mluv\u00ed o J. Mal\u00e1\u010dov\u00e9, kter\u00e1 pr\u00fd p\u0159i\u0161la k jedn\u00e1n\u00ed s\u00a0\u201eb\u00edl\u00fdm praporem\u201c. Pan\u00ed Turo\u0148ov\u00e1 zase pro zm\u011bnu mluv\u00ed o tom, \u017ee p\u0159i\u0161ed\u0161\u00ed soci\u00e1ln\u00ed demokrat\u00e9 mus\u00ed akceptovat\u00a0konzervativn\u011b levicov\u00fd\u00a0program koalice Sta\u010dilo!.\u00a0Je to t\u011b\u017eko pochopiteln\u00e1 hloupost v\u00a0obou p\u0159\u00edpadech a stra\u0161liv\u00e1 nevelkorysost, proti kter\u00e9 by m\u011bl okam\u017eit\u011b zas\u00e1hnout vedouc\u00ed tandem Sta\u010dilo! Bobo\u0161\u00edkov\u00e1 \u2013 Kone\u010dn\u00e1. Tyto dv\u011b d\u00e1my zat\u00edm &#8222;ml\u010d\u00ed a t\u00edm tedy k\u0159i\u010d\u00ed&#8220; (Cicero). Nev\u00edm, co je to \u201ekonzervativn\u011b levicov\u00fd\u201c, proto\u017ee to je protimluv. Adekv\u00e1tn\u00ed k\u00a0jin\u00e9 blbosti, kterou by byl nap\u0159. \u201eantifa\u0161istick\u00fd nacista\u201c\u00a0anebo \u201edemokratick\u00fd dikt\u00e1tor\u201c. Prost\u011b Turo\u0148ov\u00e1 m\u00e1 v\u00a0hlav\u011b bordel, o Vidl\u00e1kovi ani nemluv\u011b. M\u00edsto aby byli Socdem \u0161pi\u010dky p\u0159iv\u00edt\u00e1ny oslavnou fanf\u00e1rou, budou je te\u010f Vidl\u00e1kov\u00e9 a Turo\u0148ov\u00e9 a Klus\u00e1\u010dkov\u00e9 macerovat. A t\u00edmto sv\u00fdmi po\u010d\u00edn\u00e1n\u00edm budou sni\u017eovat potenci\u00e1l volebn\u00edch preferenc\u00ed f\u00fazuj\u00edc\u00edch stran.<\/p>\n<p style=\"font-weight: 400;\">Zkr\u00e1tka ti, kdo celou v\u011bc u\u0161ili a cht\u011bli tak zajistit A. Babi\u0161ovi dal\u0161\u00edho koali\u010dn\u00edho partnera, neuva\u017eovali s\u00a0lidskou blbost\u00ed a p\u0159edpojatost\u00ed. Samoz\u0159ejm\u011b, \u017ee s\u00edly spojen\u00e9 v medi\u00e1ln\u00edm prostoru se sou\u010dasnou vl\u00e1dn\u00ed koalic\u00ed ud\u011blaj\u00ed v\u0161e pro to, aby f\u00fazuj\u00edc\u00ed strany, respektive sp\u00ed\u0161e by se hodilo \u0159\u00edci J. Mal\u00e1\u010dovou a L. Zaor\u00e1lka f\u00fazuj\u00edc\u00ed s\u00a0hnut\u00edm Sta\u010dilo!, co nejv\u00edce dehonestovali tak, aby je podle mo\u017enosti zahnali ve volb\u00e1ch pod \u00farove\u0148 5 % hlas\u016f voli\u010d\u016f.<\/p>\n<p style=\"font-weight: 400;\">I z\u00a0t\u011bchto d\u016fvod\u016f jsme se rozhodli ve veden\u00ed \u010cSSD (\u010cesk\u00e1 suverenita soci\u00e1ln\u00ed demokracie) vytvo\u0159it spole\u010dnou kandid\u00e1tku v\u0161ech dal\u0161\u00edch levicov\u00fdch stran, kter\u00e9 o to projev\u00ed z\u00e1jem (Domov; Sm\u011br; Levice ad). \u010cSSD je slo\u017eena vesm\u011bs ze\u00a0 soci\u00e1ln\u00edch demokrat\u016f, kte\u0159\u00ed opustili \u0159ady p\u016fvodn\u00ed soci\u00e1ln\u00ed demokracie. To, jak\u00fdm debaklem skon\u010d\u00ed Socdem Lidov\u00e9ho domu mohl t\u011b\u017eko kdokoli z\u00a0n\u00e1s p\u0159edv\u00eddat. Ale bez jak\u00e9koliv nads\u00e1zky a s\u00a0plnou pokorou mohu \u0159\u00edci, \u017ee \u010cSSD v\u00a0tuto chv\u00edli z\u016fst\u00e1v\u00e1 na politick\u00e9 sc\u00e9n\u011b jedinou funk\u010dn\u00ed stranou soci\u00e1ln\u011b demokratick\u00e9ho zam\u011b\u0159en\u00ed. B\u011bhem n\u011bkolik dn\u00ed dokon\u010d\u00edme p\u0159edvolebn\u00ed program a b\u011bhem zhruba dvou t\u00fddn\u016f p\u0159edstav\u00edme volebn\u00ed kandid\u00e1tky pro sn\u011bmovn\u00ed volby.<\/p>\n<p><a href=\"https:\/\/vasevec.info\/domaci-politika\/tezke-je-spojovani-levice\">Ji\u0159\u00ed Paroubek<\/a><\/p>\n<p><img decoding=\"async\" loading=\"lazy\" class=\"alignnone size-medium wp-image-2342\" src=\"http:\/\/www.infokuryr.cz\/n\/wp-content\/uploads\/2021\/06\/paroubek-300x208.jpg\" alt=\"\" width=\"300\" height=\"208\" srcset=\"https:\/\/www.infokuryr.cz\/n\/wp-content\/uploads\/2021\/06\/paroubek-300x208.jpg 300w, https:\/\/www.infokuryr.cz\/n\/wp-content\/uploads\/2021\/06\/paroubek.jpg 318w\" sizes=\"(max-width: 300px) 100vw, 300px\" \/><\/p>\n<p>&nbsp;<\/p>\n","protected":false},"excerpt":{"rendered":"<p>\u010cesk\u00e1 pravice, jakkoliv je ne\u00fasp\u011b\u0161n\u00e1 ve sv\u00e9m vl\u00e1dnut\u00ed a tu a tam nech\u00e1v\u00e1 za sebou&#8230;<\/p>\n","protected":false},"author":2,"featured_media":82537,"comment_status":"closed","ping_status":"closed","sticky":false,"template":"","format":"standard","meta":[],"categories":[6],"tags":[1503,1312,122,7719],"_links":{"self":[{"href":"https:\/\/www.infokuryr.cz\/n\/wp-json\/wp\/v2\/posts\/82536"}],"collection":[{"href":"https:\/\/www.infokuryr.cz\/n\/wp-json\/wp\/v2\/posts"}],"about":[{"href":"https:\/\/www.infokuryr.cz\/n\/wp-json\/wp\/v2\/types\/post"}],"author":[{"embeddable":true,"href":"https:\/\/www.infokuryr.cz\/n\/wp-json\/wp\/v2\/users\/2"}],"replies":[{"embeddable":true,"href":"https:\/\/www.infokuryr.cz\/n\/wp-json\/wp\/v2\/comments?post=82536"}],"version-history":[{"count":0,"href":"https:\/\/www.infokuryr.cz\/n\/wp-json\/wp\/v2\/posts\/82536\/revisions"}],"wp:featuredmedia":[{"embeddable":true,"href":"https:\/\/www.infokuryr.cz\/n\/wp-json\/wp\/v2\/media\/82537"}],"wp:attachment":[{"href":"https:\/\/www.infokuryr.cz\/n\/wp-json\/wp\/v2\/media?parent=82536"}],"wp:term":[{"taxonomy":"category","embeddable":true,"href":"https:\/\/www.infokuryr.cz\/n\/wp-json\/wp\/v2\/categories?post=82536"},{"taxonomy":"post_tag","embeddable":true,"href":"https:\/\/www.infokuryr.cz\/n\/wp-json\/wp\/v2\/tags?post=82536"}],"curies":[{"name":"wp","href":"https:\/\/api.w.org\/{rel}","templated":true}]}}