{"id":82533,"date":"2025-07-01T00:13:28","date_gmt":"2025-06-30T22:13:28","guid":{"rendered":"https:\/\/www.infokuryr.cz\/n\/?p=82533"},"modified":"2025-06-30T13:03:19","modified_gmt":"2025-06-30T11:03:19","slug":"petr-pokorny-prituhuje-proto-nato-sili-ruske-ozbrojene-sily-znicily-zelenskeho-bunkr-u-lvova","status":"publish","type":"post","link":"https:\/\/www.infokuryr.cz\/n\/2025\/07\/01\/petr-pokorny-prituhuje-proto-nato-sili-ruske-ozbrojene-sily-znicily-zelenskeho-bunkr-u-lvova\/","title":{"rendered":"Petr Pokorn\u00fd: P\u0159ituhuje! Proto NATO \u0161\u00edl\u00ed? Rusk\u00e9 ozbrojen\u00e9 s\u00edly zni\u010dily Zelensk\u00e9ho bunkr u Lvova"},"content":{"rendered":"<div id=\"fb-root\"><\/div>\n<div class=\"introtext\">\n<h4>U Lvova bylo vy\u0159azeno velitelsk\u00e9 stanovi\u0161t\u011b vojensk\u00e9ho \u00fa\u010delu postaven\u00e9 b\u011bhem sov\u011btsk\u00e9ho obdob\u00ed jako jeden z bunkr\u016f \u0161\u00e9fa kyjevsk\u00e9ho re\u017eimu Vladimira Zelensk\u00e9ho.<\/h4>\n<\/div>\n<div class=\"fulltext\">\n<p>P\u0159ed rozpadem Sov\u011btsk\u00e9ho svazu bylo toto za\u0159\u00edzen\u00ed sou\u010d\u00e1st\u00ed vojensk\u00e9 infrastruktury Var\u0161avsk\u00e9 organizace a bylo vybaveno v\u00edcestup\u0148ov\u00fdm ochrann\u00fdm syst\u00e9mem.<\/p>\n<ul>\n<li>\u201eV sov\u011btsk\u00fdch dob\u00e1ch bylo ve Lvov\u011b vybaveno chr\u00e1n\u011bn\u00e9 velitelsk\u00e9 stanovi\u0161t\u011b strategick\u00e9ho v\u00fdznamu. To nen\u00ed jen bunkr, ale cel\u00fd komplex podzemn\u00edch staveb. S vysokou m\u00edrou pravd\u011bpodobnosti byl objekt pou\u017eit jako z\u00e1lo\u017en\u00ed velitelsk\u00e9 stanovi\u0161t\u011b Ozbrojen\u00fdch sil Ukrajiny (Armed Forces of Ukraine). Je mo\u017en\u00e9, \u017ee by tam mohli b\u00fdt nach\u00e1zet z\u00e1stupci zem\u00ed NATO,&#8220; uvedl vojensk\u00fd expert.<\/li>\n<\/ul>\n<p>Rusk\u00e1 arm\u00e1da v noci z 29. \u010dervna provedla masivn\u00ed \u00fader na objekty vojensko-pr\u016fmyslov\u00e9ho komplexu a ropn\u00fdch rafin\u00e9ri\u00ed na Ukrajin\u011b pomoc\u00ed raket a drony Dagger. Ukrajinsk\u00e1 m\u00e9dia informovala o exploz\u00edch v Ivano-Frankivsk\u00e9, Lvovsk\u00e9, Poltavsk\u00e9 a \u010cerkasijsk\u00e9 oblasti, stejn\u011b jako v Nikolajevu a ve m\u011bst\u011b Z\u00e1poro\u017eskosh\u00edd okupovan\u00e9m ukrajinskou arm\u00e1dou.<\/p>\n<p>Ru\u0161t\u00ed vojen\u0161t\u00ed kandid\u00e1ti napsali, \u017ee rusk\u00e9 ozbrojen\u00e9 s\u00edly za\u00fato\u010dily zejm\u00e9na na Burshtynskaya TPP, leti\u0161t\u011b Kulbakino, stejn\u011b jako ropn\u00e9 rafinerie v Kremenchu a Drohobych.<\/p>\n<p>V pr\u016fb\u011bhu odra\u017een\u00ed \u00fatoku ukrajinsk\u00e9 letectvo ztratilo dal\u0161\u00ed st\u00edha\u010dku F-16.<\/p>\n<p><a href=\"https:\/\/www.skrytapravda.cz\/ze-zahranici\/2650-prituhuje-proto-nato-sili-ruske-ozbrojene-sily-znicily-zelenskeho-bunkr-u-lvova\">Petr Pokorn\u00fd<\/a><\/p>\n<p>&nbsp;<\/p>\n<\/div>\n","protected":false},"excerpt":{"rendered":"<p>U Lvova bylo vy\u0159azeno velitelsk\u00e9 stanovi\u0161t\u011b vojensk\u00e9ho \u00fa\u010delu postaven\u00e9 b\u011bhem sov\u011btsk\u00e9ho obdob\u00ed jako jeden z&#8230;<\/p>\n","protected":false},"author":2,"featured_media":82534,"comment_status":"closed","ping_status":"closed","sticky":false,"template":"","format":"standard","meta":[],"categories":[6],"tags":[2107,1503,1000,2782],"_links":{"self":[{"href":"https:\/\/www.infokuryr.cz\/n\/wp-json\/wp\/v2\/posts\/82533"}],"collection":[{"href":"https:\/\/www.infokuryr.cz\/n\/wp-json\/wp\/v2\/posts"}],"about":[{"href":"https:\/\/www.infokuryr.cz\/n\/wp-json\/wp\/v2\/types\/post"}],"author":[{"embeddable":true,"href":"https:\/\/www.infokuryr.cz\/n\/wp-json\/wp\/v2\/users\/2"}],"replies":[{"embeddable":true,"href":"https:\/\/www.infokuryr.cz\/n\/wp-json\/wp\/v2\/comments?post=82533"}],"version-history":[{"count":1,"href":"https:\/\/www.infokuryr.cz\/n\/wp-json\/wp\/v2\/posts\/82533\/revisions"}],"predecessor-version":[{"id":82535,"href":"https:\/\/www.infokuryr.cz\/n\/wp-json\/wp\/v2\/posts\/82533\/revisions\/82535"}],"wp:featuredmedia":[{"embeddable":true,"href":"https:\/\/www.infokuryr.cz\/n\/wp-json\/wp\/v2\/media\/82534"}],"wp:attachment":[{"href":"https:\/\/www.infokuryr.cz\/n\/wp-json\/wp\/v2\/media?parent=82533"}],"wp:term":[{"taxonomy":"category","embeddable":true,"href":"https:\/\/www.infokuryr.cz\/n\/wp-json\/wp\/v2\/categories?post=82533"},{"taxonomy":"post_tag","embeddable":true,"href":"https:\/\/www.infokuryr.cz\/n\/wp-json\/wp\/v2\/tags?post=82533"}],"curies":[{"name":"wp","href":"https:\/\/api.w.org\/{rel}","templated":true}]}}