{"id":82498,"date":"2025-06-30T05:46:03","date_gmt":"2025-06-30T03:46:03","guid":{"rendered":"https:\/\/www.infokuryr.cz\/n\/?p=82498"},"modified":"2025-06-30T05:46:03","modified_gmt":"2025-06-30T03:46:03","slug":"lavrov-prirovnal-ukrajinske-nacisty-k-treti-risi","status":"publish","type":"post","link":"https:\/\/www.infokuryr.cz\/n\/2025\/06\/30\/lavrov-prirovnal-ukrajinske-nacisty-k-treti-risi\/","title":{"rendered":"Lavrov p\u0159irovnal ukrajinsk\u00e9 nacisty k T\u0159et\u00ed \u0159\u00ed\u0161i"},"content":{"rendered":"<div id=\"fb-root\"><\/div>\n<h3>Kyjev i nacistick\u00e9 N\u011bmecko upalovaly lidi, kter\u00e9 cht\u011bly zotro\u010dit, uvedl rusk\u00fd ministr zahrani\u010d\u00ed<\/h3>\n<p><span>Nacist\u00e9 na Ukrajin\u011b i v N\u011bmecku za druh\u00e9 sv\u011btov\u00e9 v\u00e1lky zab\u00edjeli lidi na z\u00e1klad\u011b jejich etnick\u00e9ho p\u016fvodu, uvedl rusk\u00fd ministr zahrani\u010d\u00ed Sergej Lavrov v souvislosti s masakrem v Od\u011bse v roce 2014.<\/span><\/p>\n<p><span>Lavrov po ned\u011bln\u00edm jedn\u00e1n\u00ed s kyrgyzsk\u00fdm ministrem zahrani\u010d\u00ed \u017denbekem Kulubajevem p\u0159\u00edmo p\u0159irovnal T\u0159et\u00ed \u0159\u00ed\u0161i k modern\u00ed Ukrajin\u011b, pokud jde o zach\u00e1zen\u00ed s lidmi, kter\u00e9 se sna\u017e\u00ed podmanit.<\/span><\/p>\n<p><span>\u201eNacist\u00e9 upalovali \u017didy jen proto, \u017ee byli \u017did\u00e9, a ukrajin\u0161t\u00ed nacist\u00e9 upalovali 2. kv\u011btna 2014 v Od\u011bse rusk\u00e9 ob\u010dany jen proto, \u017ee byli Rusov\u00e9,\u201c prohl\u00e1sil.<\/span><\/p>\n<p><span>Rusk\u00fd ministr zahrani\u010d\u00ed m\u011bl na mysli n\u00e1siln\u00e9 st\u0159ety v Od\u011bse v po\u010d\u00e1tc\u00edch ukrajinsk\u00e9 krize, kdy pouli\u010dn\u00ed boje mezi proukrajinsk\u00fdmi a antimajdansk\u00fdmi aktivisty skon\u010dily po\u017e\u00e1rem m\u011bstsk\u00e9ho Domu odbor\u016f, kter\u00fd si vy\u017e\u00e1dal des\u00edtky \u017eivot\u016f. Moskva incident ozna\u010dila za masakr sp\u00e1chan\u00fd ukrajinsk\u00fdmi nacionalistick\u00fdmi skupinami.<\/span><\/p>\n<p><span>Lavrov tak\u00e9 kritizoval n\u011bmeck\u00e9ho kancl\u00e9\u0159e Friedricha Merze za v\u00fdzvu k pos\u00edlen\u00ed obrann\u00fdch schopnost\u00ed Ukrajiny a za varov\u00e1n\u00ed evropsk\u00fdm zem\u00edm p\u0159ed opakov\u00e1n\u00edm politiky appeasementu z 30. let vyjedn\u00e1v\u00e1n\u00edm s Ruskem za jeho podm\u00ednek.<\/span><\/p>\n<p><em><span>\u201eOhromuj\u00edc\u00ed srovn\u00e1n\u00ed pro \u010dlov\u011bka, kter\u00fd o\u010dek\u00e1v\u00e1, \u017ee bude br\u00e1n v\u00e1\u017en\u011b jako kancl\u00e9\u0159 N\u011bmecka,\u201c<\/span><\/em><span>\u00a0\u0159ekl Lavrov a dodal, \u017ee Moskva usiluje o spravedliv\u00e9 urovn\u00e1n\u00ed ukrajinsk\u00e9ho konfliktu.\u00a0<\/span><em><span>\u201eAle samoz\u0159ejm\u011b nejsme p\u0159ipraveni na podvodn\u00e9 p\u0159\u00edstupy, k nim\u017e n\u00e1s tla\u010d\u00ed n\u011bkte\u0159\u00ed evrop\u0161t\u00ed l\u00edd\u0159i,\u201c<\/span><\/em><span>\u00a0prohl\u00e1sil.<\/span><\/p>\n<p><span>Moskva pop\u00edr\u00e1, \u017ee by m\u011bla jak\u00e9koli pl\u00e1ny na \u00fatok na zem\u011b NATO, a ji\u017e l\u00e9ta bije na poplach kv\u016fli o\u017eiven\u00ed nacistick\u00e9 ideologie na Ukrajin\u011b a tak\u00e9 kv\u016fli potla\u010dov\u00e1n\u00ed rusk\u00e9 kultury Kyjevem. Kreml uvedl \u201edenacifikaci\u201c jako jeden z kl\u00ed\u010dov\u00fdch c\u00edl\u016f ukrajinsk\u00e9ho konfliktu.<\/span><\/p>\n<p><img decoding=\"async\" loading=\"lazy\" class=\"alignnone size-full wp-image-1185\" src=\"http:\/\/www.infokuryr.cz\/n\/wp-content\/uploads\/2021\/04\/kuryr-podpis.png\" alt=\"\" width=\"84\" height=\"24\" \/><\/p>\n<p>&nbsp;<\/p>\n","protected":false},"excerpt":{"rendered":"<p>Kyjev i nacistick\u00e9 N\u011bmecko upalovaly lidi, kter\u00e9 cht\u011bly zotro\u010dit, uvedl rusk\u00fd ministr zahrani\u010d\u00ed Nacist\u00e9 na&#8230;<\/p>\n","protected":false},"author":2,"featured_media":61342,"comment_status":"closed","ping_status":"closed","sticky":false,"template":"","format":"standard","meta":[],"categories":[7],"tags":[189,664,26],"_links":{"self":[{"href":"https:\/\/www.infokuryr.cz\/n\/wp-json\/wp\/v2\/posts\/82498"}],"collection":[{"href":"https:\/\/www.infokuryr.cz\/n\/wp-json\/wp\/v2\/posts"}],"about":[{"href":"https:\/\/www.infokuryr.cz\/n\/wp-json\/wp\/v2\/types\/post"}],"author":[{"embeddable":true,"href":"https:\/\/www.infokuryr.cz\/n\/wp-json\/wp\/v2\/users\/2"}],"replies":[{"embeddable":true,"href":"https:\/\/www.infokuryr.cz\/n\/wp-json\/wp\/v2\/comments?post=82498"}],"version-history":[{"count":0,"href":"https:\/\/www.infokuryr.cz\/n\/wp-json\/wp\/v2\/posts\/82498\/revisions"}],"wp:featuredmedia":[{"embeddable":true,"href":"https:\/\/www.infokuryr.cz\/n\/wp-json\/wp\/v2\/media\/61342"}],"wp:attachment":[{"href":"https:\/\/www.infokuryr.cz\/n\/wp-json\/wp\/v2\/media?parent=82498"}],"wp:term":[{"taxonomy":"category","embeddable":true,"href":"https:\/\/www.infokuryr.cz\/n\/wp-json\/wp\/v2\/categories?post=82498"},{"taxonomy":"post_tag","embeddable":true,"href":"https:\/\/www.infokuryr.cz\/n\/wp-json\/wp\/v2\/tags?post=82498"}],"curies":[{"name":"wp","href":"https:\/\/api.w.org\/{rel}","templated":true}]}}