{"id":82441,"date":"2025-06-29T06:10:21","date_gmt":"2025-06-29T04:10:21","guid":{"rendered":"https:\/\/www.infokuryr.cz\/n\/?p=82441"},"modified":"2025-06-29T06:10:21","modified_gmt":"2025-06-29T04:10:21","slug":"vlna-bankrotu-zasahla-nemecko-novy-rekord-v-poctu-insolvenci","status":"publish","type":"post","link":"https:\/\/www.infokuryr.cz\/n\/2025\/06\/29\/vlna-bankrotu-zasahla-nemecko-novy-rekord-v-poctu-insolvenci\/","title":{"rendered":"Vlna bankrot\u016f zas\u00e1hla N\u011bmecko \u2013 nov\u00fd rekord v po\u010dtu insolvenc\u00ed"},"content":{"rendered":"<div id=\"fb-root\"><\/div>\n<p><strong><span>Podle spole\u010dnosti Creditreform bude v N\u011bmecku v prvn\u00ed polovin\u011b roku 2025 p\u0159ibli\u017en\u011b 11 900 firemn\u00edch insolvenc\u00ed, co\u017e je nejvy\u0161\u0161\u00ed po\u010det za deset let. Jedn\u00edm z d\u016fvod\u016f je prob\u00edhaj\u00edc\u00ed recese. K tomu p\u0159isp\u00edvaj\u00ed i r\u016fst n\u00e1klad\u016f a p\u0159etrv\u00e1vaj\u00edc\u00ed ekonomick\u00e1 nejistota.<\/span><\/strong><\/p>\n<p><span>N\u011bmeck\u00e9 ekonomice se neda\u0159\u00ed nijak zvl\u00e1\u0161\u0165 dob\u0159e. To se odr\u00e1\u017e\u00ed i v\u00a0<\/span><a href=\"https:\/\/www.wiwo.de\/politik\/konjunktur\/firmenpleiten-auf-rekordhoch-so-viele-insolvenzen-wie-seit-zehn-jahren-nicht\/100137544.html\"><span>nejnov\u011bj\u0161\u00edch \u00fadaj\u00edch<\/span><\/a><span> o firemn\u00edch bankrotech. Podle Creditreformu, kdy v prvn\u00ed polovin\u011b roku 2025 prob\u011bhlo p\u0159ibli\u017en\u011b 11 900 firemn\u00edch bankrot\u016f, se jedn\u00e1 nejen o n\u00e1r\u016fst o 9,4 procenta ve srovn\u00e1n\u00ed se stejn\u00fdm obdob\u00edm lo\u0148sk\u00e9ho roku, ale tak\u00e9 o nejvy\u0161\u0161\u00ed po\u010det bankrot\u016f za posledn\u00edch deset let.<\/span><\/p>\n<p><span>Nejsiln\u011bj\u0161\u00ed n\u00e1r\u016fst zaznamenal v\u00fdrobn\u00ed sektor, a to o 17,5 procenta na 940 p\u0159\u00edpad\u016f. Druh\u00fd nejvy\u0161\u0161\u00ed n\u00e1r\u016fst p\u0159\u00edpad\u016f zaznamenal maloobchodn\u00ed sektor \u2013 o 13,8 procenta na 2 220 p\u0159\u00edpad\u016f. Celkov\u00e1 \u0161koda? 33,4 miliardy eur. V prvn\u00ed polovin\u011b roku 2024 to bylo 29,7 miliardy eur. Kv\u016fli vy\u0161\u0161\u00edmu po\u010dtu z\u00e1va\u017en\u00fdch insolvenc\u00ed je posti\u017eeno 141 000 pracovn\u00edch m\u00edst (2024: 133 000).<\/span><\/p>\n<p><span>Nejsou v\u0161ak tvrd\u011b zasa\u017eeny jen podniky. I po\u010det spot\u0159ebitelsk\u00fdch bankrot\u016f zaznamenal ve srovn\u00e1n\u00ed s prvn\u00edmi \u0161esti m\u011bs\u00edci lo\u0148sk\u00e9ho roku n\u00e1r\u016fst \u2013 o 6,6 procenta na p\u0159ibli\u017en\u011b 37 700 p\u0159\u00edpad\u016f. To je zp\u016fsobeno p\u0159edev\u0161\u00edm prudk\u00fdm n\u00e1r\u016fstem \u017eivotn\u00edch n\u00e1klad\u016f a ztr\u00e1tou pracovn\u00edch m\u00edst. Dom\u00e1cnosti si tedy nevedou o nic l\u00e9pe ne\u017e podniky.<\/span><\/p>\n<p><span>Od katastrof\u00e1ln\u00edch koronavirov\u00fdch karant\u00e9n p\u0159es dobrovoln\u011b zp\u016fsobenou energetickou krizi a\u017e po nadm\u011brnou byrokratizaci a zvy\u0161ov\u00e1n\u00ed odvod\u016f na soci\u00e1ln\u00ed zabezpe\u010den\u00ed (tak\u00e9 v d\u016fsledku destruktivn\u00ed migra\u010dn\u00ed politiky) nesou za tento v\u00fdvoj prim\u00e1rn\u00ed odpov\u011bdnost vl\u00e1dn\u00ed politiky CDU\/CSU, SPD, Zelen\u00fdch a FDP v posledn\u00edch letech. V d\u016fsledku toho N\u011bmecko st\u00e1le v\u00edce ztr\u00e1c\u00ed mezin\u00e1rodn\u00ed konkurenceschopnost. A zat\u00edm to nevypad\u00e1, \u017ee by sou\u010dasn\u00e1 koalice CDU\/CSU-SPD pracovala na zlep\u0161en\u00ed situace.<\/span><\/p>\n<p><span>N\u00e1sleduj\u00edc\u00ed obr\u00e1zek,\u00a0<\/span><a href=\"https:\/\/dzresearchblog.dzbank.de\/content\/dzresearch\/de\/2024\/03\/20\/kommt-es-zu-einer-deindustrialisierung-in-deutschland-.html\" target=\"_blank\" rel=\"noreferrer noopener\"><span>sn\u00edmek obrazovky z dzresearchblogu<\/span><\/a><span>\u00a0, ukazuje probl\u00e9m, kter\u00fd se r\u00fdsuje u\u017e dlouho \u2013 je\u0161t\u011b p\u0159ed velk\u00fdm koronavirov\u00fdm podvodem. Pot\u00e9 byla obvin\u011bna v\u00e1lka na Ukrajin\u011b \u2013 ale pravdou je, \u017ee za n\u00edm stoj\u00ed sankce naprosto megalomansk\u00e9 EU.<\/span><\/p>\n<p><img decoding=\"async\" loading=\"lazy\" class=\"alignnone size-full wp-image-1185\" src=\"http:\/\/www.infokuryr.cz\/n\/wp-content\/uploads\/2021\/04\/kuryr-podpis.png\" alt=\"\" width=\"84\" height=\"24\" \/><\/p>\n<p>&nbsp;<\/p>\n","protected":false},"excerpt":{"rendered":"<p>Podle spole\u010dnosti Creditreform bude v N\u011bmecku v prvn\u00ed polovin\u011b roku 2025 p\u0159ibli\u017en\u011b 11 900 firemn\u00edch&#8230;<\/p>\n","protected":false},"author":2,"featured_media":59754,"comment_status":"closed","ping_status":"closed","sticky":false,"template":"","format":"standard","meta":[],"categories":[7],"tags":[6674,2201,2888,84],"_links":{"self":[{"href":"https:\/\/www.infokuryr.cz\/n\/wp-json\/wp\/v2\/posts\/82441"}],"collection":[{"href":"https:\/\/www.infokuryr.cz\/n\/wp-json\/wp\/v2\/posts"}],"about":[{"href":"https:\/\/www.infokuryr.cz\/n\/wp-json\/wp\/v2\/types\/post"}],"author":[{"embeddable":true,"href":"https:\/\/www.infokuryr.cz\/n\/wp-json\/wp\/v2\/users\/2"}],"replies":[{"embeddable":true,"href":"https:\/\/www.infokuryr.cz\/n\/wp-json\/wp\/v2\/comments?post=82441"}],"version-history":[{"count":0,"href":"https:\/\/www.infokuryr.cz\/n\/wp-json\/wp\/v2\/posts\/82441\/revisions"}],"wp:featuredmedia":[{"embeddable":true,"href":"https:\/\/www.infokuryr.cz\/n\/wp-json\/wp\/v2\/media\/59754"}],"wp:attachment":[{"href":"https:\/\/www.infokuryr.cz\/n\/wp-json\/wp\/v2\/media?parent=82441"}],"wp:term":[{"taxonomy":"category","embeddable":true,"href":"https:\/\/www.infokuryr.cz\/n\/wp-json\/wp\/v2\/categories?post=82441"},{"taxonomy":"post_tag","embeddable":true,"href":"https:\/\/www.infokuryr.cz\/n\/wp-json\/wp\/v2\/tags?post=82441"}],"curies":[{"name":"wp","href":"https:\/\/api.w.org\/{rel}","templated":true}]}}