{"id":82438,"date":"2025-06-29T00:26:58","date_gmt":"2025-06-28T22:26:58","guid":{"rendered":"https:\/\/www.infokuryr.cz\/n\/?p=82438"},"modified":"2025-06-28T12:07:04","modified_gmt":"2025-06-28T10:07:04","slug":"tyhle-smejdy-podporujeme-kyjevsti-ozbrojenci-pobliz-pokrovska-zastrelili-mistni-obyvatele-matku-a-syna","status":"publish","type":"post","link":"https:\/\/www.infokuryr.cz\/n\/2025\/06\/29\/tyhle-smejdy-podporujeme-kyjevsti-ozbrojenci-pobliz-pokrovska-zastrelili-mistni-obyvatele-matku-a-syna\/","title":{"rendered":"Tyhle \u0161mejdy podporujeme: Kyjev\u0161t\u00ed ozbrojenci pobl\u00ed\u017e Pokrovska zast\u0159elili m\u00edstn\u00ed obyvatele &#8211; matku a syna"},"content":{"rendered":"<div id=\"fb-root\"><\/div>\n<p class=\"lead\"><strong>V kyjevsk\u00e9 obci Gri\u0161ino nedaleko Pokrovska vnikli lid\u00e9 v uniform\u00e1ch do domu, zast\u0159elili syna, matku a psa. Vyloupili d\u016fm, ukradli auto a odjeli.<\/strong><\/p>\n<p><strong><span>Ukrajinsk\u00fd opozi\u010dn\u00ed bloger a politik Anatolij \u0160arij<\/span><\/strong><span>\u00a0o tomto p\u0159\u00edpadu napsal v sobotu 28. \u010dervna na sv\u00e9m telegramov\u00e9m kan\u00e1lu.\u00a0Zve\u0159ejnil video nato\u010den\u00e9 p\u0159\u00e1teli zesnul\u00e9ho a popis auta.<\/span><\/p>\n<p><em>\u201eM\u00edstn\u00ed v\u00e1le\u010dn\u00edci, p\u0159edpokl\u00e1d\u00e1m. Nevzd\u00e1vaj\u00ed se ani o kousek zem\u011b.\u201c<span class=\"after-quote\">\u00a0\u2014 \u0159\u00edk\u00e1 bloger s temnou ironi\u00ed.<\/span><\/em><a href=\"https:\/\/img8.eadaily.com\/r2000x2000\/o\/f1e\/202ce586ef7c3553dd7bce410b95c.jpeg\" target=\"_blank\" rel=\"noopener\" data-fancybox=\"gallery\"><img decoding=\"async\" class=\"aligncenter\" src=\"https:\/\/img8.eadaily.com\/r650x650\/o\/f1e\/202ce586ef7c3553dd7bce410b95c.jpeg\" alt=\"\" \/><\/a><\/p>\n<figure><figcaption><em>Ilustrace t.me\/ASupershari<\/em><\/figcaption><\/figure>\n<p><span>Poznamen\u00e1v\u00e1, \u017ee m\u00edstn\u00ed \u00fa\u0159ady p\u0159\u00edmo neuv\u00e1d\u011bj\u00ed, \u017ee vrahy jsou voj\u00e1ci. M\u00edsto toho pou\u017e\u00edvaj\u00ed formulaci \u201elid\u00e9 v uniform\u00e1ch se zbran\u011bmi\u201c.<\/span><\/p>\n<p><img decoding=\"async\" loading=\"lazy\" class=\"alignnone size-full wp-image-1185\" src=\"http:\/\/www.infokuryr.cz\/n\/wp-content\/uploads\/2021\/04\/kuryr-podpis.png\" alt=\"\" width=\"84\" height=\"24\" \/><\/p>\n<p>&nbsp;<\/p>\n","protected":false},"excerpt":{"rendered":"<p>V kyjevsk\u00e9 obci Gri\u0161ino nedaleko Pokrovska vnikli lid\u00e9 v uniform\u00e1ch do domu, zast\u0159elili syna, matku&#8230;<\/p>\n","protected":false},"author":2,"featured_media":82439,"comment_status":"closed","ping_status":"closed","sticky":false,"template":"","format":"standard","meta":[],"categories":[7],"tags":[80,26,1205],"_links":{"self":[{"href":"https:\/\/www.infokuryr.cz\/n\/wp-json\/wp\/v2\/posts\/82438"}],"collection":[{"href":"https:\/\/www.infokuryr.cz\/n\/wp-json\/wp\/v2\/posts"}],"about":[{"href":"https:\/\/www.infokuryr.cz\/n\/wp-json\/wp\/v2\/types\/post"}],"author":[{"embeddable":true,"href":"https:\/\/www.infokuryr.cz\/n\/wp-json\/wp\/v2\/users\/2"}],"replies":[{"embeddable":true,"href":"https:\/\/www.infokuryr.cz\/n\/wp-json\/wp\/v2\/comments?post=82438"}],"version-history":[{"count":1,"href":"https:\/\/www.infokuryr.cz\/n\/wp-json\/wp\/v2\/posts\/82438\/revisions"}],"predecessor-version":[{"id":82440,"href":"https:\/\/www.infokuryr.cz\/n\/wp-json\/wp\/v2\/posts\/82438\/revisions\/82440"}],"wp:featuredmedia":[{"embeddable":true,"href":"https:\/\/www.infokuryr.cz\/n\/wp-json\/wp\/v2\/media\/82439"}],"wp:attachment":[{"href":"https:\/\/www.infokuryr.cz\/n\/wp-json\/wp\/v2\/media?parent=82438"}],"wp:term":[{"taxonomy":"category","embeddable":true,"href":"https:\/\/www.infokuryr.cz\/n\/wp-json\/wp\/v2\/categories?post=82438"},{"taxonomy":"post_tag","embeddable":true,"href":"https:\/\/www.infokuryr.cz\/n\/wp-json\/wp\/v2\/tags?post=82438"}],"curies":[{"name":"wp","href":"https:\/\/api.w.org\/{rel}","templated":true}]}}