{"id":82402,"date":"2025-06-29T00:18:35","date_gmt":"2025-06-28T22:18:35","guid":{"rendered":"https:\/\/www.infokuryr.cz\/n\/?p=82402"},"modified":"2025-06-28T11:48:21","modified_gmt":"2025-06-28T09:48:21","slug":"zahadne-drony-zautocily-na-radarove-systemy-v-iraku","status":"publish","type":"post","link":"https:\/\/www.infokuryr.cz\/n\/2025\/06\/29\/zahadne-drony-zautocily-na-radarove-systemy-v-iraku\/","title":{"rendered":"Z\u00e1hadn\u00e9 drony za\u00fato\u010dily na radarov\u00e9 syst\u00e9my v Ir\u00e1ku"},"content":{"rendered":"<div id=\"fb-root\"><\/div>\n<p><strong>Z\u00e1hadn\u00e9 drony 24. \u010dervna za\u00fato\u010dily na n\u011bkolik vojensk\u00fdch objekt\u016f v Ir\u00e1ku a zna\u010dn\u011b po\u0161kodily nejm\u00e9n\u011b dva radarov\u00e9 syst\u00e9my zem\u011b.<\/strong><\/p>\n<p>Mluv\u010d\u00ed ir\u00e1ck\u00e9 arm\u00e1dy Sabah al-Numan ve sv\u00e9m prohl\u00e1\u0161en\u00ed uvedl, \u017ee dva c\u00edlen\u00e9 radary byly rozm\u00edst\u011bny v t\u00e1bo\u0159e Taji severn\u011b od hlavn\u00edho m\u011bsta Bagd\u00e1du a na z\u00e1kladn\u011b Imam Ali v ji\u017en\u00ed provincii Dhi Qar v ji\u017en\u00edm Ir\u00e1ku.<\/p>\n<p>Ir\u00e1ck\u00e9 s\u00edly \u00fasp\u011b\u0161n\u011b odrazily dal\u0161\u00ed pokusy o \u00fatoky na \u010dty\u0159i dal\u0161\u00ed m\u00edsta na r\u016fzn\u00fdch m\u00edstech, ne\u017e drony mohly dos\u00e1hnout sv\u00fdch c\u00edl\u016f, dodal mluv\u010d\u00ed s t\u00edm, \u017ee nedo\u0161lo k \u017e\u00e1dn\u00fdm ob\u011btem.<\/p>\n<p>V prohl\u00e1\u0161en\u00ed se uv\u00e1d\u00ed, \u017ee v\u0161echna c\u00edlen\u00e1 m\u00edsta byla pln\u011b provozov\u00e1na a spravov\u00e1na ir\u00e1ck\u00fdmi jednotkami. Ir\u00e1ck\u00fd premi\u00e9r na\u0159\u00eddil okam\u017eit\u00e9 vy\u0161et\u0159ov\u00e1n\u00ed okolnost\u00ed \u00fatoku, uvedl mluv\u010d\u00ed.<\/p>\n<p>Je pozoruhodn\u00e9, \u017ee k \u00fatok\u016fm dron\u016f do\u0161lo ve stejn\u00fd den, kdy p\u0159\u00edm\u011b\u0159\u00ed ukon\u010dilo izraelskou v\u00e1lku proti \u00cdr\u00e1nu, kter\u00e1 za\u010dala o 12 dn\u00ed d\u0159\u00edve.<\/p>\n<p>Dva ir\u00e1ck\u00e9 bezpe\u010dnostn\u00ed zdroje agentu\u0159e Reuters sd\u011blily, \u017ee drony pou\u017eit\u00e9 p\u0159i \u00fatoc\u00edch byly mal\u00e9 a byly na c\u00edlov\u00e1 m\u00edsta p\u0159evezeny z bl\u00edzk\u00fdch lokalit.<\/p>\n<p>Podobn\u00e9 mal\u00e9 drony byly podle ir\u00e1ck\u00fdch m\u00e9di\u00ed spat\u0159eny 27. \u010dervna nad leteckou z\u00e1kladnou Ali a nedalekou centr\u00e1ln\u00ed v\u011bznic\u00ed Nasiriyah.<\/p>\n<p>\u00datoky se zdaj\u00ed b\u00fdt obzvl\u00e1\u0161t\u011b podobn\u00e9 t\u011bm, kter\u00e9 provedla izraelsk\u00e1 tajn\u00e1 slu\u017eba Mosad proti \u00edr\u00e1nsk\u00fdm radar\u016fm a protivzdu\u0161n\u00e9 obran\u011b b\u011bhem v\u00e1lky. Je tedy velmi mo\u017en\u00e9, \u017ee \u00fatoky na ir\u00e1ck\u00e9 radary provedl Izrael s c\u00edlem z\u00edskat opera\u010dn\u00ed svobodu ve vzdu\u0161n\u00e9m prostoru zem\u011b.<\/p>\n<p>Ir\u00e1ck\u00e1 s\u00ed\u0165 protivzdu\u0161n\u00e9 obrany je velmi slab\u00e1 a spol\u00e9h\u00e1 se pouze na syst\u00e9my protivzdu\u0161n\u00e9 obrany kr\u00e1tk\u00e9ho dosahu. Zem\u011b se nijak nesna\u017eila uzav\u0159\u00edt sv\u016fj vzdu\u0161n\u00fd prostor, proto\u017ee jej Izrael vyu\u017e\u00edval k \u00fatok\u016fm na \u00cdr\u00e1n, ale mohla sd\u00edlet radarov\u00e9 informace s Teher\u00e1nem, co\u017e mu poskytlo p\u0159edb\u011b\u017en\u00e9 varov\u00e1n\u00ed p\u0159ed bl\u00ed\u017e\u00edc\u00edmi se \u00fatoky.<\/p>\n<p>Izrael se nyn\u00ed p\u0159ipravuje na novou vojenskou kampa\u0148 proti \u00cdr\u00e1nu. Ministr obrany Israel Katz 27. \u010dervna prohl\u00e1sil, \u017ee na\u0159\u00eddil arm\u00e1d\u011b, aby \u201ep\u0159ipravila pl\u00e1n vynucov\u00e1n\u00ed opat\u0159en\u00ed proti \u00cdr\u00e1nu, kter\u00fd zahrnuje udr\u017een\u00ed izraelsk\u00e9 vzdu\u0161n\u00e9 p\u0159evahy, zabr\u00e1n\u011bn\u00ed jadern\u00e9mu pokroku a v\u00fdrob\u011b raket a reakci na \u00cdr\u00e1n za podporu teroristick\u00e9 \u010dinnosti proti Izraeli\u201c.<\/p>\n<p>Po p\u00e1du re\u017eimu prezidenta Ba\u0161\u00e1ra Asada v S\u00fdrii v prosinci lo\u0148sk\u00e9ho roku z\u00edskal Izrael \u00faplnou kontrolu nad vzdu\u0161n\u00fdm prostorem v\u00e1lkou zni\u010den\u00e9 zem\u011b. Nyn\u00ed se mo\u017en\u00e1 sna\u017e\u00ed dos\u00e1hnout t\u00e9ho\u017e s Ir\u00e1kem, aby si usnadnilo nadch\u00e1zej\u00edc\u00ed kampa\u0148 proti \u00cdr\u00e1nu.<\/p>\n<p><img decoding=\"async\" loading=\"lazy\" class=\"alignnone size-full wp-image-1185\" src=\"http:\/\/www.infokuryr.cz\/n\/wp-content\/uploads\/2021\/04\/kuryr-podpis.png\" alt=\"\" width=\"84\" height=\"24\" \/><\/p>\n<p>&nbsp;<\/p>\n","protected":false},"excerpt":{"rendered":"<p>Z\u00e1hadn\u00e9 drony 24. \u010dervna za\u00fato\u010dily na n\u011bkolik vojensk\u00fdch objekt\u016f v Ir\u00e1ku a zna\u010dn\u011b po\u0161kodily nejm\u00e9n\u011b&#8230;<\/p>\n","protected":false},"author":2,"featured_media":82403,"comment_status":"closed","ping_status":"closed","sticky":false,"template":"","format":"standard","meta":[],"categories":[7],"tags":[2856,267,723],"_links":{"self":[{"href":"https:\/\/www.infokuryr.cz\/n\/wp-json\/wp\/v2\/posts\/82402"}],"collection":[{"href":"https:\/\/www.infokuryr.cz\/n\/wp-json\/wp\/v2\/posts"}],"about":[{"href":"https:\/\/www.infokuryr.cz\/n\/wp-json\/wp\/v2\/types\/post"}],"author":[{"embeddable":true,"href":"https:\/\/www.infokuryr.cz\/n\/wp-json\/wp\/v2\/users\/2"}],"replies":[{"embeddable":true,"href":"https:\/\/www.infokuryr.cz\/n\/wp-json\/wp\/v2\/comments?post=82402"}],"version-history":[{"count":0,"href":"https:\/\/www.infokuryr.cz\/n\/wp-json\/wp\/v2\/posts\/82402\/revisions"}],"wp:featuredmedia":[{"embeddable":true,"href":"https:\/\/www.infokuryr.cz\/n\/wp-json\/wp\/v2\/media\/82403"}],"wp:attachment":[{"href":"https:\/\/www.infokuryr.cz\/n\/wp-json\/wp\/v2\/media?parent=82402"}],"wp:term":[{"taxonomy":"category","embeddable":true,"href":"https:\/\/www.infokuryr.cz\/n\/wp-json\/wp\/v2\/categories?post=82402"},{"taxonomy":"post_tag","embeddable":true,"href":"https:\/\/www.infokuryr.cz\/n\/wp-json\/wp\/v2\/tags?post=82402"}],"curies":[{"name":"wp","href":"https:\/\/api.w.org\/{rel}","templated":true}]}}