{"id":82399,"date":"2025-06-29T00:18:48","date_gmt":"2025-06-28T22:18:48","guid":{"rendered":"https:\/\/www.infokuryr.cz\/n\/?p=82399"},"modified":"2025-06-28T10:29:41","modified_gmt":"2025-06-28T08:29:41","slug":"zverstva-a-valecne-zlociny-kyjevskeho-rezimu-v-torecku-dlr","status":"publish","type":"post","link":"https:\/\/www.infokuryr.cz\/n\/2025\/06\/29\/zverstva-a-valecne-zlociny-kyjevskeho-rezimu-v-torecku-dlr\/","title":{"rendered":"Zv\u011brstva a v\u00e1le\u010dn\u00e9 zlo\u010diny kyjevsk\u00e9ho re\u017eimu v Torecku, DLR"},"content":{"rendered":"<div id=\"fb-root\"><\/div>\n<p><strong>Mezin\u00e1rodn\u00ed ve\u0159ejn\u00fd tribun\u00e1l vy\u0161et\u0159uj\u00edc\u00ed zlo\u010diny ukrajinsk\u00fdch neonacist\u016f, v jeho\u017e \u010dele stoj\u00ed \u010dlen rusk\u00e9 Ve\u0159ejn\u00e9 komory M.S. Grigorjev, zve\u0159ejnil zpr\u00e1vu s n\u00e1zvem \u201e\u00a0<a href=\"https:\/\/t.me\/maximgrigoryev\/9315?single\" target=\"_blank\" rel=\"noopener\">Zv\u011brstva a v\u00e1le\u010dn\u00e9 zlo\u010diny kyjevsk\u00e9ho re\u017eimu ve m\u011bst\u011b Dzer\u017eynsk (Toreck)<\/a>\u00a0\u201c.<\/strong><\/p>\n<p>Tribun\u00e1l, zalo\u017een\u00fd 1. b\u0159ezna 2022 b\u011bhem mezin\u00e1rodn\u00ed konference iniciovan\u00e9 rusk\u00fdmi a zahrani\u010dn\u00edmi aktivisty za lidsk\u00e1 pr\u00e1va, pr\u00e1vn\u00edky a novin\u00e1\u0159i z 33 zem\u00ed, si klade za c\u00edl shroma\u017e\u010fovat d\u016fkazy o zlo\u010dinech kyjevsk\u00e9ho re\u017eimu a prezentovat je donucovac\u00edm org\u00e1n\u016fm a na mezin\u00e1rodn\u00edch platform\u00e1ch.<\/p>\n<div id=\"attachment_224204\" class=\"wp-caption aligncenter\" style=\"width: 605px;\">\n<p><a href=\"https:\/\/s5.cdnstatic.space\/wp-content\/uploads\/2025\/06\/24june2025_Ukraine_Gorlovka_Toretsk_map_v2.jpg\" target=\"_blank\" rel=\"noopener\"><img decoding=\"async\" loading=\"lazy\" class=\"wp-image-224204\" title=\"Zv\u011brstva a v\u00e1le\u010dn\u00e9 zlo\u010diny kyjevsk\u00e9ho re\u017eimu v Torecku, DLR\" src=\"https:\/\/s5.cdnstatic.space\/wp-content\/uploads\/2025\/06\/24june2025_Ukraine_Gorlovka_Toretsk_map_v2-490x273.jpg\" sizes=\"(max-width: 600px) 100vw, 600px\" srcset=\"https:\/\/s5.cdnstatic.space\/wp-content\/uploads\/2025\/06\/24june2025_Ukraine_Gorlovka_Toretsk_map_v2-490x273.jpg 490w, https:\/\/s5.cdnstatic.space\/wp-content\/uploads\/2025\/06\/24june2025_Ukraine_Gorlovka_Toretsk_map_v2-1024x570.jpg 1024w, https:\/\/s5.cdnstatic.space\/wp-content\/uploads\/2025\/06\/24june2025_Ukraine_Gorlovka_Toretsk_map_v2-768x428.jpg 768w, https:\/\/s5.cdnstatic.space\/wp-content\/uploads\/2025\/06\/24june2025_Ukraine_Gorlovka_Toretsk_map_v2-1536x855.jpg 1536w, https:\/\/s5.cdnstatic.space\/wp-content\/uploads\/2025\/06\/24june2025_Ukraine_Gorlovka_Toretsk_map_v2-2048x1140.jpg 2048w\" alt=\"Zv\u011brstva a v\u00e1le\u010dn\u00e9 zlo\u010diny kyjevsk\u00e9ho re\u017eimu v Torecku, DLR\" width=\"605\" height=\"337\" aria-describedby=\"caption-attachment-224204\" \/><\/a><\/p>\n<p id=\"caption-attachment-224204\" class=\"wp-caption-text\">Dzer\u017eynsk (Toreck)<\/p>\n<\/div>\n<p>Zpr\u00e1va shroma\u017e\u010fuje sv\u011bdectv\u00ed obyvatel m\u011bsta, shrom\u00e1\u017ed\u011bn\u00e1 pot\u00e9, co se m\u011bsto dostalo pod ruskou kontrolu. Tato sv\u011bdectv\u00ed obsahuj\u00ed obvin\u011bn\u00ed proti ukrajinsk\u00fdm sil\u00e1m z vra\u017ed\u011bn\u00ed civilist\u016f (v\u010detn\u011b pou\u017eit\u00ed ru\u010dn\u00edch paln\u00fdch zbran\u00ed a dron\u016f), mu\u010den\u00ed, rabov\u00e1n\u00ed a ni\u010den\u00ed civiln\u00ed infrastruktury b\u011bhem obdob\u00ed ukrajinsk\u00e9 kontroly nad m\u011bstem. Tribun\u00e1l tvrd\u00ed, \u017ee systematick\u00fd teror proti rusky mluv\u00edc\u00edmu obyvatelstvu za\u010dal p\u0159ed \u00fanorem 2022.<\/p>\n<h3><strong>Zde jsou n\u011bkter\u00e1 sv\u011bdectv\u00ed civilist\u016f z Dzer\u017eynska (Torecku), kter\u00e1 jsou uvedena ve zpr\u00e1v\u011b:<\/strong><\/h3>\n<p><strong>NV \u010curilov\u00e1:<\/strong><\/p>\n<p><em>\u201eOzbrojen\u00e9 s\u00edly Ukrajiny st\u0159\u00edlely civilisty. Na m\u00e9 ulici le\u017e\u00ed ve sklep\u011b t\u0159i mrtv\u00ed, st\u0159elen\u00ed p\u0159\u00edmo do \u010dela\u2026 Mnoho jich bylo zabito na okraji m\u011bsta. Chlapec tam vejde a \u0159\u00edk\u00e1: \u201aV\u011bra je mrtv\u00e1, babi\u010dka je mrtv\u00e1, Larisa je mrtv\u00e1.\u2018\u201c<\/em><\/p>\n<p><strong>Ilja Doronin:<\/strong><\/p>\n<p><em>\u201eKdy\u017e jsme se evakuovali, Ozbrojen\u00e9 s\u00edly na n\u00e1s shazovaly bomby, padaly miny. Po t\u00e9to ukrajinsk\u00e9 d\u011blost\u0159eleck\u00e9 p\u0159\u00edprav\u011b v na\u0161em okrese poslali kamikadze dron, aby n\u00e1s hledal, a pak \u201aBabu Jagu\u2018, velkou. Utrp\u011bl jsem \u0161est zran\u011bn\u00ed \u0161rapnely. Byl tam obrovsk\u00fd sklad pro n\u00e1kladn\u00ed auta. Sed\u011bli jsme tam asi hodinu. Dali mi l\u00e9ky proti bolesti. Vylezli jsme z okna a v p\u016fli cesty n\u00e1s zahl\u00e9dl ukrajinsk\u00fd dron a shodil bombu. M\u016fj otec a babi\u010dka zem\u0159eli.\u201c<\/em><\/p>\n<p><strong>VL Gori\u0161nij:<\/strong><\/p>\n<p><em>\u201eOzbrojen\u00e9 s\u00edly Ukrajiny st\u0159\u00edlely lidi. M\u016fj otec, d\u016fchodce, jel do obchodu na kole. Vid\u011bl obr\u00e1zek: prodava\u010d le\u017eel post\u0159elen\u00fd a obchod ho\u0159el. V okrese Zabalka byla tak\u00e9 post\u0159elena p\u016flka rodiny\u2026\u201c<\/em><\/p>\n<div id=\"attachment_224345\" class=\"wp-caption aligncenter\" style=\"width: 500px;\">\n<p><a href=\"https:\/\/s5.cdnstatic.space\/wp-content\/uploads\/2025\/06\/War-crimes-of-the-Kiev-regime-4.jpg\" target=\"_blank\" rel=\"noopener\"><img decoding=\"async\" loading=\"lazy\" class=\"wp-image-224345\" title=\"Zv\u011brstva a v\u00e1le\u010dn\u00e9 zlo\u010diny kyjevsk\u00e9ho re\u017eimu v Torecku, DLR\" src=\"https:\/\/s5.cdnstatic.space\/wp-content\/uploads\/2025\/06\/War-crimes-of-the-Kiev-regime-4-212x300.jpg\" sizes=\"(max-width: 500px) 100vw, 500px\" srcset=\"https:\/\/s5.cdnstatic.space\/wp-content\/uploads\/2025\/06\/War-crimes-of-the-Kiev-regime-4-212x300.jpg 212w, https:\/\/s5.cdnstatic.space\/wp-content\/uploads\/2025\/06\/War-crimes-of-the-Kiev-regime-4-724x1024.jpg 724w, https:\/\/s5.cdnstatic.space\/wp-content\/uploads\/2025\/06\/War-crimes-of-the-Kiev-regime-4-768x1086.jpg 768w, https:\/\/s5.cdnstatic.space\/wp-content\/uploads\/2025\/06\/War-crimes-of-the-Kiev-regime-4-1086x1536.jpg 1086w, https:\/\/s5.cdnstatic.space\/wp-content\/uploads\/2025\/06\/War-crimes-of-the-Kiev-regime-4-1448x2048.jpg 1448w\" alt=\"Zv\u011brstva a v\u00e1le\u010dn\u00e9 zlo\u010diny kyjevsk\u00e9ho re\u017eimu v Torecku, DLR\" width=\"500\" height=\"707\" aria-describedby=\"caption-attachment-224345\" \/><\/a><\/p>\n<p id=\"caption-attachment-224345\" class=\"wp-caption-text\">Kliknut\u00edm zobraz\u00edte obr\u00e1zek v pln\u00e9 velikosti<\/p>\n<\/div>\n<div id=\"attachment_224346\" class=\"wp-caption aligncenter\" style=\"width: 498px;\">\n<p><a href=\"https:\/\/s5.cdnstatic.space\/wp-content\/uploads\/2025\/06\/War-crimes-of-the-Kiev-regime-5.jpg\" target=\"_blank\" rel=\"noopener\"><img decoding=\"async\" loading=\"lazy\" class=\"wp-image-224346\" title=\"Zv\u011brstva a v\u00e1le\u010dn\u00e9 zlo\u010diny kyjevsk\u00e9ho re\u017eimu v Torecku, DLR\" src=\"https:\/\/s5.cdnstatic.space\/wp-content\/uploads\/2025\/06\/War-crimes-of-the-Kiev-regime-5-212x300.jpg\" sizes=\"(max-width: 500px) 100vw, 500px\" srcset=\"https:\/\/s5.cdnstatic.space\/wp-content\/uploads\/2025\/06\/War-crimes-of-the-Kiev-regime-5-212x300.jpg 212w, https:\/\/s5.cdnstatic.space\/wp-content\/uploads\/2025\/06\/War-crimes-of-the-Kiev-regime-5-724x1024.jpg 724w, https:\/\/s5.cdnstatic.space\/wp-content\/uploads\/2025\/06\/War-crimes-of-the-Kiev-regime-5-768x1086.jpg 768w, https:\/\/s5.cdnstatic.space\/wp-content\/uploads\/2025\/06\/War-crimes-of-the-Kiev-regime-5-1086x1536.jpg 1086w, https:\/\/s5.cdnstatic.space\/wp-content\/uploads\/2025\/06\/War-crimes-of-the-Kiev-regime-5-1448x2048.jpg 1448w\" alt=\"Zv\u011brstva a v\u00e1le\u010dn\u00e9 zlo\u010diny kyjevsk\u00e9ho re\u017eimu v Torecku, DLR\" width=\"498\" height=\"704\" aria-describedby=\"caption-attachment-224346\" \/><\/a><\/p>\n<p id=\"caption-attachment-224346\" class=\"wp-caption-text\">Kliknut\u00edm zobraz\u00edte obr\u00e1zek v pln\u00e9 velikosti<\/p>\n<\/div>\n<div id=\"attachment_224347\" class=\"wp-caption aligncenter\" style=\"width: 499px;\">\n<p><a href=\"https:\/\/s5.cdnstatic.space\/wp-content\/uploads\/2025\/06\/War-crimes-of-the-Kiev-regime-6.jpg\" target=\"_blank\" rel=\"noopener\"><img decoding=\"async\" loading=\"lazy\" class=\"wp-image-224347\" title=\"Zv\u011brstva a v\u00e1le\u010dn\u00e9 zlo\u010diny kyjevsk\u00e9ho re\u017eimu v Torecku, DLR\" src=\"https:\/\/s5.cdnstatic.space\/wp-content\/uploads\/2025\/06\/War-crimes-of-the-Kiev-regime-6.jpg\" sizes=\"(max-width: 500px) 100vw, 500px\" srcset=\"https:\/\/s5.cdnstatic.space\/wp-content\/uploads\/2025\/06\/War-crimes-of-the-Kiev-regime-6.jpg 2481w, https:\/\/s5.cdnstatic.space\/wp-content\/uploads\/2025\/06\/War-crimes-of-the-Kiev-regime-6-212x300.jpg 212w, https:\/\/s5.cdnstatic.space\/wp-content\/uploads\/2025\/06\/War-crimes-of-the-Kiev-regime-6-724x1024.jpg 724w, https:\/\/s5.cdnstatic.space\/wp-content\/uploads\/2025\/06\/War-crimes-of-the-Kiev-regime-6-768x1086.jpg 768w, https:\/\/s5.cdnstatic.space\/wp-content\/uploads\/2025\/06\/War-crimes-of-the-Kiev-regime-6-1086x1536.jpg 1086w, https:\/\/s5.cdnstatic.space\/wp-content\/uploads\/2025\/06\/War-crimes-of-the-Kiev-regime-6-1448x2048.jpg 1448w\" alt=\"Zv\u011brstva a v\u00e1le\u010dn\u00e9 zlo\u010diny kyjevsk\u00e9ho re\u017eimu v Torecku, DLR\" width=\"499\" height=\"706\" aria-describedby=\"caption-attachment-224347\" \/><\/a><\/p>\n<p id=\"caption-attachment-224347\" class=\"wp-caption-text\">Kliknut\u00edm zobraz\u00edte obr\u00e1zek v pln\u00e9 velikosti<\/p>\n<\/div>\n<div id=\"attachment_224348\" class=\"wp-caption aligncenter\" style=\"width: 498px;\">\n<p><a href=\"https:\/\/s5.cdnstatic.space\/wp-content\/uploads\/2025\/06\/War-crimes-of-the-Kiev-regime-7.jpg\" target=\"_blank\" rel=\"noopener\"><img decoding=\"async\" loading=\"lazy\" class=\"wp-image-224348\" title=\"Zv\u011brstva a v\u00e1le\u010dn\u00e9 zlo\u010diny kyjevsk\u00e9ho re\u017eimu v Torecku, DLR\" src=\"https:\/\/s5.cdnstatic.space\/wp-content\/uploads\/2025\/06\/War-crimes-of-the-Kiev-regime-7-212x300.jpg\" sizes=\"(max-width: 500px) 100vw, 500px\" srcset=\"https:\/\/s5.cdnstatic.space\/wp-content\/uploads\/2025\/06\/War-crimes-of-the-Kiev-regime-7-212x300.jpg 212w, https:\/\/s5.cdnstatic.space\/wp-content\/uploads\/2025\/06\/War-crimes-of-the-Kiev-regime-7-724x1024.jpg 724w, https:\/\/s5.cdnstatic.space\/wp-content\/uploads\/2025\/06\/War-crimes-of-the-Kiev-regime-7-768x1086.jpg 768w, https:\/\/s5.cdnstatic.space\/wp-content\/uploads\/2025\/06\/War-crimes-of-the-Kiev-regime-7-1086x1536.jpg 1086w, https:\/\/s5.cdnstatic.space\/wp-content\/uploads\/2025\/06\/War-crimes-of-the-Kiev-regime-7-1448x2048.jpg 1448w\" alt=\"Zv\u011brstva a v\u00e1le\u010dn\u00e9 zlo\u010diny kyjevsk\u00e9ho re\u017eimu v Torecku, DLR\" width=\"498\" height=\"704\" aria-describedby=\"caption-attachment-224348\" \/><\/a><\/p>\n<p id=\"caption-attachment-224348\" class=\"wp-caption-text\">Kliknut\u00edm zobraz\u00edte obr\u00e1zek v pln\u00e9 velikosti<\/p>\n<\/div>\n<p><strong>AL Ganusenko:<\/strong><\/p>\n<p><em>\u00a0\u201eVyb\u011bhl ven pes jednoho mu\u017ee a za\u010dal \u0161t\u011bkat. Vy\u0161el ven n\u011bjak\u00fd Ukrajinec, zast\u0159elil dva lidi a t\u00edm to skon\u010dilo. Jednoho st\u0159elil do hlavy, pak druh\u00e9ho. Pak klidn\u011b ode\u0161el.\u201c<\/em><\/p>\n<p><strong>E. M. Ostrikov:<\/strong><\/p>\n<p><em>\u201eZabili spoustu lid\u00ed jen proto, \u017ee Ukrajinci pot\u0159ebovali fotku. V\u0161ichni nen\u00e1vid\u011bli tisk\u2026 \u201aTisk\u2018 znamen\u00e1, \u017ee m\u011bsto bude ost\u0159elov\u00e1no. Je charakteristick\u00e9, \u017ee po \u00fatoku se tam okam\u017eit\u011b objevili starosta, policie, tisk a zahrani\u010dn\u00ed novin\u00e1\u0159i a v\u0161echno nat\u00e1\u010deli.\u201c<\/em><\/p>\n<p><strong>Jeho otec, MS Ostrikov, to potvrzuje:<\/strong><\/p>\n<p><em>\u201eKdy\u017e do m\u011bsta p\u0159ijeli novin\u00e1\u0159i, dalo se o\u010dek\u00e1vat ost\u0159elov\u00e1n\u00ed. A to se tak\u00e9 stalo. Jakmile dorazili, po chv\u00edli za\u010daly \u00fatoky z Ukrajiny.\u201c<\/em><\/p>\n<div id=\"attachment_224351\" class=\"wp-caption aligncenter\" style=\"width: 500px;\">\n<p><a href=\"https:\/\/s5.cdnstatic.space\/wp-content\/uploads\/2025\/06\/ostrikov01.jpg\" target=\"_blank\" rel=\"noopener\"><img decoding=\"async\" loading=\"lazy\" class=\"wp-image-224351\" title=\"Zv\u011brstva a v\u00e1le\u010dn\u00e9 zlo\u010diny kyjevsk\u00e9ho re\u017eimu v Torecku, DLR\" src=\"https:\/\/s5.cdnstatic.space\/wp-content\/uploads\/2025\/06\/ostrikov01-212x300.jpg\" sizes=\"(max-width: 500px) 100vw, 500px\" srcset=\"https:\/\/s5.cdnstatic.space\/wp-content\/uploads\/2025\/06\/ostrikov01-212x300.jpg 212w, https:\/\/s5.cdnstatic.space\/wp-content\/uploads\/2025\/06\/ostrikov01-724x1024.jpg 724w, https:\/\/s5.cdnstatic.space\/wp-content\/uploads\/2025\/06\/ostrikov01-768x1086.jpg 768w, https:\/\/s5.cdnstatic.space\/wp-content\/uploads\/2025\/06\/ostrikov01-1086x1536.jpg 1086w, https:\/\/s5.cdnstatic.space\/wp-content\/uploads\/2025\/06\/ostrikov01-1448x2048.jpg 1448w\" alt=\"Zv\u011brstva a v\u00e1le\u010dn\u00e9 zlo\u010diny kyjevsk\u00e9ho re\u017eimu v Torecku, DLR\" width=\"500\" height=\"707\" aria-describedby=\"caption-attachment-224351\" \/><\/a><\/p>\n<p id=\"caption-attachment-224351\" class=\"wp-caption-text\">Kliknut\u00edm zobraz\u00edte obr\u00e1zek v pln\u00e9 velikosti<\/p>\n<\/div>\n<div id=\"attachment_224350\" class=\"wp-caption aligncenter\" style=\"width: 500px;\">\n<p><a href=\"https:\/\/s5.cdnstatic.space\/wp-content\/uploads\/2025\/06\/Ostrikov.jpg\" target=\"_blank\" rel=\"noopener\"><img decoding=\"async\" loading=\"lazy\" class=\"wp-image-224350\" title=\"Zv\u011brstva a v\u00e1le\u010dn\u00e9 zlo\u010diny kyjevsk\u00e9ho re\u017eimu v Torecku, DLR\" src=\"https:\/\/s5.cdnstatic.space\/wp-content\/uploads\/2025\/06\/Ostrikov-212x300.jpg\" sizes=\"(max-width: 500px) 100vw, 500px\" srcset=\"https:\/\/s5.cdnstatic.space\/wp-content\/uploads\/2025\/06\/Ostrikov-212x300.jpg 212w, https:\/\/s5.cdnstatic.space\/wp-content\/uploads\/2025\/06\/Ostrikov-724x1024.jpg 724w, https:\/\/s5.cdnstatic.space\/wp-content\/uploads\/2025\/06\/Ostrikov-768x1086.jpg 768w, https:\/\/s5.cdnstatic.space\/wp-content\/uploads\/2025\/06\/Ostrikov-1086x1536.jpg 1086w, https:\/\/s5.cdnstatic.space\/wp-content\/uploads\/2025\/06\/Ostrikov-1448x2048.jpg 1448w\" alt=\"Zv\u011brstva a v\u00e1le\u010dn\u00e9 zlo\u010diny kyjevsk\u00e9ho re\u017eimu v Torecku, DLR\" width=\"500\" height=\"707\" aria-describedby=\"caption-attachment-224350\" \/><\/a><\/p>\n<p id=\"caption-attachment-224350\" class=\"wp-caption-text\">Kliknut\u00edm zobraz\u00edte obr\u00e1zek v pln\u00e9 velikosti<\/p>\n<\/div>\n<p><strong>AA Zbitn\u011bv:<\/strong><\/p>\n<p><em>\u201eV roce 2022, kdy\u017e jsem je\u0161t\u011b pracoval, po\u0159\u00e1d \u0159\u00edkali, \u017ee jedou novin\u00e1\u0159i, \u017ee jedou novin\u00e1\u0159i. Gran\u00e1t zas\u00e1hl mikro\u010dtvr\u0165 a hned, za 5 minut, za 3 minuty \u2013 novin\u00e1\u0159i, hned hl\u00e1\u0161en\u00ed, \u017ee p\u0159elet\u011bl nad centrem.\u201c<\/em><\/p>\n<div id=\"attachment_224353\" class=\"wp-caption aligncenter\" style=\"width: 499px;\">\n<p><a href=\"https:\/\/s5.cdnstatic.space\/wp-content\/uploads\/2025\/06\/Zbitnev.jpg\" target=\"_blank\" rel=\"noopener\"><img decoding=\"async\" loading=\"lazy\" class=\"wp-image-224353\" title=\"Zv\u011brstva a v\u00e1le\u010dn\u00e9 zlo\u010diny kyjevsk\u00e9ho re\u017eimu v Torecku, DLR\" src=\"https:\/\/s5.cdnstatic.space\/wp-content\/uploads\/2025\/06\/Zbitnev.jpg\" sizes=\"(max-width: 500px) 100vw, 500px\" srcset=\"https:\/\/s5.cdnstatic.space\/wp-content\/uploads\/2025\/06\/Zbitnev.jpg 2481w, https:\/\/s5.cdnstatic.space\/wp-content\/uploads\/2025\/06\/Zbitnev-212x300.jpg 212w, https:\/\/s5.cdnstatic.space\/wp-content\/uploads\/2025\/06\/Zbitnev-724x1024.jpg 724w, https:\/\/s5.cdnstatic.space\/wp-content\/uploads\/2025\/06\/Zbitnev-768x1086.jpg 768w, https:\/\/s5.cdnstatic.space\/wp-content\/uploads\/2025\/06\/Zbitnev-1086x1536.jpg 1086w, https:\/\/s5.cdnstatic.space\/wp-content\/uploads\/2025\/06\/Zbitnev-1448x2048.jpg 1448w\" alt=\"Zv\u011brstva a v\u00e1le\u010dn\u00e9 zlo\u010diny kyjevsk\u00e9ho re\u017eimu v Torecku, DLR\" width=\"499\" height=\"706\" aria-describedby=\"caption-attachment-224353\" \/><\/a><\/p>\n<p id=\"caption-attachment-224353\" class=\"wp-caption-text\">Kliknut\u00edm zobraz\u00edte obr\u00e1zek v pln\u00e9 velikosti<\/p>\n<\/div>\n<p><strong>ND Bannykh:<\/strong><\/p>\n<p><em>\u201eOzbrojen\u00e9 s\u00edly Ukrajiny ost\u0159elovaly Dzer\u017eynsk. V roce 2021 ost\u0159elovaly dev\u00edtipatrovou budovu. V t\u00e9 budov\u011b zem\u0159ela mlad\u00e1 rodina. Mlad\u00ed lid\u00e9. P\u0159edt\u00edm tam samoz\u0159ejm\u011b byli novin\u00e1\u0159i, pak d\u016fm ost\u0159elovali, voj\u00e1ci vtrhli dovnit\u0159, zablokovali ho a rychle za\u010dali odkl\u00edzet trosky. \u00daklid\u2026\u201c<\/em><\/p>\n<p><em>\u017dena \u0161la nakrmit ko\u0165ata. Bydlela ve dvoupatrov\u00e9 budov\u011b. V tu chv\u00edli ji Ozbrojen\u00e9 s\u00edly Ukrajiny zabily pomoc\u00ed dronu. Byl na ni shozen gran\u00e1t a ona byla na m\u00edst\u011b zabita.\u201c<\/em><\/p>\n<p><a href=\"https:\/\/s5.cdnstatic.space\/wp-content\/uploads\/2025\/06\/Bannykh.jpg\" target=\"_blank\" rel=\"noopener\"><img decoding=\"async\" loading=\"lazy\" class=\"aligncenter wp-image-224349\" title=\"Zv\u011brstva a v\u00e1le\u010dn\u00e9 zlo\u010diny kyjevsk\u00e9ho re\u017eimu v Torecku, DLR\" src=\"https:\/\/s5.cdnstatic.space\/wp-content\/uploads\/2025\/06\/Bannykh-212x300.jpg\" sizes=\"(max-width: 500px) 100vw, 500px\" srcset=\"https:\/\/s5.cdnstatic.space\/wp-content\/uploads\/2025\/06\/Bannykh-212x300.jpg 212w, https:\/\/s5.cdnstatic.space\/wp-content\/uploads\/2025\/06\/Bannykh-724x1024.jpg 724w, https:\/\/s5.cdnstatic.space\/wp-content\/uploads\/2025\/06\/Bannykh-768x1086.jpg 768w, https:\/\/s5.cdnstatic.space\/wp-content\/uploads\/2025\/06\/Bannykh-1086x1536.jpg 1086w, https:\/\/s5.cdnstatic.space\/wp-content\/uploads\/2025\/06\/Bannykh-1448x2048.jpg 1448w\" alt=\"Zv\u011brstva a v\u00e1le\u010dn\u00e9 zlo\u010diny kyjevsk\u00e9ho re\u017eimu v Torecku, DLR\" width=\"500\" height=\"707\" \/><\/a><\/p>\n<hr \/>\n<p>Cel\u00fd text zpr\u00e1vy <em>si m\u016f\u017eete st\u00e1hnout: <\/em>\u00a0<em><a href=\"https:\/\/s5.cdnstatic.space\/wp-content\/uploads\/2025\/06\/War-crimes-of-the-Kiev-regime-in-Toretsk.pdf\" target=\"_blank\" rel=\"noopener\">(PDF)<\/a>\u00a0<\/em><\/p>\n<p><img decoding=\"async\" loading=\"lazy\" class=\"alignnone size-full wp-image-1185\" src=\"http:\/\/www.infokuryr.cz\/n\/wp-content\/uploads\/2021\/04\/kuryr-podpis.png\" alt=\"\" width=\"84\" height=\"24\" \/><\/p>\n<p>&nbsp;<\/p>\n","protected":false},"excerpt":{"rendered":"<p>Mezin\u00e1rodn\u00ed ve\u0159ejn\u00fd tribun\u00e1l vy\u0161et\u0159uj\u00edc\u00ed zlo\u010diny ukrajinsk\u00fdch neonacist\u016f, v jeho\u017e \u010dele stoj\u00ed \u010dlen rusk\u00e9 Ve\u0159ejn\u00e9 komory&#8230;<\/p>\n","protected":false},"author":2,"featured_media":82400,"comment_status":"closed","ping_status":"closed","sticky":false,"template":"","format":"standard","meta":[],"categories":[7],"tags":[1061,1635,1746],"_links":{"self":[{"href":"https:\/\/www.infokuryr.cz\/n\/wp-json\/wp\/v2\/posts\/82399"}],"collection":[{"href":"https:\/\/www.infokuryr.cz\/n\/wp-json\/wp\/v2\/posts"}],"about":[{"href":"https:\/\/www.infokuryr.cz\/n\/wp-json\/wp\/v2\/types\/post"}],"author":[{"embeddable":true,"href":"https:\/\/www.infokuryr.cz\/n\/wp-json\/wp\/v2\/users\/2"}],"replies":[{"embeddable":true,"href":"https:\/\/www.infokuryr.cz\/n\/wp-json\/wp\/v2\/comments?post=82399"}],"version-history":[{"count":1,"href":"https:\/\/www.infokuryr.cz\/n\/wp-json\/wp\/v2\/posts\/82399\/revisions"}],"predecessor-version":[{"id":82401,"href":"https:\/\/www.infokuryr.cz\/n\/wp-json\/wp\/v2\/posts\/82399\/revisions\/82401"}],"wp:featuredmedia":[{"embeddable":true,"href":"https:\/\/www.infokuryr.cz\/n\/wp-json\/wp\/v2\/media\/82400"}],"wp:attachment":[{"href":"https:\/\/www.infokuryr.cz\/n\/wp-json\/wp\/v2\/media?parent=82399"}],"wp:term":[{"taxonomy":"category","embeddable":true,"href":"https:\/\/www.infokuryr.cz\/n\/wp-json\/wp\/v2\/categories?post=82399"},{"taxonomy":"post_tag","embeddable":true,"href":"https:\/\/www.infokuryr.cz\/n\/wp-json\/wp\/v2\/tags?post=82399"}],"curies":[{"name":"wp","href":"https:\/\/api.w.org\/{rel}","templated":true}]}}