{"id":82397,"date":"2025-06-29T00:17:52","date_gmt":"2025-06-28T22:17:52","guid":{"rendered":"https:\/\/www.infokuryr.cz\/n\/?p=82397"},"modified":"2025-06-28T10:25:17","modified_gmt":"2025-06-28T08:25:17","slug":"izraelska-valka-s-iranem-skoncila-nyni-zacina-jeho-valka-mezi-valkami","status":"publish","type":"post","link":"https:\/\/www.infokuryr.cz\/n\/2025\/06\/29\/izraelska-valka-s-iranem-skoncila-nyni-zacina-jeho-valka-mezi-valkami\/","title":{"rendered":"Izraelsk\u00e1 v\u00e1lka s \u00cdr\u00e1nem skon\u010dila, nyn\u00ed za\u010d\u00edn\u00e1 jeho \u201ev\u00e1lka mezi v\u00e1lkami\u201c"},"content":{"rendered":"<div id=\"fb-root\"><\/div>\n<p><strong><span>Ministr obrany Israel Katz 27. \u010dervna ozn\u00e1mil zah\u00e1jen\u00ed zd\u00e1nliv\u011b nov\u00e9 vojensk\u00e9 kampan\u011b a uvedl, \u017ee na\u0159\u00eddil Izraelsk\u00fdm obrann\u00fdm sil\u00e1m (IDF), aby \u201ep\u0159ipravily pl\u00e1n vynucov\u00e1n\u00ed opat\u0159en\u00ed proti \u00cdr\u00e1nu, kter\u00fd zahrnuje udr\u017een\u00ed izraelsk\u00e9 vzdu\u0161n\u00e9 p\u0159evahy, zabr\u00e1n\u011bn\u00ed jadern\u00e9mu pokroku a v\u00fdrob\u011b raket a reakci na \u00cdr\u00e1n za podporu teroristick\u00e9 \u010dinnosti proti Izraeli\u201c.<\/span><\/strong><\/p>\n<p><em>\u201eBudeme pravideln\u011b jednat, abychom takov\u00e9 hrozby zma\u0159ili,\u201c uvedl ministr v p\u0159\u00edsp\u011bvku na X, kde shrnul aktivity IDF b\u011bhem 12denn\u00ed v\u00e1lky proti \u00cdr\u00e1nu.<\/em><\/p>\n<p><em>\u201eNavrhuji useknutou hlavu hada v Teher\u00e1nu, pochopte to a bu\u010fte opatrn\u00ed: Operace Vzestupuj\u00edc\u00ed lev byla pouze uk\u00e1zkou nov\u00e9 izraelsk\u00e9 politiky, po 7. \u0159\u00edjnu imunita kon\u010d\u00ed,\u201c dodal.<\/em><\/p>\n<p><span>Izrael zah\u00e1jil v\u00e1lku 13. \u010dervna s c\u00edlem ochromit \u00edr\u00e1nsk\u00fd jadern\u00fd program. Pot\u00e9, co IDF z\u00edskala vzdu\u0161nou p\u0159evahu nad z\u00e1padn\u00edmi a centr\u00e1ln\u00edmi oblastmi Isl\u00e1msk\u00e9 republiky, roz\u0161\u00ed\u0159ila sv\u016fj seznam c\u00edl\u016f o \u00fato\u010dn\u00e9 schopnosti.<\/span><\/p>\n<p><span>P\u0159\u00edm\u011b\u0159\u00ed bylo n\u00e1hle vyhl\u00e1\u0161eno 24. \u010dervna, pouh\u00e9 dva dny pot\u00e9, co se Spojen\u00e9 st\u00e1ty zapojily do v\u00e1lky \u00fatokem na t\u0159i kl\u00ed\u010dov\u00e1 jadern\u00e1 za\u0159\u00edzen\u00ed v \u00cdr\u00e1nu.<\/span><\/p>\n<p><span>Katzovy pozn\u00e1mky nyn\u00ed nazna\u010duj\u00ed, \u017ee Izrael chce nav\u00e1zat na to, co pova\u017euje za velk\u00fd \u00fasp\u011bch, zah\u00e1jen\u00edm \u201ev\u00e1lky mezi v\u00e1lkami\u201c proti Isl\u00e1msk\u00e9 republice.<\/span><\/p>\n<p><span>Izraelsk\u00fd term\u00edn \u201ev\u00e1lka mezi v\u00e1lkami\u201c ozna\u010duje meziv\u00e1le\u010dnou kampa\u0148 vedenou prost\u0159ednictv\u00edm IDF a izraelsk\u00e9 zpravodajsk\u00e9 slu\u017eby, jej\u00edm\u017e c\u00edlem je zabr\u00e1nit nep\u0159\u00e1tel\u016fm zem\u011b ve v\u00fdvoji schopnost\u00ed, kter\u00e9 jim umo\u017en\u00ed naru\u0161it izraelskou rovnov\u00e1hu odstra\u0161ov\u00e1n\u00ed odhalov\u00e1n\u00edm a selektivn\u00edm ni\u010den\u00edm nov\u011b vznikaj\u00edc\u00edch hrozeb pro bezpe\u010dnost zem\u011b.<\/span><\/p>\n<p><span>Izrael uplat\u0148oval podobnou politiku v\u016f\u010di S\u00fdrii a v\u00edce ne\u017e deset let se otev\u0159en\u011b i skryt\u011b zam\u011b\u0159oval na vojensk\u00e9 kapacity zem\u011b, dokud se tamn\u00ed re\u017eim nezhroutil. Podobnou kampa\u0148 proti Hizball\u00e1hu prov\u00e1d\u00ed tak\u00e9 od konce lo\u0148sk\u00e9ho roku, kdy vstoupilo v platnost p\u0159\u00edm\u011b\u0159\u00ed s Libanonem zprost\u0159edkovan\u00e9 USA.<\/span><\/p>\n<p><span>Situace s \u00cdr\u00e1nem je v\u0161ak zcela jin\u00e1. Zat\u00edmco S\u00fdrie se kv\u016fli prob\u00edhaj\u00edc\u00ed ob\u010dansk\u00e9 v\u00e1lce v t\u00e9 dob\u011b zdr\u017eela reakce a Hizball\u00e1h d\u011bl\u00e1 tot\u00e9\u017e kv\u016fli tlaku libanonsk\u00e9 vl\u00e1dy, Isl\u00e1msk\u00e1 republika opakovan\u011b prok\u00e1zala, \u017ee m\u00e1 schopnost i v\u016fli k opl\u00e1tce.<\/span><\/p>\n<p><span>Nap\u0159\u00edklad \u00cdr\u00e1n si st\u00e1le dr\u017e\u00ed sv\u016fj jadern\u00fd program. Ministr zahrani\u010d\u00ed Abb\u00e1s Aragh\u010di 27. \u010dervna prohl\u00e1sil, \u017ee n\u00e1vrh z\u00e1kona o pozastaven\u00ed spolupr\u00e1ce s jadern\u00fdm dozor\u010d\u00edm org\u00e1nem OSN je nyn\u00ed \u201ez\u00e1vazn\u00fd\u201c pot\u00e9, co jej schv\u00e1lili z\u00e1konod\u00e1rci a nejvy\u0161\u0161\u00ed schvalovac\u00ed org\u00e1n.<\/span><\/p>\n<p><em>\u201eN\u00e1vrh z\u00e1kona, kter\u00fd byl schv\u00e1len [parlamentem] a dnes schv\u00e1len Radou Guardian\u2026 je pro n\u00e1s z\u00e1vazn\u00fd a o jeho proveden\u00ed nen\u00ed pochyb,\u201c \u0159ekl st\u00e1tn\u00ed televizi. \u201eOd nyn\u011bj\u0161ka n\u00e1\u0161 vztah a spolupr\u00e1ce s [Mezin\u00e1rodn\u00ed agenturou pro atomovou energii] nabudou nov\u00e9 podoby.\u201c<\/em><\/p>\n<p><span>Nicm\u00e9n\u011b samotn\u00e9 odhodl\u00e1n\u00ed nebude sta\u010dit k zma\u0159en\u00ed izraelsk\u00fdch pl\u00e1n\u016f. Ani odvetn\u00e9 \u00fadery mu nesta\u010d\u00ed. Pokud chce \u00cdr\u00e1n p\u0159e\u017e\u00edt nadch\u00e1zej\u00edc\u00ed izraelskou kampa\u0148, bude muset rozv\u00edjet sv\u00e9 obrann\u00e9 schopnosti, a to je\u0161t\u011b p\u0159edt\u00edm, ne\u017e bude pracovat na pos\u00edlen\u00ed sv\u00fdch \u00fato\u010dn\u00fdch prost\u0159edk\u016f.<\/span><\/p>\n<p><span>Bez uzav\u0159en\u00ed sv\u00e9ho vzdu\u0161n\u00e9ho prostoru a zaveden\u00ed bezpe\u010dnostn\u00edch reforem by se Isl\u00e1msk\u00e1 republika nakonec mohla ocitnout bez \u010deho \u00fato\u010dit.<\/span><\/p>\n<p><span>Katzova slova jsou velmi jasn\u00e1. \u00cdr\u00e1n by se m\u011bl p\u0159ipravit na to, \u017ee v nadch\u00e1zej\u00edc\u00edch m\u011bs\u00edc\u00edch bude \u010delit atent\u00e1t\u016fm, sabot\u00e1\u017e\u00edm a dokonce i \u00fatok\u016fm. Z\u00e1rove\u0148 by m\u011bl d\u00e1t diplomacii spravedlivou \u0161anci, zejm\u00e9na spoluprac\u00ed se Spojen\u00fdmi st\u00e1ty, Ruskem a \u010c\u00ednou, kter\u00e9 by mohly zkrotit nad\u0161en\u00ed Izraele.<\/span><\/p>\n<p><img decoding=\"async\" loading=\"lazy\" class=\"alignnone size-full wp-image-1185\" src=\"http:\/\/www.infokuryr.cz\/n\/wp-content\/uploads\/2021\/04\/kuryr-podpis.png\" alt=\"\" width=\"84\" height=\"24\" \/><\/p>\n<p>&nbsp;<\/p>\n","protected":false},"excerpt":{"rendered":"<p>Ministr obrany Israel Katz 27. \u010dervna ozn\u00e1mil zah\u00e1jen\u00ed zd\u00e1nliv\u011b nov\u00e9 vojensk\u00e9 kampan\u011b a uvedl, \u017ee&#8230;<\/p>\n","protected":false},"author":2,"featured_media":82398,"comment_status":"closed","ping_status":"closed","sticky":false,"template":"","format":"standard","meta":[],"categories":[7],"tags":[107,458,40],"_links":{"self":[{"href":"https:\/\/www.infokuryr.cz\/n\/wp-json\/wp\/v2\/posts\/82397"}],"collection":[{"href":"https:\/\/www.infokuryr.cz\/n\/wp-json\/wp\/v2\/posts"}],"about":[{"href":"https:\/\/www.infokuryr.cz\/n\/wp-json\/wp\/v2\/types\/post"}],"author":[{"embeddable":true,"href":"https:\/\/www.infokuryr.cz\/n\/wp-json\/wp\/v2\/users\/2"}],"replies":[{"embeddable":true,"href":"https:\/\/www.infokuryr.cz\/n\/wp-json\/wp\/v2\/comments?post=82397"}],"version-history":[{"count":0,"href":"https:\/\/www.infokuryr.cz\/n\/wp-json\/wp\/v2\/posts\/82397\/revisions"}],"wp:featuredmedia":[{"embeddable":true,"href":"https:\/\/www.infokuryr.cz\/n\/wp-json\/wp\/v2\/media\/82398"}],"wp:attachment":[{"href":"https:\/\/www.infokuryr.cz\/n\/wp-json\/wp\/v2\/media?parent=82397"}],"wp:term":[{"taxonomy":"category","embeddable":true,"href":"https:\/\/www.infokuryr.cz\/n\/wp-json\/wp\/v2\/categories?post=82397"},{"taxonomy":"post_tag","embeddable":true,"href":"https:\/\/www.infokuryr.cz\/n\/wp-json\/wp\/v2\/tags?post=82397"}],"curies":[{"name":"wp","href":"https:\/\/api.w.org\/{rel}","templated":true}]}}