{"id":82395,"date":"2025-06-29T00:15:50","date_gmt":"2025-06-28T22:15:50","guid":{"rendered":"https:\/\/www.infokuryr.cz\/n\/?p=82395"},"modified":"2025-06-28T11:30:21","modified_gmt":"2025-06-28T09:30:21","slug":"izrael-presouva-pozornost-na-libanon-a-utoci-na-podzemni-raketovou-zakladnu-hizballahu","status":"publish","type":"post","link":"https:\/\/www.infokuryr.cz\/n\/2025\/06\/29\/izrael-presouva-pozornost-na-libanon-a-utoci-na-podzemni-raketovou-zakladnu-hizballahu\/","title":{"rendered":"Izrael p\u0159esouv\u00e1 pozornost na Libanon a \u00fato\u010d\u00ed na podzemn\u00ed raketovou z\u00e1kladnu Hizball\u00e1hu"},"content":{"rendered":"<div id=\"fb-root\"><\/div>\n<p><strong>Izrael 27. \u010dervna znovu zam\u011b\u0159il svou pozornost na Libanon a za\u00fato\u010dil na kl\u00ed\u010dov\u00e9 za\u0159\u00edzen\u00ed Hizball\u00e1hu v oblasti hradu Beaufort na jihu zem\u011b.<\/strong><\/p>\n<p>Izraelsk\u00e9 obrann\u00e9 s\u00edly (IDF) ve sv\u00e9m prohl\u00e1\u0161en\u00ed uvedly, \u017ee za\u0159\u00edzen\u00ed, kter\u00e9 je sou\u010d\u00e1st\u00ed podzemn\u00edho are\u00e1lu Hizball\u00e1hu, je\u017e byl d\u0159\u00edve c\u00edlem \u00fatok\u016f, vyu\u017e\u00edv\u00e1no skupinou k \u201e\u0159\u00edzen\u00ed sv\u00e9 palebn\u00e9 a obrann\u00e9 soustavy\u201c.<\/p>\n<p><em>\u201eV posledn\u00edch dnech IDF identifikovala pokusy teroristick\u00e9 organizace Hizball\u00e1h o obnovu m\u00edsta, a proto byla teroristick\u00e1 infrastruktura v oblasti napadena,\u201c uvedla arm\u00e1da.<\/em><\/p>\n<p>Izraelsk\u00e9 obrann\u00e9 s\u00edly (IDF) dodaly, \u017ee \u201eexistence tohoto m\u00edsta a pokusy o jeho obnoven\u00ed p\u0159edstavuj\u00ed do o\u010d\u00ed bij\u00edc\u00ed poru\u0161en\u00ed dohod mezi Izraelem a Libanonem\u201c.<\/p>\n<p><iframe loading=\"lazy\" src=\"https:\/\/s5.cdnstatic.space\/wp-content\/uploads\/2025\/06\/IMG_5804.mp4\" width=\"600\" height=\"338\" data-mce-fragment=\"1\"><\/iframe><\/p>\n<p><iframe loading=\"lazy\" src=\"https:\/\/s5.cdnstatic.space\/wp-content\/uploads\/2025\/06\/video_2025-06-27_17-01-08.mp4\" width=\"600\" height=\"338\" data-mce-fragment=\"1\"><\/iframe><\/p>\n<p>Po \u00fatoku libanonsk\u00e9 ministerstvo zdravotnictv\u00ed ozn\u00e1milo, \u017ee p\u0159i izraelsk\u00e9m \u00fatoku na byt ve m\u011bst\u011b Nabatieh, kter\u00e9 se nach\u00e1z\u00ed asi sedm kilometr\u016f severoz\u00e1padn\u011b od hradu Beaufort, byla zabita jedna \u017eena a dal\u0161\u00edch 11 lid\u00ed bylo zran\u011bno.<\/p>\n<p><iframe loading=\"lazy\" src=\"https:\/\/s5.cdnstatic.space\/wp-content\/uploads\/2025\/06\/R7TAr4X8befDDvyV.mp4\" width=\"600\" height=\"338\" data-mce-fragment=\"1\"><\/iframe><\/p>\n<p>IDF v\u0161ak pop\u0159ela proveden\u00ed \u00fatoku na Nabatieh a m\u00edsto toho obvinila raketu Hizball\u00e1hu, kter\u00e1 byla odp\u00e1lena uprost\u0159ed \u00fatok\u016f na bl\u00edzk\u00e9 za\u0159\u00edzen\u00ed.<\/p>\n<p><em>\u201eIDF nec\u00edlila na \u017e\u00e1dnou civiln\u00ed budovu,\u201c \u0159ekl arabsky mluv\u00edc\u00ed mluv\u010d\u00ed arm\u00e1dy plukovn\u00edk Avichay Adraee. \u201ePodle informac\u00ed, kter\u00e9 m\u00e1me, byla budova zasa\u017eena raketov\u00fdm projektilem, kter\u00fd byl na m\u00edst\u011b uskladn\u011bn, a v d\u016fsledku leteck\u00e9ho \u00fatoku byl odp\u00e1len a explodoval.\u201c<\/em><\/p>\n<p>Videa zve\u0159ejn\u011bn\u00e1 na soci\u00e1ln\u00edch s\u00edt\u00edch skute\u010dn\u011b zachytila \u200b\u200bdes\u00edtky sekund\u00e1rn\u00edch v\u00fdbuch\u016f v c\u00edlov\u00e9m za\u0159\u00edzen\u00ed, co\u017e nazna\u010duje, \u017ee jeho podzemn\u00ed struktura byla v d\u016fsledku izraelsk\u00e9ho \u00fatoku naru\u0161ena.<\/p>\n<p><iframe loading=\"lazy\" src=\"https:\/\/s5.cdnstatic.space\/wp-content\/uploads\/2025\/06\/IMG_9558.mp4\" width=\"600\" height=\"338\" data-mce-fragment=\"1\"><\/iframe><\/p>\n<p><iframe loading=\"lazy\" src=\"https:\/\/s5.cdnstatic.space\/wp-content\/uploads\/2025\/06\/IMG_9557.mp4\" width=\"600\" height=\"338\" data-mce-fragment=\"1\"><\/iframe><\/p>\n<p><iframe loading=\"lazy\" src=\"https:\/\/s5.cdnstatic.space\/wp-content\/uploads\/2025\/06\/qQenUnppPPaPdTU7.mp4\" width=\"600\" height=\"338\" data-mce-fragment=\"1\"><\/iframe><\/p>\n<p>Jen o den d\u0159\u00edve byl izraelsk\u00fdmi obrann\u00fdmi silami zbo\u0159en d\u016fm v jiholibanonsk\u00e9m m\u011bst\u011b Houla, kter\u00fd \u00fadajn\u011b pou\u017e\u00edval Hizball\u00e1h k pozorov\u00e1n\u00ed Izraele.<\/p>\n<p>D\u016fm podle arm\u00e1dy pat\u0159il Ahmadovi Ghazimu Alimu, agentovi Hizball\u00e1hu, kter\u00fd byl p\u0159ed t\u00fddnem zabit p\u0159i \u00fatoku dronu v H\u00fale.<\/p>\n<p><em>\u201eStrukturu vyu\u017e\u00edvala teroristick\u00e1 organizace Hizball\u00e1h k vojensk\u00fdm aktivit\u00e1m, v\u010detn\u011b pokus\u016f o shroma\u017e\u010fov\u00e1n\u00ed zpravodajsk\u00fdch informac\u00ed o jednotk\u00e1ch IDF,\u201c uvedla arm\u00e1da ve sv\u00e9m prohl\u00e1\u0161en\u00ed a dodala, \u017ee \u201e\u010dinnost terorist\u016f v budov\u011b p\u0159edstavovala jasn\u00e9 poru\u0161en\u00ed dohody mezi Izraelem a Libanonem\u201c.<\/em><\/p>\n<p>Izraelsk\u00e9 obrann\u00e9 s\u00edly (IDF) uvedly, \u017ee demolici provedla 769. region\u00e1ln\u00ed brig\u00e1da \u201eHiram\u201c v r\u00e1mci operace, kter\u00e1 byla pops\u00e1na jako \u201especi\u00e1ln\u00ed operace\u201c.<\/p>\n<p><iframe loading=\"lazy\" src=\"https:\/\/s5.cdnstatic.space\/wp-content\/uploads\/2025\/06\/1f05c75d-fc09-4a05-8f85-67c8ba4564ed.mp4\" width=\"600\" height=\"338\" data-mce-fragment=\"1\"><\/iframe><\/p>\n<p>Izraelsk\u00e9 \u00fatoky \u00fadajn\u011b zabily v\u00edce ne\u017e 180 \u010dlen\u016f Hizball\u00e1hu od doby, kdy 27. listopadu vstoupilo v platnost p\u0159\u00edm\u011b\u0159\u00ed s Libanonem zprost\u0159edkovan\u00e9 Spojen\u00fdmi st\u00e1ty. Izraelsk\u00e9 obrann\u00e9 s\u00edly (IDF) se nav\u00edc odm\u00edtly v souladu s dohodou zcela st\u00e1hnout z ji\u017en\u00edho Libanonu a ponechaly sv\u00e9 jednotky na p\u011bti strategick\u00fdch m\u00edstech v regionu.<\/p>\n<p>Hizball\u00e1h se zat\u00edm zdr\u017eel jak\u00e9koli reakce a pravd\u011bpodobn\u011b se zam\u011b\u0159\u00ed na reorganizaci sv\u00fdch \u0159ad. Pro Izrael by to mohla b\u00fdt p\u0159\u00edle\u017eitost.<\/p>\n<p>Ned\u00e1vn\u00e9 \u00fatoky IDF nazna\u010duj\u00ed, \u017ee Izrael, kter\u00fd pr\u00e1v\u011b dokon\u010dil \u00fatok na \u00edr\u00e1nsk\u00fd jadern\u00fd program, se nyn\u00ed mo\u017en\u00e1 p\u0159ipravuje na obnoven\u00ed v\u00e1lky proti Libanonu.<\/p>\n<p><img decoding=\"async\" loading=\"lazy\" class=\"alignnone size-full wp-image-1185\" src=\"http:\/\/www.infokuryr.cz\/n\/wp-content\/uploads\/2021\/04\/kuryr-podpis.png\" alt=\"\" width=\"84\" height=\"24\" \/><\/p>\n<p>&nbsp;<\/p>\n","protected":false},"excerpt":{"rendered":"<p>Izrael 27. \u010dervna znovu zam\u011b\u0159il svou pozornost na Libanon a za\u00fato\u010dil na kl\u00ed\u010dov\u00e9 za\u0159\u00edzen\u00ed Hizball\u00e1hu&#8230;<\/p>\n","protected":false},"author":2,"featured_media":82396,"comment_status":"closed","ping_status":"closed","sticky":false,"template":"","format":"standard","meta":[],"categories":[7],"tags":[6772,107,405,9390],"_links":{"self":[{"href":"https:\/\/www.infokuryr.cz\/n\/wp-json\/wp\/v2\/posts\/82395"}],"collection":[{"href":"https:\/\/www.infokuryr.cz\/n\/wp-json\/wp\/v2\/posts"}],"about":[{"href":"https:\/\/www.infokuryr.cz\/n\/wp-json\/wp\/v2\/types\/post"}],"author":[{"embeddable":true,"href":"https:\/\/www.infokuryr.cz\/n\/wp-json\/wp\/v2\/users\/2"}],"replies":[{"embeddable":true,"href":"https:\/\/www.infokuryr.cz\/n\/wp-json\/wp\/v2\/comments?post=82395"}],"version-history":[{"count":0,"href":"https:\/\/www.infokuryr.cz\/n\/wp-json\/wp\/v2\/posts\/82395\/revisions"}],"wp:featuredmedia":[{"embeddable":true,"href":"https:\/\/www.infokuryr.cz\/n\/wp-json\/wp\/v2\/media\/82396"}],"wp:attachment":[{"href":"https:\/\/www.infokuryr.cz\/n\/wp-json\/wp\/v2\/media?parent=82395"}],"wp:term":[{"taxonomy":"category","embeddable":true,"href":"https:\/\/www.infokuryr.cz\/n\/wp-json\/wp\/v2\/categories?post=82395"},{"taxonomy":"post_tag","embeddable":true,"href":"https:\/\/www.infokuryr.cz\/n\/wp-json\/wp\/v2\/tags?post=82395"}],"curies":[{"name":"wp","href":"https:\/\/api.w.org\/{rel}","templated":true}]}}