{"id":82389,"date":"2025-06-29T00:14:25","date_gmt":"2025-06-28T22:14:25","guid":{"rendered":"https:\/\/www.infokuryr.cz\/n\/?p=82389"},"modified":"2025-06-28T10:14:59","modified_gmt":"2025-06-28T08:14:59","slug":"tisice-lidi-protestovaly-na-parizske-letecke-show-proti-izraelske-ucasti","status":"publish","type":"post","link":"https:\/\/www.infokuryr.cz\/n\/2025\/06\/29\/tisice-lidi-protestovaly-na-parizske-letecke-show-proti-izraelske-ucasti\/","title":{"rendered":"Tis\u00edce lid\u00ed protestovaly na pa\u0159\u00ed\u017esk\u00e9 leteck\u00e9 show proti izraelsk\u00e9 \u00fa\u010dasti"},"content":{"rendered":"<div id=\"fb-root\"><\/div>\n<p><strong>Demonstranti pochodovali proti obchodu se zbran\u011bmi v posledn\u00edch dnech 55. ro\u010dn\u00edku velk\u00e9 leteck\u00e9 a kosmick\u00e9 v\u00fdstavy. Protesty po\u017eadovaly bojkot Izraele a ukon\u010den\u00ed obchodu se zbran\u011bmi.<\/strong><\/p>\n<p>\u0158ev st\u00edha\u010dek se oz\u00fdval pa\u0159\u00ed\u017esk\u00fdmi p\u0159edm\u011bst\u00edmi, kdy\u017e demonstranti pochodovali ulicemi Seine-Saint-Denis. V sobotu 21. \u010dervna se n\u011bkolik tis\u00edc demonstrant\u016f vydalo z Bobigny sm\u011brem k leti\u0161ti Le Bourget a po\u017eadovalo ukon\u010den\u00ed toho, co nazvali \u201eobchodem smrti\u201c na jedn\u00e9 z nejv\u011bt\u0161\u00edch zbrojn\u00edch v\u00fdstav na sv\u011bt\u011b.<\/p>\n<p>\u00da\u010dastn\u00edci pochodu nesli transparenty s n\u00e1pisy \u201eJejich v\u00e1lky, jejich zisky, na\u0161e smrti, zastavte genocidu v Palestin\u011b\u201c. V davu byli palestin\u0161t\u00ed mlad\u00ed lid\u00e9 z cel\u00e9 Evropy, francouz\u0161t\u00ed odbor\u00e1\u0159i, propalestinsk\u00e9 aktivist\u00e9 a levicov\u00e9 skupiny.<\/p>\n<div class=\"wp-block-image\">\n<figure class=\"alignleft size-large is-resized\"><img decoding=\"async\" loading=\"lazy\" class=\"wp-image-314546 entered lazyloaded aligncenter\" src=\"https:\/\/mondoweiss.net\/wp-content\/uploads\/2025\/06\/Paris-Air-Show_3-1024x683.jpg\" sizes=\"(max-width: 1024px) 100vw, 1024px\" srcset=\"https:\/\/mondoweiss.net\/wp-content\/uploads\/2025\/06\/Paris-Air-Show_3-1024x683.jpg 1024w, https:\/\/mondoweiss.net\/wp-content\/uploads\/2025\/06\/Paris-Air-Show_3-300x200.jpg 300w, https:\/\/mondoweiss.net\/wp-content\/uploads\/2025\/06\/Paris-Air-Show_3-150x100.jpg 150w, https:\/\/mondoweiss.net\/wp-content\/uploads\/2025\/06\/Paris-Air-Show_3-270x180.jpg 270w, https:\/\/mondoweiss.net\/wp-content\/uploads\/2025\/06\/Paris-Air-Show_3-770x515.jpg 770w, https:\/\/mondoweiss.net\/wp-content\/uploads\/2025\/06\/Paris-Air-Show_3-scaled.jpg 1280w\" alt=\"Protestn\u00ed cedule vystaven\u00e1 p\u0159ed budovou Bourse du travail v Bobigny, propaguj\u00edc\u00ed demonstraci proti pa\u0159\u00ed\u017esk\u00e9mu aerosalonu. (Foto: Simon Feisthauer Fournet)\" width=\"408\" height=\"272\" data-lazy-srcset=\"https:\/\/mondoweiss.net\/wp-content\/uploads\/2025\/06\/Paris-Air-Show_3-1024x683.jpg 1024w, https:\/\/mondoweiss.net\/wp-content\/uploads\/2025\/06\/Paris-Air-Show_3-300x200.jpg 300w, https:\/\/mondoweiss.net\/wp-content\/uploads\/2025\/06\/Paris-Air-Show_3-150x100.jpg 150w, https:\/\/mondoweiss.net\/wp-content\/uploads\/2025\/06\/Paris-Air-Show_3-270x180.jpg 270w, https:\/\/mondoweiss.net\/wp-content\/uploads\/2025\/06\/Paris-Air-Show_3-770x515.jpg 770w, https:\/\/mondoweiss.net\/wp-content\/uploads\/2025\/06\/Paris-Air-Show_3-scaled.jpg 1280w\" data-lazy-sizes=\"(max-width: 1024px) 100vw, 1024px\" data-lazy-src=\"https:\/\/mondoweiss.net\/wp-content\/uploads\/2025\/06\/Paris-Air-Show_3-1024x683.jpg\" data-ll-status=\"loaded\" \/><figcaption class=\"wp-element-caption\">Protestn\u00ed cedule vystaven\u00e1 p\u0159ed budovou Bourse du travail v Bobigny, propaguj\u00edc\u00ed demonstraci proti pa\u0159\u00ed\u017esk\u00e9mu aerosalonu. (Foto: Simon Feisthauer Fournet)<\/p>\n<\/figcaption><\/figure>\n<\/div>\n<p>Pa\u0159\u00ed\u017esk\u00e1 leteck\u00e1 show, ve Francii zn\u00e1m\u00fd jako Salon du Bourget, p\u0159il\u00e1k\u00e1 ka\u017ed\u00e9 dva roky statis\u00edce n\u00e1v\u0161t\u011bvn\u00edk\u016f, aby p\u0159edstavil nejnov\u011bj\u0161\u00ed leteck\u00e9 technologie. Leto\u0161n\u00ed ro\u010dn\u00edk byl zast\u00edn\u011bn kontroverz\u00ed ohledn\u011b izraelsk\u00e9 \u00fa\u010dasti. Francouzsk\u00e9 \u00fa\u0159ady za\u010d\u00e1tkem t\u00fddne uzav\u0159ely izraelsk\u00e9 zbrojn\u00ed st\u00e1nky s odvol\u00e1n\u00edm na omezen\u00ed vystaven\u00ed \u00fato\u010dn\u00fdch zbran\u00ed vzhledem k humanit\u00e1rn\u00ed krizi v Gaze. Tento krok vyvolal kritiku ze strany izraelsk\u00fdch p\u0159edstavitel\u016f, kte\u0159\u00ed pohrozili pr\u00e1vn\u00edmi kroky.<\/p>\n<p>Demonstrace, kterou zorganizovala koalice Guerre \u00e0 la guerre (V\u00e1lka v\u00e1lce), svedla dohromady v\u00edce ne\u017e 145 organizac\u00ed, v\u010detn\u011b v\u00fdznamn\u00fdch francouzsk\u00fdch odbor\u016f, propalestinsk\u00fdch skupin a levicov\u00fdch politick\u00fdch stran.<\/p>\n<p>\u201eM\u011bs\u00edce jsme pracovali na nalezen\u00ed pozic, na sbl\u00ed\u017een\u00ed na\u0161ich boj\u016f a n\u00e1zor\u016f [\u2026] abychom se postavili proti t\u00e9to show, kde dnes existuj\u00ed spole\u010dnosti, kter\u00e9 prod\u00e1vaj\u00ed smrt, existuj\u00ed izraelsk\u00e9 spole\u010dnosti a delegace, kter\u00e9 p\u0159ijely obchodovat se smrt\u00ed,\u201c \u0159ekl Kenan, mluv\u010d\u00ed Urgence Palestine, propalestinsk\u00e9 skupiny, kter\u00e1 v sou\u010dasn\u00e9 dob\u011b \u010del\u00ed hrozb\u00e1m rozpu\u0161t\u011bn\u00ed ze strany francouzsk\u00e9 vl\u00e1dy.<\/p>\n<figure class=\"wp-block-image size-large\"><img decoding=\"async\" loading=\"lazy\" class=\"wp-image-314548 entered lazyloaded aligncenter\" src=\"https:\/\/mondoweiss.net\/wp-content\/uploads\/2025\/06\/Paris-Air-Show_5-1024x683.jpg\" sizes=\"(max-width: 1024px) 100vw, 1024px\" srcset=\"https:\/\/mondoweiss.net\/wp-content\/uploads\/2025\/06\/Paris-Air-Show_5-1024x683.jpg 1024w, https:\/\/mondoweiss.net\/wp-content\/uploads\/2025\/06\/Paris-Air-Show_5-300x200.jpg 300w, https:\/\/mondoweiss.net\/wp-content\/uploads\/2025\/06\/Paris-Air-Show_5-150x100.jpg 150w, https:\/\/mondoweiss.net\/wp-content\/uploads\/2025\/06\/Paris-Air-Show_5-270x180.jpg 270w, https:\/\/mondoweiss.net\/wp-content\/uploads\/2025\/06\/Paris-Air-Show_5-770x515.jpg 770w, https:\/\/mondoweiss.net\/wp-content\/uploads\/2025\/06\/Paris-Air-Show_5-scaled.jpg 1280w\" alt=\"Protestuj\u00edc\u00ed stoj\u00ed p\u0159ed francouzskou polici\u00ed b\u011bhem sobotn\u00ed demonstrace proti izraelsk\u00e9 \u00fa\u010dasti na pa\u0159\u00ed\u017esk\u00e9 leteck\u00e9 p\u0159ehl\u00eddce. (Foto: Simon Feisthauer Fournet)\" width=\"779\" height=\"519\" data-lazy-srcset=\"https:\/\/mondoweiss.net\/wp-content\/uploads\/2025\/06\/Paris-Air-Show_5-1024x683.jpg 1024w, https:\/\/mondoweiss.net\/wp-content\/uploads\/2025\/06\/Paris-Air-Show_5-300x200.jpg 300w, https:\/\/mondoweiss.net\/wp-content\/uploads\/2025\/06\/Paris-Air-Show_5-150x100.jpg 150w, https:\/\/mondoweiss.net\/wp-content\/uploads\/2025\/06\/Paris-Air-Show_5-270x180.jpg 270w, https:\/\/mondoweiss.net\/wp-content\/uploads\/2025\/06\/Paris-Air-Show_5-770x515.jpg 770w, https:\/\/mondoweiss.net\/wp-content\/uploads\/2025\/06\/Paris-Air-Show_5-scaled.jpg 1280w\" data-lazy-sizes=\"(max-width: 1024px) 100vw, 1024px\" data-lazy-src=\"https:\/\/mondoweiss.net\/wp-content\/uploads\/2025\/06\/Paris-Air-Show_5-1024x683.jpg\" data-ll-status=\"loaded\" \/><\/figure>\n<p><em>Protestuj\u00edc\u00ed stoj\u00ed p\u0159ed francouzskou polici\u00ed b\u011bhem sobotn\u00ed demonstrace proti izraelsk\u00e9 \u00fa\u010dasti na pa\u0159\u00ed\u017esk\u00e9 leteck\u00e9 p\u0159ehl\u00eddce. (Foto: Simon Feisthauer Fournet)<\/em><\/p>\n<p>Pa\u0159\u00ed\u017esk\u00fd aerosalon, kter\u00fd se kon\u00e1 ka\u017ed\u00e9 dva roky na leti\u0161ti Le Bourget v p\u0159edm\u011bst\u00ed Seine-Saint-Denis severn\u011b od Pa\u0159\u00ed\u017ee, je jedn\u00edm z nejd\u016fle\u017eit\u011bj\u0161\u00edch setk\u00e1n\u00ed leteck\u00e9ho pr\u016fmyslu. Letos se akce z\u00fa\u010dastnilo 2 500 vystavovatel\u016f ze 48 zem\u00ed a organiz\u00e1to\u0159i o\u010dek\u00e1vaj\u00ed b\u011bhem dn\u016f kon\u00e1n\u00ed veletrhu 100 000 n\u00e1v\u0161t\u011bvn\u00edk\u016f denn\u011b.<\/p>\n<p>A\u010dkoli se veletrh ofici\u00e1ln\u011b zam\u011b\u0159uje na civiln\u00ed leteckou a kosmickou technologii, dlouhodob\u011b slou\u017e\u00ed jako v\u00fdznamn\u00e9 m\u00edsto pro vojensk\u00e9 dodavatele. Francouz\u0161t\u00ed v\u00fdrobci zbran\u00ed, jako je Thales, zde vystavuj\u00ed sv\u00e9 zbo\u017e\u00ed po boku mezin\u00e1rodn\u00edch gigant\u016f, jako jsou Lockheed Martin a BAE Systems. Francie se \u0159ad\u00ed mezi druh\u00e9 nejv\u011bt\u0161\u00ed v\u00fdvozce zbran\u00ed na sv\u011bt\u011b, co\u017e z veletrhu \u010din\u00ed kl\u00ed\u010dov\u00fd trh pro obchody se zbran\u011bmi.<\/p>\n<p>P\u0159\u00edtomnost izraelsk\u00fdch spole\u010dnost\u00ed se stala ohniskem sporu pot\u00e9, co francouzsk\u00e1 vl\u00e1da p\u016fvodn\u011b nazna\u010dila, \u017ee by se izraelsk\u00e9 firmy mohly zapojit po do\u010dasn\u00e9m p\u0159\u00edm\u011b\u0159\u00ed v Gaze. Toto p\u0159\u00edm\u011b\u0159\u00ed se v b\u0159eznu zhroutilo, kdy\u017e Izrael obnovil bombardov\u00e1n\u00ed Gazy, co\u017e podle zdravotnick\u00fdch \u00fa\u0159ad\u016f v Gaze p\u0159idalo stovky dal\u0161\u00edch ob\u011bt\u00ed k po\u010dtu ob\u011bt\u00ed, kter\u00fd p\u0159ekro\u010dil 55 000.<\/p>\n<p>Navzdory kontroverzi bylo na ofici\u00e1ln\u00edch webov\u00fdch str\u00e1nk\u00e1ch veletrhu uvedeno nejm\u00e9n\u011b dev\u011bt izraelsk\u00fdch vystavovatel\u016f, v\u010detn\u011b v\u00fdznamn\u00fdch dodavatel\u016f obrann\u00e9ho pr\u016fmyslu, spole\u010dnost\u00ed Rafael Advanced Systems, Israel Aerospace Industries a Elbit Systems. Tyto spole\u010dnosti vyr\u00e1b\u011bj\u00ed \u0159\u00edzen\u00e9 st\u0159ely, drony a dal\u0161\u00ed zbra\u0148ov\u00e9 syst\u00e9my, kter\u00e9 byly podle kritik\u016f pou\u017eity proti palestinsk\u00fdm civilist\u016fm.<\/p>\n<p>Eric Coquerel, poslanec levicov\u00e9 strany La France Insoumise zastupuj\u00edc\u00ed Seine-Saint-Denis, promluvil k davu s ostrou kritikou izraelsk\u00fdch \u010din\u016f.<\/p>\n<p>\u201eToto je koloni\u00e1ln\u00ed v\u00e1lka a imperialistick\u00e1 v\u00e1lka, kter\u00e1 pod rou\u0161kou n\u00e1bo\u017eensk\u00e9 v\u00e1lky m\u00e1 pro Izrael jedin\u00fd c\u00edl: skoncovat s palestinsk\u00fdm lidem jako historick\u00fdm celkem [\u2026] a proto \u0159\u00edk\u00e1me, \u017ee ano, v Gaze v sou\u010dasn\u00e9 dob\u011b skute\u010dn\u011b doch\u00e1z\u00ed ke genocid\u011b,\u201c \u0159ekl.<\/p>\n<p>Coquerel vyzval k uvalen\u00ed komplexn\u00edch sankc\u00ed proti Izraeli, v\u010detn\u011b \u201etot\u00e1ln\u00edho bojkotu Izraele\u201c a \u201eukon\u010den\u00ed ve\u0161ker\u00e9ho obchodu se zbran\u011bmi\u201c. Po\u017eadoval tak\u00e9, aby Francie prosazovala pozastaven\u00ed dohod Evropsk\u00e9 unie s Izraelem a jednostrann\u00e9 uzn\u00e1n\u00ed palestinsk\u00e9 st\u00e1tnosti.<\/p>\n<p>Protestu se z\u00fa\u010dastnili \u00fa\u010dastn\u00edci z r\u016fzn\u00fdch prost\u0159ed\u00ed, v\u010detn\u011b Fran\u00e7oise Verg\u00e8sov\u00e9, prominentn\u00ed dekoloni\u00e1ln\u00ed feministick\u00e9 akademie, kter\u00e1 propojovala francouzskou vojenskou historii se sou\u010dasn\u00fdm v\u00fdvozem zbran\u00ed.<\/p>\n<p>\u201eZa p\u0159ehl\u00eddkou p\u016fsobiv\u00e9ho pokroku v technologi\u00edch smrti stoj\u00ed mu\u017ei v kravat\u00e1ch, kte\u0159\u00ed pij\u00ed \u0161ampa\u0148sk\u00e9 na oslavu zbran\u00ed, kter\u00e9 pos\u00edlaj\u00ed zab\u00edjet miminka, \u017eeny, d\u011bti a mu\u017ee, p\u0159esn\u011b to je Pa\u0159\u00ed\u017esk\u00e1 leteck\u00e1 show,\u201c \u0159ekla. \u201eFrancie je druh\u00fdm nejv\u011bt\u0161\u00edm v\u00fdvozcem zbran\u00ed na sv\u011bt\u011b.\u201c<\/p>\n<p>Verg\u00e8s spojil sou\u010dasn\u00fd francouzsk\u00fd obchod se zbran\u011bmi s jej\u00ed koloni\u00e1ln\u00ed minulost\u00ed a poznamenal, jak \u201efrancouzsk\u00e1 arm\u00e1da [\u2026] nau\u010dila milice jihoamerick\u00fdch diktatur mu\u010d\u00edc\u00edm praktik\u00e1m, kter\u00e9 experimentovaly v Al\u017e\u00edrsku.\u201c<\/p>\n<p>Koalice stoj\u00edc\u00ed za pochodem zahrnovala n\u011bkolik pobo\u010dek CGT, nejv\u011bt\u0161\u00ed francouzsk\u00e9 odborov\u00e9 konfederace, v\u010detn\u011b pracovn\u00edk\u016f leteck\u00fdch gigant\u016f Airbus a Thales. Doka\u0159i CGT v p\u0159\u00edstavu Marseille ned\u00e1vno odm\u00edtli nakl\u00e1dat z\u00e1silky d\u00edl\u016f pro zbran\u011b sm\u011b\u0159uj\u00edc\u00ed do Izraele.<\/p>\n<p>Francouzsk\u00e9 \u00fa\u0159ady monitorovaly protestn\u00ed skupiny a pa\u0159\u00ed\u017e\u0161t\u00ed st\u00e1tn\u00ed z\u00e1stupci ozn\u00e1mili vy\u0161et\u0159ov\u00e1n\u00ed mo\u017en\u00fdch pl\u00e1n\u016f na naru\u0161en\u00ed provozu. V souvislosti s vy\u0161et\u0159ov\u00e1n\u00edm bylo zat\u010deno sedm lid\u00ed.<\/p>\n<p>Demonstrace se konala na pozad\u00ed rostouc\u00edho tlaku vl\u00e1dy na propalestinsk\u00e9 skupiny. Organizace Urgence Palestine, jeden z hlavn\u00edch organiz\u00e1tor\u016f, \u010del\u00ed hrozb\u00e1m rozpu\u0161t\u011bn\u00ed ze strany ministra vnitra Bruna Retailleaua, kter\u00fd organizaci obvinil z \u201epodn\u011bcov\u00e1n\u00ed nen\u00e1visti\u201c, \u201eospravedl\u0148ov\u00e1n\u00ed terorismu\u201c a \u201epodn\u011bcov\u00e1n\u00ed k n\u00e1sil\u00ed\u201c.<\/p>\n<p>Protest se tak\u00e9 shodoval s dev\u00e1t\u00fdm dnem konfliktu mezi Izraelem a \u00cdr\u00e1nem.<\/p>\n<p>Kdy\u017e pa\u0159\u00ed\u017esk\u00e1 leteck\u00e1 p\u0159ehl\u00eddka kon\u010dila sv\u016fj t\u00fddenn\u00ed program, Kenan se vyj\u00e1d\u0159il k rostouc\u00edmu tlaku, kter\u00e9mu jeho organizace \u010del\u00ed b\u011bhem sobotn\u00edho protestu. \u201eMy v Urgence Palestine m\u00e1me nad hlavou hrozbu rozpu\u0161t\u011bn\u00ed, a p\u0159esto budeme i nad\u00e1le bojovat proti genocid\u011b, proti kolonizaci a proti zbrojn\u00edm spole\u010dnostem,\u201c \u0159ekl davu.<\/p>\n<p><strong><em>Od Simona Feisthauera Fourneta <\/em><\/strong><\/p>\n","protected":false},"excerpt":{"rendered":"<p>Demonstranti pochodovali proti obchodu se zbran\u011bmi v posledn\u00edch dnech 55. ro\u010dn\u00edku velk\u00e9 leteck\u00e9 a kosmick\u00e9&#8230;<\/p>\n","protected":false},"author":2,"featured_media":82390,"comment_status":"closed","ping_status":"closed","sticky":false,"template":"","format":"standard","meta":[],"categories":[7],"tags":[107,362,95],"_links":{"self":[{"href":"https:\/\/www.infokuryr.cz\/n\/wp-json\/wp\/v2\/posts\/82389"}],"collection":[{"href":"https:\/\/www.infokuryr.cz\/n\/wp-json\/wp\/v2\/posts"}],"about":[{"href":"https:\/\/www.infokuryr.cz\/n\/wp-json\/wp\/v2\/types\/post"}],"author":[{"embeddable":true,"href":"https:\/\/www.infokuryr.cz\/n\/wp-json\/wp\/v2\/users\/2"}],"replies":[{"embeddable":true,"href":"https:\/\/www.infokuryr.cz\/n\/wp-json\/wp\/v2\/comments?post=82389"}],"version-history":[{"count":1,"href":"https:\/\/www.infokuryr.cz\/n\/wp-json\/wp\/v2\/posts\/82389\/revisions"}],"predecessor-version":[{"id":82391,"href":"https:\/\/www.infokuryr.cz\/n\/wp-json\/wp\/v2\/posts\/82389\/revisions\/82391"}],"wp:featuredmedia":[{"embeddable":true,"href":"https:\/\/www.infokuryr.cz\/n\/wp-json\/wp\/v2\/media\/82390"}],"wp:attachment":[{"href":"https:\/\/www.infokuryr.cz\/n\/wp-json\/wp\/v2\/media?parent=82389"}],"wp:term":[{"taxonomy":"category","embeddable":true,"href":"https:\/\/www.infokuryr.cz\/n\/wp-json\/wp\/v2\/categories?post=82389"},{"taxonomy":"post_tag","embeddable":true,"href":"https:\/\/www.infokuryr.cz\/n\/wp-json\/wp\/v2\/tags?post=82389"}],"curies":[{"name":"wp","href":"https:\/\/api.w.org\/{rel}","templated":true}]}}