{"id":82380,"date":"2025-06-28T05:19:53","date_gmt":"2025-06-28T03:19:53","guid":{"rendered":"https:\/\/www.infokuryr.cz\/n\/?p=82380"},"modified":"2025-06-28T05:19:53","modified_gmt":"2025-06-28T03:19:53","slug":"zakazem-pruvodu-hrdosti-se-napeti-s-eu-pro-madarsko-jen-zvysi","status":"publish","type":"post","link":"https:\/\/www.infokuryr.cz\/n\/2025\/06\/28\/zakazem-pruvodu-hrdosti-se-napeti-s-eu-pro-madarsko-jen-zvysi\/","title":{"rendered":"Z\u00e1kazem pr\u016fvodu hrdosti se nap\u011bt\u00ed s EU pro Ma\u010farsko jen zv\u00fd\u0161\u00ed"},"content":{"rendered":"<div id=\"fb-root\"><\/div>\n<h3 class=\"s-tagline fw-tagline\"><span>M\u011blo by si Ma\u010farsko v\u00edce vyb\u00edrat sv\u00e9 bitvy, nebo pokra\u010dovat v tom, co pova\u017euje za spr\u00e1vn\u00e9? Tato ot\u00e1zka se t\u00fdk\u00e1 i nadch\u00e1zej\u00edc\u00edho pr\u016fvodu hrdosti<\/span><\/h3>\n<p><span>Ma\u010farsko m\u00e1 jako suver\u00e9nn\u00ed st\u00e1t pln\u00e9 pr\u00e1vo blokovat to, co pova\u017euje za \u0161kodliv\u00e9 pro d\u011bti. Z\u00e1kaz pr\u016fvodu hrdosti by se v\u0161ak pro ma\u010farskou vl\u00e1du mohl uk\u00e1zat jako probl\u00e9m, kter\u00fd za riziko nestoj\u00ed.<\/span><\/p>\n<p><span>Port\u00e1l Remix News \u010dasto zast\u00e1v\u00e1 n\u00e1zor, \u017ee ma\u010farsk\u00e1 vl\u00e1da d\u011bl\u00e1 spr\u00e1vn\u00e9 kroky v \u0159ad\u011b oblast\u00ed, v\u010detn\u011b snahy o m\u00edr na Ukrajin\u011b, a p\u0159edev\u0161\u00edm jej\u00edho principi\u00e1ln\u00edho postoje v letech 2015\/2016, kter\u00fd pomohl zastavit migra\u010dn\u00ed krizi. Orb\u00e1n v\u00fdrazn\u011b p\u0159edb\u011bhl svou dobu a l\u00edd\u0159i EU v cel\u00e9m bloku se k jeho pohledu na tuto problematiku st\u00e1le v\u00edce p\u0159ikl\u00e1n\u011bli \u2013 v mnoha p\u0159\u00edpadech z pouh\u00e9ho politick\u00e9ho p\u0159e\u017eit\u00ed, sp\u00ed\u0161e ne\u017e z principi\u00e1ln\u00edho p\u0159ehodnocen\u00ed jejich \u0161kodliv\u00e9 politiky otev\u0159en\u00fdch hranic.<\/span><\/p>\n<p><span>T\u00e9ma pr\u016fvodu hrdosti se m\u016f\u017ee mnoha Ma\u010far\u016fm l\u00edbit, ale Ma\u010farsko, i kdy\u017e se pova\u017euje za spr\u00e1vn\u00e9, si mus\u00ed v\u017edy vyb\u00edrat sv\u00e9 bitvy. Nap\u0159\u00edklad pr\u00e1v\u011b vetovalo vstup Ukrajiny do EU, co\u017e byl spr\u00e1vn\u00fd krok nejen pro Ma\u010farsko, ale pro celou Evropu. Ma\u010farsko nicm\u00e9n\u011b v mnoha ot\u00e1zk\u00e1ch vede v\u00e1lku na v\u00edce front\u00e1ch.<\/span><\/p>\n<p><span>D\u00e1 se tak\u00e9 \u0159\u00edci, a Viktor Orb\u00e1n to mnohokr\u00e1t \u0159ekl, \u017ee Ma\u010farsko je v Evropsk\u00e9 unii malou mocnost\u00ed, i kdy\u017e s\u00edly v\u00fdrazn\u011b p\u0159evy\u0161uj\u00ed jeho v\u00e1hu. Zam\u011b\u0159en\u00ed se na \u0159e\u0161en\u00ed migra\u010dn\u00ed krize, kter\u00e1 se uk\u00e1zala jako hrozba pro LGBT osoby kv\u016fli p\u0159\u00edlivu lid\u00ed z kultur, kter\u00e9 jsou v\u016f\u010di t\u00e9to komunit\u011b nep\u0159\u00e1telsk\u00e9, by m\u011blo b\u00fdt rovnocenn\u00e9 \u2013 spolu s ukon\u010den\u00edm v\u00e1lky na Ukrajin\u011b.<\/span><\/p>\n<p><span>Z\u00e1kon pro vl\u00e1du vytvo\u0159il pouze situaci, ve kter\u00e9 prohraj\u00ed v\u0161ichni. Bu\u010f vym\u00e1hat z\u00e1kon a tv\u00e1\u0159it se \u201eautorit\u00e1\u0159sky\u201c, nebo ustoupit a nechat pochod uskute\u010dnit se a vypadat slabo. Ma\u010farsko se p\u0159ipravuje na to, \u017ee pokud se bude Budape\u0161\u0165sk\u00fd pr\u016fvod hrdosti konat, jak se sna\u017e\u00ed starosta Budape\u0161ti, budou se odehr\u00e1vat o\u0161kliv\u00e9 sc\u00e9ny. Zablokuje policie pr\u016fvod? Prosad\u00ed se protestuj\u00edc\u00ed? Levice by r\u00e1da vid\u011bla n\u011bjakou konfrontaci. Nejlep\u0161\u00edm \u0159e\u0161en\u00edm by mohlo b\u00fdt jednodu\u0161e nechat pr\u016fvod pokra\u010dovat s t\u00edm, \u017ee byl uspo\u0159\u00e1d\u00e1n neleg\u00e1ln\u011b, a stejn\u011b se na to do t\u00fddne na obou stran\u00e1ch zapomene.<\/span><\/p>\n<p><span>Existuje v\u0161ak d\u016fvod, pro\u010d m\u00e1 vl\u00e1da s pr\u016fvodem probl\u00e9m, a EU by m\u011bla tyto obavy vl\u00e1dy uznat. Pr\u016fvody hrdosti se v posledn\u00edch 10 a\u017e 20 letech staly pod\u00edvanou s velmi znepokojiv\u00fdmi a p\u0159ehnan\u011b sexualizovan\u00fdmi projevy. V mnoha p\u0159\u00edpadech\u00a0<\/span><a href=\"https:\/\/twitter.com\/9mm_smg\/status\/1807164539722506693\"><span>skute\u010dn\u00ed naz\u00ed mu\u017ei i \u017eeny kr\u00e1\u010deli p\u0159\u00edmo p\u0159ed d\u011btmi<\/span><\/a><span>\u00a0. Toto chov\u00e1n\u00ed se na \u017e\u00e1dn\u00e9m jin\u00e9m pr\u016fvodu obvykle nevid\u00ed, tak pro\u010d zrovna tento? Krom\u011b toho se objevuj\u00ed\u00a0<\/span><a href=\"https:\/\/x.com\/Christy4Change\/status\/1929171612051403245\"><span>lid\u00e9 oble\u010den\u00ed v BDSM oble\u010den\u00ed pro bondage<\/span><\/a><span>\u00a0a dal\u0161\u00ed extr\u00e9mn\u011b sexualizovan\u00e9 projevy byly prezentov\u00e1ny jako \u201ezcela norm\u00e1ln\u00ed\u201c. Nejde o v\u00fdjimky, ale o rutinn\u00ed projevy na mnoha pr\u016fvodech hrdosti. LGBT komunita by m\u011bla tyto druhy sexualizovan\u00fdch projev\u016f sama kontrolovat, proto\u017ee to jen odcizuje lidi, kte\u0159\u00ed tyto obrazy vid\u00ed. I v samotn\u00e9 Budape\u0161ti do\u0161lo v minulosti k n\u011bkter\u00fdm sporn\u00fdm projev\u016fm.<\/span><\/p>\n<p><span>Orb\u00e1n by m\u011bl zak\u00e1zat ve\u0161ker\u00e9 otev\u0159en\u011b sexu\u00e1ln\u00ed chov\u00e1n\u00ed na pr\u016fvodu, proto\u017ee to je v naprost\u00e9m souladu s ve\u0159ejn\u00fdmi na\u0159\u00edzen\u00edmi platn\u00fdmi v cel\u00e9 Evrop\u011b. Lid\u00e9 se nemohou proch\u00e1zet naz\u00ed po ulic\u00edch v\u011bt\u0161iny evropsk\u00fdch hlavn\u00edch m\u011bst, stejn\u011b jako nemohou p\u0159istupovat k d\u011btem na h\u0159i\u0161ti a ukazovat se naz\u00ed. Stejn\u00e1 pravidla by m\u011bla platit i v Budape\u0161ti. Orb\u00e1nova vl\u00e1da by mohla prohl\u00e1sit, \u017ee takov\u00e9 projevy nebudou tolerov\u00e1ny, a z\u00e1rove\u0148 by jinak mohla pr\u016fvod pokra\u010dovat.<\/span><\/p>\n<p><span>Orb\u00e1n se \u010dasto projevoval jako nekonven\u010dn\u00ed politik a dokonce i levice ho respektuje z \u010dist\u011b politick\u00e9ho hlediska. V tuzemsku z\u016fst\u00e1v\u00e1 nejobl\u00edben\u011bj\u0161\u00edm vl\u00e1dnouc\u00edm politikem v Evrop\u011b a nejd\u00e9le slou\u017e\u00edc\u00edm sou\u010dasn\u00fdm premi\u00e9rem. Jeho politick\u00e9 instinkty mu dob\u0159e slou\u017eily a velk\u00e1 \u010d\u00e1st rozhodovac\u00edho procesu, kter\u00fd \u0159\u00edd\u00ed jeho stranu Fidesz, je zalo\u017eena na ne\u00fanavn\u00fdch pr\u016fzkumech, jejich\u017e c\u00edlem je zjistit, co ma\u010farsk\u00fd lid chce. A\u010dkoli evropsk\u00e1 elita k\u0159i\u010d\u00ed na nedostatek demokracie v Ma\u010farsku, Orb\u00e1n je populista, co\u017e znamen\u00e1, \u017ee se obecn\u011b \u0159\u00edd\u00ed t\u00edm, co chce jeho lid, t\u00e9m\u011b\u0159 ve v\u0161ech nejd\u016fle\u017eit\u011bj\u0161\u00edch ot\u00e1zk\u00e1ch. To je pravd\u011bpodobn\u011b hlavn\u00ed d\u016fvod, pro\u010d ho evrop\u0161t\u00ed politici tak nen\u00e1vid\u00ed, zat\u00edmco v mnoha nejd\u016fle\u017eit\u011bj\u0161\u00edch ot\u00e1zk\u00e1ch, v\u010detn\u011b imigrace, d\u011blaj\u00ed prav\u00fd opak.<\/span><\/p>\n<p><span>Evropa by m\u011bla do jist\u00e9 m\u00edry vyj\u00edt vst\u0159\u00edc i Ma\u010farsku. Je t\u0159eba si uv\u011bdomit, \u017ee na v\u00fdchod\u011b Evropy ne ka\u017ed\u00fd toleruje ur\u010dit\u00fd druh LGBT komunity, zejm\u00e9na v podob\u011b kost\u00fdm\u016f BDSM z Pride Parade. Ani na z\u00e1pad\u011b Evropy nejsou takov\u00e9 projevy v\u00edt\u00e1ny. Nen\u00ed to tak d\u00e1vno, co byl Z\u00e1pad v t\u011bchto ot\u00e1zk\u00e1ch tak\u00e9 konzervativn\u00ed.<\/span><\/p>\n<p><span>Je tak\u00e9 d\u016fle\u017eit\u00e9 poznamenat, \u017ee Fidesz nen\u00ed jedinou vl\u00e1dnouc\u00ed stranou v Ma\u010farsku, ale m\u00e1 i men\u0161\u00edho partnera, K\u0159es\u0165anskodemokratickou lidovou stranu (KDNP). Pro tuto stranu m\u016f\u017ee b\u00fdt ot\u00e1zka pr\u016fvodu hrdosti je\u0161t\u011b relevantn\u011bj\u0161\u00ed pro jej\u00ed voli\u010dskou z\u00e1kladnu.<\/span><\/p>\n<p><span>LGBT lid\u00e9 v Ma\u010farsku v kone\u010dn\u00e9m d\u016fsledku \u017eij\u00ed t\u00e9m\u011b\u0159 univerz\u00e1ln\u011b v m\u00edru. Existuje zde LGBT no\u010dn\u00ed \u017eivot a kultura a LGBT lid\u00e9 se v Ma\u010farsku mohou proch\u00e1zet ulicemi mnohem voln\u011bji ne\u017e v mnoha \u010dtvrt\u00edch v nej\u201eprogresivn\u011bj\u0161\u00edch\u201c liber\u00e1ln\u00edch hlavn\u00edch m\u011bstech.<\/span><\/p>\n<p><span>A\u010dkoli je to st\u00e1le sporn\u00fdm bodem mezi evropskou pravic\u00ed, mnoho lid\u00ed v z\u00e1padn\u00ed pravici pova\u017euje pravicovou politiku, jako je omezen\u00ed imigrace, za z\u00e1branu, kter\u00e1 bude otev\u0159en\u011b chr\u00e1nit gaye a lesby v evropsk\u00fdch zem\u00edch. Alice Weidelov\u00e1, lesbick\u00e1 spolup\u0159edsedkyn\u011b AfD, se kterou m\u00e1 Orb\u00e1n v\u0159el\u00fd vztah, je toho p\u0159\u00edkladem. Nem\u016f\u017eeme \u0159\u00edci, zda je postoj Weidelov\u00e9 k tomu, co pova\u017euje za \u201eideologii LGBT\u201c, n\u00e1zorem \u201etich\u00e9 v\u011bt\u0161iny\u201c v LGBT komunit\u011b, ale rozhodn\u011b reprezentuje zna\u010dn\u00e9 mno\u017estv\u00ed lid\u00ed.<\/span><\/p>\n<p><span>S\u00e1m Orb\u00e1n si mo\u017en\u00e1 mysl\u00ed, \u017ee jako\u017eto v\u016fdce Ma\u010farska u\u017e na politick\u00fdch n\u00e1zorech v\u0161ech novin a politik\u016f, kte\u0159\u00ed se proti n\u011bmu stejn\u011b postavili, nez\u00e1le\u017e\u00ed. Nyn\u00ed jde kup\u0159edu a jen \u010das uk\u00e1\u017ee, zda se mu op\u011bt uk\u00e1\u017ee, \u017ee m\u011bl pravdu. Nap\u011bt\u00ed mezi Ma\u010farskem a Bruselem se v\u0161ak zd\u00e1 b\u00fdt pouze v jednom sm\u011bru \u2013 sm\u011brem k prohlouben\u00ed konfliktu \u2013 pokud nedojde k z\u00e1sadn\u00ed zm\u011bn\u011b moci na vrcholu.<\/span><\/p>\n<p><span>Na postupn\u00e9 zru\u0161en\u00ed z\u00e1kazu Pride je letos p\u0159\u00edli\u0161 pozd\u011b, ale p\u0159\u00ed\u0161t\u00ed rok nab\u00edz\u00ed novou p\u0159\u00edle\u017eitost.<\/span><\/p>\n<p><img decoding=\"async\" loading=\"lazy\" class=\"alignnone size-full wp-image-1185\" src=\"http:\/\/www.infokuryr.cz\/n\/wp-content\/uploads\/2021\/04\/kuryr-podpis.png\" alt=\"\" width=\"84\" height=\"24\" \/><\/p>\n<p>&nbsp;<\/p>\n","protected":false},"excerpt":{"rendered":"<p>M\u011blo by si Ma\u010farsko v\u00edce vyb\u00edrat sv\u00e9 bitvy, nebo pokra\u010dovat v tom, co pova\u017euje za&#8230;<\/p>\n","protected":false},"author":2,"featured_media":82381,"comment_status":"closed","ping_status":"closed","sticky":false,"template":"","format":"standard","meta":[],"categories":[7],"tags":[41,5603,4617,78],"_links":{"self":[{"href":"https:\/\/www.infokuryr.cz\/n\/wp-json\/wp\/v2\/posts\/82380"}],"collection":[{"href":"https:\/\/www.infokuryr.cz\/n\/wp-json\/wp\/v2\/posts"}],"about":[{"href":"https:\/\/www.infokuryr.cz\/n\/wp-json\/wp\/v2\/types\/post"}],"author":[{"embeddable":true,"href":"https:\/\/www.infokuryr.cz\/n\/wp-json\/wp\/v2\/users\/2"}],"replies":[{"embeddable":true,"href":"https:\/\/www.infokuryr.cz\/n\/wp-json\/wp\/v2\/comments?post=82380"}],"version-history":[{"count":0,"href":"https:\/\/www.infokuryr.cz\/n\/wp-json\/wp\/v2\/posts\/82380\/revisions"}],"wp:featuredmedia":[{"embeddable":true,"href":"https:\/\/www.infokuryr.cz\/n\/wp-json\/wp\/v2\/media\/82381"}],"wp:attachment":[{"href":"https:\/\/www.infokuryr.cz\/n\/wp-json\/wp\/v2\/media?parent=82380"}],"wp:term":[{"taxonomy":"category","embeddable":true,"href":"https:\/\/www.infokuryr.cz\/n\/wp-json\/wp\/v2\/categories?post=82380"},{"taxonomy":"post_tag","embeddable":true,"href":"https:\/\/www.infokuryr.cz\/n\/wp-json\/wp\/v2\/tags?post=82380"}],"curies":[{"name":"wp","href":"https:\/\/api.w.org\/{rel}","templated":true}]}}